{"id":82638,"date":"2018-11-28T23:51:29","date_gmt":"2018-11-28T20:51:29","guid":{"rendered":"https:\/\/www.enerjigazetesi.ist\/?p=82638"},"modified":"2018-11-28T23:51:29","modified_gmt":"2018-11-28T20:51:29","slug":"trump-hukumetinin-iklim-degisikligi-raporuna-inanmiyor","status":"publish","type":"post","link":"https:\/\/www.enerjigazetesi.ist\/en\/trump-hukumetinin-iklim-degisikligi-raporuna-inanmiyor\/","title":{"rendered":"(Turkish) Trump, H\u00fck\u00fcmetinin \u0130klim De\u011fi\u015fikli\u011fi Raporuna \u0130nanm\u0131yor!"},"content":{"rendered":"<p class=\"qtranxs-available-languages-message qtranxs-available-languages-message-en\">Sorry, this entry is only available in <a href=\"https:\/\/www.enerjigazetesi.ist\/tr\/wp-json\/wp\/v2\/posts\/82638\" class=\"qtranxs-available-language-link qtranxs-available-language-link-tr\" title=\"Turkish\">Turkish<\/a>. For the sake of viewer convenience, the content is shown below in the alternative language. You may click the link to switch the active language.<\/p><p><strong>ABD Ba\u015fkan\u0131 Donald Trump, kendi h\u00fck\u00fcmeti taraf\u0131ndan haz\u0131rlanan iklim de\u011fi\u015fikli\u011finin \u00fclke ekonomisine ciddi zararlar\u0131 olaca\u011f\u0131na dair raporu inand\u0131r\u0131c\u0131 bulmad\u0131. Trump, bir k\u0131sm\u0131n\u0131 okudu\u011funu s\u00f6yledi\u011fi rapora \u201cinanm\u0131yorum\u201d dedi.<\/strong><\/p>\n<p>ABD\u2019de Kongre\u2019ye ba\u011fl\u0131 olarak \u00e7al\u0131\u015fan ABD K\u00fcresel De\u011fi\u015fim Ara\u015ft\u0131rma Program\u0131 taraf\u0131ndan \u0130klim Bilimi De\u011ferlendirme\u00a0Raporu\u00a0ge\u00e7ti\u011fimiz cuma g\u00fcn\u00fc yay\u0131mland\u0131. Raporda iklim de\u011fi\u015fikli\u011finin \u00fclkede yaratt\u0131\u011f\u0131 <img loading=\"lazy\" class=\"alignleft size-medium wp-image-82640\" src=\"https:\/\/www.enerjigazetesi.ist\/wp-content\/uploads\/2018\/11\/trump-hukumetinin-iklim-degisikligi-raporuna-inanmiyor-300x166.jpg\" alt=\"\" width=\"300\" height=\"166\" srcset=\"https:\/\/www.enerjigazetesi.ist\/wp-content\/uploads\/2018\/11\/trump-hukumetinin-iklim-degisikligi-raporuna-inanmiyor-300x166.jpg 300w, https:\/\/www.enerjigazetesi.ist\/wp-content\/uploads\/2018\/11\/trump-hukumetinin-iklim-degisikligi-raporuna-inanmiyor-500x277.jpg 500w, https:\/\/www.enerjigazetesi.ist\/wp-content\/uploads\/2018\/11\/trump-hukumetinin-iklim-degisikligi-raporuna-inanmiyor-80x44.jpg 80w, https:\/\/www.enerjigazetesi.ist\/wp-content\/uploads\/2018\/11\/trump-hukumetinin-iklim-degisikligi-raporuna-inanmiyor.jpg 593w\" sizes=\"(max-width: 300px) 100vw, 300px\" \/>hasar\u0131n toplumun her kesimi taraf\u0131ndan hissedilece\u011fine dikkat \u00e7ekiliyor.<\/p>\n<p>Euronews\u2019in haberine g\u00f6re iklim de\u011fi\u015fikli\u011finin toplumun ya\u015fam kalitesiyle refah seviyesini olumsuz etkileyece\u011finin alt\u0131 \u00e7izilen rapora ABD Ba\u015fkan\u0131 Trump \u201cinanm\u0131yor\u201d.<\/p>\n<p>Beyaz Saray\u2019da gazetecilerin sorular\u0131n\u0131 yan\u0131tlayan Trump, s\u00f6z konusu raporun \u201cbir k\u0131sm\u0131n\u0131 okudu\u011funu\u201d s\u00f6yledi.<\/p>\n<p>Raporda k\u00fcresel \u0131s\u0131nman\u0131n \u00fclke ekonomisine ciddi zaralar verece\u011fi tespitinin bulundu\u011funun hat\u0131rlat\u0131lmas\u0131 \u00fczerine Trump, \u201cHay\u0131r, hay\u0131r, buna inanm\u0131yorum. \u00c7in, Japonya ve t\u00fcm Asya ve di\u011fer \u00fclkelerin de olmas\u0131 gerekiyor, ama biliyorsunuz bu rapor bizim \u00fclkemizle ilgili. \u015eu anda, \u015fimdiye kadarki en temiz halimizdeyiz ve bu benim i\u00e7in \u00e7ok \u00f6nemli. Fakat biz temizsek ve d\u00fcnyadaki di\u011fer her yer kirliyse, bu pek iyi de\u011fil. Dolay\u0131s\u0131yla ben temiz hava istiyorum, temiz su istiyorum, \u00e7ok \u00f6nemli\u201d diye konu\u015ftu.<\/p>\n<p>Beyaz Saray S\u00f6zc\u00fcs\u00fc LindsayWalters da, ABD\u2019deki bir\u00e7ok kurum ve dairenin katk\u0131lar\u0131yla haz\u0131rlanan metnin hatal\u0131 oldu\u011funu ve \u201cdaha ziyade \u00e7ok u\u00e7 senaryolara dayand\u0131\u011f\u0131n\u0131\u201d iddia etmi\u015fti.<\/p>\n<p>ABD enerji t\u00fcketiminin en az %80\u2019ini 100 y\u0131l\u0131 a\u015fk\u0131n s\u00fcredir petrol, do\u011falgaz ve k\u00f6m\u00fcr gibi fosil yak\u0131tlar olu\u015fturuyor.<\/p>\n<p>\u00dclkede yenilebilir enerjiye do\u011fru bir y\u00f6nelim olsa da Trump y\u00f6netimi fosil yak\u0131tlardan yana bir politika g\u00fcd\u00fcyor. Bilim insanlar\u0131n\u0131n aksine Trump, artan s\u0131cakl\u0131klardan insanlar\u0131n sorumlu oldu\u011funa inanm\u0131yor.<\/p>\n<p>Trump, ge\u00e7en y\u0131l ABD\u2019yi Paris Anla\u015fmas\u0131\u2019ndan \u00e7ekme\u00a0karar\u0131 alm\u0131\u015ft\u0131.\u00a0Amerikal\u0131 i\u015fletmelerin aleyhine olmayan yeni bir anla\u015fma yap\u0131lmas\u0131n\u0131 isteyen Trump, \u201cadil\u201d bir anla\u015fmadan yana oldu\u011funu kaydetmi\u015fti.<\/p>\n<p>ABD Ba\u015fkan\u0131 Donald Trump, 2016 y\u0131l\u0131nda ba\u015fkanl\u0131k se\u00e7im kampanyas\u0131n\u0131 y\u00fcr\u00fct\u00fcrken de iklim de\u011fi\u015fikli\u011finin \u201caldatmaca\u201d oldu\u011funu iddia etmi\u015fti.<\/p>\n<p>Hatice K\u00fcbra G\u00fcney \u2013 Elektrik Elektronik M\u00fchendisli\u011fi \u2013 kubra.guney@enerjigazetesi.ist<\/p>","protected":false},"excerpt":{"rendered":"<p>Sorry, this entry is only available in Turkish. For the sake of viewer convenience, the content is shown below in the alternative language. You may click the link to switch the active language.ABD Ba\u015fkan\u0131 Donald Trump, kendi h\u00fck\u00fcmeti taraf\u0131ndan haz\u0131rlanan iklim de\u011fi\u015fikli\u011finin \u00fclke ekonomisine ciddi zararlar\u0131 olaca\u011f\u0131na dair raporu inand\u0131r\u0131c\u0131 bulmad\u0131. Trump, bir k\u0131sm\u0131n\u0131 okudu\u011funu [&hellip;]<\/p>\n","protected":false},"author":1,"featured_media":82640,"comment_status":"open","ping_status":"open","sticky":false,"template":"","format":"standard","meta":[],"categories":[53,52],"tags":[1198,41794,32124,67,1009,41795,1999,27427],"views":679,"_links":{"self":[{"href":"https:\/\/www.enerjigazetesi.ist\/en\/wp-json\/wp\/v2\/posts\/82638"}],"collection":[{"href":"https:\/\/www.enerjigazetesi.ist\/en\/wp-json\/wp\/v2\/posts"}],"about":[{"href":"https:\/\/www.enerjigazetesi.ist\/en\/wp-json\/wp\/v2\/types\/post"}],"author":[{"embeddable":true,"href":"https:\/\/www.enerjigazetesi.ist\/en\/wp-json\/wp\/v2\/users\/1"}],"replies":[{"embeddable":true,"href":"https:\/\/www.enerjigazetesi.ist\/en\/wp-json\/wp\/v2\/comments?post=82638"}],"version-history":[{"count":1,"href":"https:\/\/www.enerjigazetesi.ist\/en\/wp-json\/wp\/v2\/posts\/82638\/revisions"}],"predecessor-version":[{"id":82641,"href":"https:\/\/www.enerjigazetesi.ist\/en\/wp-json\/wp\/v2\/posts\/82638\/revisions\/82641"}],"wp:featuredmedia":[{"embeddable":true,"href":"https:\/\/www.enerjigazetesi.ist\/en\/wp-json\/wp\/v2\/media\/82640"}],"wp:attachment":[{"href":"https:\/\/www.enerjigazetesi.ist\/en\/wp-json\/wp\/v2\/media?parent=82638"}],"wp:term":[{"taxonomy":"category","embeddable":true,"href":"https:\/\/www.enerjigazetesi.ist\/en\/wp-json\/wp\/v2\/categories?post=82638"},{"taxonomy":"post_tag","embeddable":true,"href":"https:\/\/www.enerjigazetesi.ist\/en\/wp-json\/wp\/v2\/tags?post=82638"}],"curies":[{"name":"wp","href":"https:\/\/api.w.org\/{rel}","templated":true}]}}