{"id":8263,"date":"2013-03-14T10:26:31","date_gmt":"2013-03-14T07:26:31","guid":{"rendered":"https:\/\/www.enerjigazetesi.ist\/?p=8263"},"modified":"2013-03-14T12:09:06","modified_gmt":"2013-03-14T09:09:06","slug":"avrupa-komisyonu-2030-yesil-enerji-hedeflerini-acikladi","status":"publish","type":"post","link":"https:\/\/www.enerjigazetesi.ist\/en\/avrupa-komisyonu-2030-yesil-enerji-hedeflerini-acikladi\/","title":{"rendered":"(Turkish) Avrupa Komisyonu, 2030 Ye\u015fil Enerji Hedeflerini A\u00e7\u0131klad\u0131"},"content":{"rendered":"<p class=\"qtranxs-available-languages-message qtranxs-available-languages-message-en\">Sorry, this entry is only available in <a href=\"https:\/\/www.enerjigazetesi.ist\/tr\/wp-json\/wp\/v2\/posts\/8263\" class=\"qtranxs-available-language-link qtranxs-available-language-link-tr\" title=\"Turkish\">Turkish<\/a>. For the sake of viewer convenience, the content is shown below in the alternative language. You may click the link to switch the active language.<\/p><p><strong>Avrupa Komisyonu\u2019nun 2030 y\u0131l\u0131na kadar sera gaz\u0131 sal\u0131n\u0131m\u0131 ve yenilenebilir enerji konusunda yeni hedefler ortaya koyan \u00e7al\u0131\u015fmas\u0131n\u0131n tasla\u011f\u0131 a\u00e7\u0131kland\u0131. <!--more--><img loading=\"lazy\" class=\"alignleft size-medium wp-image-8284\" title=\"avrupa-komisyonu-yesil-enerji-hedefleri\" src=\"https:\/\/www.enerjigazetesi.ist\/wp-content\/uploads\/2013\/03\/avrupa-komisyonu-yesil-enerji-hedefleri-300x189.jpg\" alt=\"\" width=\"300\" height=\"189\" srcset=\"https:\/\/www.enerjigazetesi.ist\/wp-content\/uploads\/2013\/03\/avrupa-komisyonu-yesil-enerji-hedefleri-300x189.jpg 300w, https:\/\/www.enerjigazetesi.ist\/wp-content\/uploads\/2013\/03\/avrupa-komisyonu-yesil-enerji-hedefleri-80x50.jpg 80w, https:\/\/www.enerjigazetesi.ist\/wp-content\/uploads\/2013\/03\/avrupa-komisyonu-yesil-enerji-hedefleri.jpg 392w\" sizes=\"(max-width: 300px) 100vw, 300px\" \/>Tasla\u011fa g\u00f6re, Avrupa Birli\u011fi i\u00e7inde sera gaz\u0131 sal\u0131m\u0131n\u0131n y\u00fczde 40 azalt\u0131lmas\u0131 ve enerji \u00fcretiminde yenilenebilir enerji pay\u0131n\u0131n da y\u00fczde 30\u2032a \u00e7\u0131kar\u0131lmas\u0131 hedefleniyor.<\/strong><\/p>\n<p>\u00c7al\u0131\u015fma, 2030 y\u0131l\u0131 enerji politikalar\u0131n\u0131 tart\u0131\u015fmaya a\u00e7acak. Daha \u00f6nceki hedef 2020 y\u0131l\u0131na kadar sera gazlar\u0131n\u0131n 1990 d\u00fczeylerinden y\u00fczde 20 d\u00fc\u015f\u00fcr\u00fclmesini ve karma enerji \u00fcretimindeki yenilenebilir enerji pay\u0131n\u0131n y\u00fczde 20\u2032ye \u00e7\u0131kar\u0131lmas\u0131n\u0131 \u00f6ng\u00f6r\u00fcyor. Bunun yan\u0131 s\u0131ra enerji etkinli\u011finin de y\u00fczde 20 oran\u0131nda art\u0131r\u0131lmas\u0131 hedefleniyor.<\/p>\n<p>Kaynak: <a href=\"http:\/\/enerjienstitusu.com\/2013\/03\/14\/ab-2030a-kadar-sera-gazinin-yuzde-40-azaltilmasini-hedefliyor\/\" target=\"_blank\">Enerji Enstit\u00fcs\u00fc<\/a><\/p>","protected":false},"excerpt":{"rendered":"<p>Sorry, this entry is only available in Turkish. For the sake of viewer convenience, the content is shown below in the alternative language. You may click the link to switch the active language.Avrupa Komisyonu\u2019nun 2030 y\u0131l\u0131na kadar sera gaz\u0131 sal\u0131n\u0131m\u0131 ve yenilenebilir enerji konusunda yeni hedefler ortaya koyan \u00e7al\u0131\u015fmas\u0131n\u0131n tasla\u011f\u0131 a\u00e7\u0131kland\u0131.<\/p>\n","protected":false},"author":1,"featured_media":8284,"comment_status":"open","ping_status":"open","sticky":false,"template":"","format":"standard","meta":[],"categories":[53,52],"tags":[3452,67,477,18,925,105],"views":745,"_links":{"self":[{"href":"https:\/\/www.enerjigazetesi.ist\/en\/wp-json\/wp\/v2\/posts\/8263"}],"collection":[{"href":"https:\/\/www.enerjigazetesi.ist\/en\/wp-json\/wp\/v2\/posts"}],"about":[{"href":"https:\/\/www.enerjigazetesi.ist\/en\/wp-json\/wp\/v2\/types\/post"}],"author":[{"embeddable":true,"href":"https:\/\/www.enerjigazetesi.ist\/en\/wp-json\/wp\/v2\/users\/1"}],"replies":[{"embeddable":true,"href":"https:\/\/www.enerjigazetesi.ist\/en\/wp-json\/wp\/v2\/comments?post=8263"}],"version-history":[{"count":3,"href":"https:\/\/www.enerjigazetesi.ist\/en\/wp-json\/wp\/v2\/posts\/8263\/revisions"}],"predecessor-version":[{"id":8285,"href":"https:\/\/www.enerjigazetesi.ist\/en\/wp-json\/wp\/v2\/posts\/8263\/revisions\/8285"}],"wp:featuredmedia":[{"embeddable":true,"href":"https:\/\/www.enerjigazetesi.ist\/en\/wp-json\/wp\/v2\/media\/8284"}],"wp:attachment":[{"href":"https:\/\/www.enerjigazetesi.ist\/en\/wp-json\/wp\/v2\/media?parent=8263"}],"wp:term":[{"taxonomy":"category","embeddable":true,"href":"https:\/\/www.enerjigazetesi.ist\/en\/wp-json\/wp\/v2\/categories?post=8263"},{"taxonomy":"post_tag","embeddable":true,"href":"https:\/\/www.enerjigazetesi.ist\/en\/wp-json\/wp\/v2\/tags?post=8263"}],"curies":[{"name":"wp","href":"https:\/\/api.w.org\/{rel}","templated":true}]}}