{"id":82563,"date":"2018-11-27T13:37:28","date_gmt":"2018-11-27T10:37:28","guid":{"rendered":"https:\/\/www.enerjigazetesi.ist\/?p=82563"},"modified":"2018-11-27T13:38:19","modified_gmt":"2018-11-27T10:38:19","slug":"aksa-jenerator-a-tech-fuari-nda-yer-aldi","status":"publish","type":"post","link":"https:\/\/www.enerjigazetesi.ist\/en\/aksa-jenerator-a-tech-fuari-nda-yer-aldi\/","title":{"rendered":"(Turkish) AKSA Jenerat\u00f6r A-TECH Fuar\u0131\u2019nda Yer Ald\u0131"},"content":{"rendered":"<p class=\"qtranxs-available-languages-message qtranxs-available-languages-message-en\">Sorry, this entry is only available in <a href=\"https:\/\/www.enerjigazetesi.ist\/tr\/wp-json\/wp\/v2\/posts\/82563\" class=\"qtranxs-available-language-link qtranxs-available-language-link-tr\" title=\"Turkish\">Turkish<\/a>. For the sake of viewer convenience, the content is shown below in the alternative language. You may click the link to switch the active language.<\/p><p><strong>Sekt\u00f6r\u00fcn lider markas\u0131 AKSA Jenerat\u00f6r, 22 &#8211; 25 Kas\u0131m 2018 tarihleri aras\u0131nda Ankara\u2019da d\u00fczenlenen Ak\u0131ll\u0131 Bina Teknolojileri ve Elektrik sekt\u00f6r\u00fcn\u00fcn \u00fcretici, da\u011f\u0131t\u0131c\u0131 ve kullan\u0131c\u0131lar\u0131n\u0131 bir araya getiren A-TECH Fuar\u0131\u2019nda yer ald\u0131.<\/strong><\/p>\n<p>T\u00fcrkiye jenerat\u00f6r sekt\u00f6r\u00fcn\u00fcn lider markas\u0131 Aksa, 22 \u2013 25 Kas\u0131m 2018 tarihleri aras\u0131nda Ankara <img loading=\"lazy\" class=\"alignright size-medium wp-image-82564\" src=\"https:\/\/www.enerjigazetesi.ist\/wp-content\/uploads\/2018\/11\/aksa-jenerator-a-tech-fuarina-katilim-gosterdi-300x169.jpg\" alt=\"\" width=\"300\" height=\"169\" srcset=\"https:\/\/www.enerjigazetesi.ist\/wp-content\/uploads\/2018\/11\/aksa-jenerator-a-tech-fuarina-katilim-gosterdi-300x169.jpg 300w, https:\/\/www.enerjigazetesi.ist\/wp-content\/uploads\/2018\/11\/aksa-jenerator-a-tech-fuarina-katilim-gosterdi-768x432.jpg 768w, https:\/\/www.enerjigazetesi.ist\/wp-content\/uploads\/2018\/11\/aksa-jenerator-a-tech-fuarina-katilim-gosterdi-500x281.jpg 500w, https:\/\/www.enerjigazetesi.ist\/wp-content\/uploads\/2018\/11\/aksa-jenerator-a-tech-fuarina-katilim-gosterdi-80x45.jpg 80w, https:\/\/www.enerjigazetesi.ist\/wp-content\/uploads\/2018\/11\/aksa-jenerator-a-tech-fuarina-katilim-gosterdi.jpg 868w\" sizes=\"(max-width: 300px) 100vw, 300px\" \/>Congresium Fuar Merkezi&#8217;nde d\u00fczenlenen Ak\u0131ll\u0131 Bina Teknolojileri ve Elektrik sekt\u00f6r\u00fcn\u00fcn \u00f6nde gelen firmalar\u0131n\u0131 bir araya getiren A-TECH Fuar\u0131\u2019na kat\u0131ld\u0131. Bu y\u0131l 2\u2019ncisi d\u00fczenlenen Ak\u0131ll\u0131 Bina Teknolojileri ve Elektrik Sistemleri Fuar\u0131 A-TECH Fuar\u0131 &#8216;Kamu ve \u00f6zel sekt\u00f6r\u00fc bulu\u015fturan fuar&#8217; olmas\u0131yla b\u00fcy\u00fck \u00f6nem ta\u015f\u0131yor. Ak\u0131ll\u0131 Bina Teknolojileri ve Elektrik sekt\u00f6r\u00fcn\u00fcn \u00f6nde gelen firmalar\u0131n\u0131n kat\u0131ld\u0131\u011f\u0131 bu fuarda Aksa Jenerat\u00f6r, teknolojik \u00fcr\u00fcnlerini sekt\u00f6r oyuncular\u0131na tan\u0131tt\u0131. Yakla\u015f\u0131k 100 firman\u0131n stantlar\u0131n\u0131n yer ald\u0131\u011f\u0131 ve 5 binden fazla ziyaret\u00e7inin kat\u0131l\u0131m g\u00f6sterdi\u011fi bu etkinlik, T\u00fcrkiye\u2019nin en \u00f6nemli fuarlar\u0131ndan biri olma yolunda ilerliyor.<\/p>\n<p>Elektrik sekt\u00f6r\u00fcnde ya\u015fanan geli\u015fmeleri en yak\u0131ndan takip edip yeni \u00fcr\u00fcnler ve uygulamalar\u0131 yerinde g\u00f6rebilmenin \u00f6nemine de\u011finen <strong>AKSA Jenerat\u00f6r CEO\u2019su Alper Peker<em>,<\/em><\/strong><em> \u201cHer alanda oldu\u011fu gibi Ak\u0131ll\u0131 Bina Teknolojileri ve Elektrik sekt\u00f6r\u00fcnde de hayat\u0131n kesintisiz devam etmesi i\u00e7in teknolojik \u00fcr\u00fcn ve hizmetlerimizi A-TECH Fuar\u0131\u2019nda sekt\u00f6r profesyonelleriyle bulu\u015fturduk. Fuarda tan\u0131t\u0131m\u0131n\u0131 yapt\u0131\u011f\u0131m\u0131z t\u00fcm \u00fcr\u00fcnlerimiz b\u00fcy\u00fck ilgi g\u00f6rd\u00fc. Aksa Jenerat\u00f6r olarak b\u00fct\u00fcn sekt\u00f6rlere yak\u0131n temas halinde olmaya \u00f6zen g\u00f6steriyoruz. Her sekt\u00f6r\u00fcn jenerat\u00f6re elbet ihtiya\u00e7 duyaca\u011f\u0131n\u0131 biliyoruz. Bu sebeple farkl\u0131 sekt\u00f6r ve pazarlarda potansiyel m\u00fc\u015fterilerimiz ve sekt\u00f6r temsilcileriyle bir araya gelmeye devam edece\u011fiz\u201d<\/em> dedi.<\/p>","protected":false},"excerpt":{"rendered":"<p>Sorry, this entry is only available in Turkish. For the sake of viewer convenience, the content is shown below in the alternative language. You may click the link to switch the active language.Sekt\u00f6r\u00fcn lider markas\u0131 AKSA Jenerat\u00f6r, 22 &#8211; 25 Kas\u0131m 2018 tarihleri aras\u0131nda Ankara\u2019da d\u00fczenlenen Ak\u0131ll\u0131 Bina Teknolojileri ve Elektrik sekt\u00f6r\u00fcn\u00fcn \u00fcretici, da\u011f\u0131t\u0131c\u0131 ve [&hellip;]<\/p>\n","protected":false},"author":1,"featured_media":82564,"comment_status":"open","ping_status":"open","sticky":false,"template":"","format":"standard","meta":[],"categories":[51,53],"tags":[41742,41741,12982,28913,34979,19638,34980,26353,67,1009,41740],"views":986,"_links":{"self":[{"href":"https:\/\/www.enerjigazetesi.ist\/en\/wp-json\/wp\/v2\/posts\/82563"}],"collection":[{"href":"https:\/\/www.enerjigazetesi.ist\/en\/wp-json\/wp\/v2\/posts"}],"about":[{"href":"https:\/\/www.enerjigazetesi.ist\/en\/wp-json\/wp\/v2\/types\/post"}],"author":[{"embeddable":true,"href":"https:\/\/www.enerjigazetesi.ist\/en\/wp-json\/wp\/v2\/users\/1"}],"replies":[{"embeddable":true,"href":"https:\/\/www.enerjigazetesi.ist\/en\/wp-json\/wp\/v2\/comments?post=82563"}],"version-history":[{"count":2,"href":"https:\/\/www.enerjigazetesi.ist\/en\/wp-json\/wp\/v2\/posts\/82563\/revisions"}],"predecessor-version":[{"id":82566,"href":"https:\/\/www.enerjigazetesi.ist\/en\/wp-json\/wp\/v2\/posts\/82563\/revisions\/82566"}],"wp:featuredmedia":[{"embeddable":true,"href":"https:\/\/www.enerjigazetesi.ist\/en\/wp-json\/wp\/v2\/media\/82564"}],"wp:attachment":[{"href":"https:\/\/www.enerjigazetesi.ist\/en\/wp-json\/wp\/v2\/media?parent=82563"}],"wp:term":[{"taxonomy":"category","embeddable":true,"href":"https:\/\/www.enerjigazetesi.ist\/en\/wp-json\/wp\/v2\/categories?post=82563"},{"taxonomy":"post_tag","embeddable":true,"href":"https:\/\/www.enerjigazetesi.ist\/en\/wp-json\/wp\/v2\/tags?post=82563"}],"curies":[{"name":"wp","href":"https:\/\/api.w.org\/{rel}","templated":true}]}}