{"id":82542,"date":"2018-11-26T18:25:40","date_gmt":"2018-11-26T15:25:40","guid":{"rendered":"https:\/\/www.enerjigazetesi.ist\/?p=82542"},"modified":"2018-11-26T18:25:40","modified_gmt":"2018-11-26T15:25:40","slug":"elektrik-piyasasi-istatistiksel-analizi-25-11-2018","status":"publish","type":"post","link":"https:\/\/www.enerjigazetesi.ist\/en\/elektrik-piyasasi-istatistiksel-analizi-25-11-2018\/","title":{"rendered":"(Turkish) Elektrik Piyasas\u0131 \u0130statistiksel Analizi \u2013 ( 25.11.2018 )"},"content":{"rendered":"<p class=\"qtranxs-available-languages-message qtranxs-available-languages-message-en\">Sorry, this entry is only available in <a href=\"https:\/\/www.enerjigazetesi.ist\/tr\/wp-json\/wp\/v2\/posts\/82542\" class=\"qtranxs-available-language-link qtranxs-available-language-link-tr\" title=\"Turkish\">Turkish<\/a>. For the sake of viewer convenience, the content is shown below in the alternative language. You may click the link to switch the active language.<\/p><p><strong>\u00d6ne \u00e7\u0131kan piyasaya dair g\u00fcncel haberler \u015f\u00f6yle; Ar\u00e7elik, sosyal medya \u00e7al\u0131\u015fmalar\u0131nda g\u00fcne\u015ften elde etti\u011fi elektri\u011fi kullanmaya ba\u015flad\u0131, Polat Enerji, Mersin\u2019de 14,8 MW kapasiteli Mersin R\u00fczgar Enerjisi Santrali (RES) kurup i\u015fletecek, Enerji Sanayicileri ve \u0130\u015fadamlar\u0131 Derne\u011fi (ENS\u0130A) Ba\u015fkanl\u0131\u011f\u0131\u2019na H\u00fcseyin Vatansever yeniden se\u00e7ildi, Enerji Verimlili\u011fi Derne\u011fi\u2019nin 5\u2019inci Ola\u011fan\u00fcst\u00fc Genel Kurulu 12 Kas\u0131m 2018 tarihinde \u0130stanbul Hilton Bomonti Otel\u2019 de ger\u00e7ekle\u015fti ve Murat Kals\u0131n derne\u011fin ba\u015fkanl\u0131\u011f\u0131na tekrar se\u00e7ildi, Almanya\u2019da g\u00fcne\u015f i\u00e7in 201 MW\u2019l\u0131k daha kapasite tahsis edildi.<\/strong><\/p>\n<p>G\u00fcn \u00f6ncesi elektrik piyasas\u0131nda yar\u0131n i\u00e7in olu\u015fan megavat saat (MWh) ba\u015f\u0131na piyasa takas fiyat\u0131 ortalamas\u0131 <strong>282<\/strong>.<strong>91<\/strong> TL olarak belirlendi. Fiyatlardaki da\u011f\u0131l\u0131ma bak\u0131ld\u0131\u011f\u0131nda, g\u00fcn\u00fcn maksimum fiyat\u0131 <strong>307<\/strong>.<strong>63<\/strong> TL\/MWh olarak <strong>11<\/strong>:<strong>00<\/strong> &#8211; <strong>12<\/strong>:<strong>00<\/strong> saat aral\u0131\u011f\u0131nda, minimum fiyat\u0131 <strong>50<\/strong>.<strong>01<\/strong> TL\/MWh olarak <strong>04<\/strong>:<strong>00<\/strong> &#8211; <strong><img loading=\"lazy\" class=\"alignright size-medium wp-image-82547\" src=\"https:\/\/www.enerjigazetesi.ist\/wp-content\/uploads\/2018\/11\/elektrik-piyasasi-istatistiksel-analizi-25-11-2018-300x169.jpg\" alt=\"\" width=\"300\" height=\"169\" srcset=\"https:\/\/www.enerjigazetesi.ist\/wp-content\/uploads\/2018\/11\/elektrik-piyasasi-istatistiksel-analizi-25-11-2018-300x169.jpg 300w, https:\/\/www.enerjigazetesi.ist\/wp-content\/uploads\/2018\/11\/elektrik-piyasasi-istatistiksel-analizi-25-11-2018-768x432.jpg 768w, https:\/\/www.enerjigazetesi.ist\/wp-content\/uploads\/2018\/11\/elektrik-piyasasi-istatistiksel-analizi-25-11-2018-500x281.jpg 500w, https:\/\/www.enerjigazetesi.ist\/wp-content\/uploads\/2018\/11\/elektrik-piyasasi-istatistiksel-analizi-25-11-2018-80x45.jpg 80w, https:\/\/www.enerjigazetesi.ist\/wp-content\/uploads\/2018\/11\/elektrik-piyasasi-istatistiksel-analizi-25-11-2018.jpg 800w\" sizes=\"(max-width: 300px) 100vw, 300px\" \/>05<\/strong>:<strong>00<\/strong> saat aral\u0131\u011f\u0131nda ger\u00e7ekle\u015fti. Puant saatlerde (<strong>17<\/strong>:<strong>00<\/strong> &#8211; <strong>22<\/strong>:<strong>00<\/strong>) ortalama piyasa takas fiyat\u0131 ise <strong>291<\/strong>.<strong>1<\/strong> TL\/MWh olarak hesaplanabilmektedir.<\/p>\n<p>Bir \u00f6nceki g\u00fcn ile k\u0131yasland\u0131\u011f\u0131nda ortalama piyasa takas fiyat\u0131nda <strong>2<\/strong>.<strong>61<\/strong> TL art\u0131\u015f g\u00f6zlemlenmektedir. Kesinle\u015fmi\u015f G\u00fcnl\u00fck \u00dcretim Plan\u0131 (KG\u00dcP) verilerine bak\u0131ld\u0131\u011f\u0131nda termik enerji dahilinde do\u011fal gaz % <strong>28<\/strong>, linyit % <strong>16<\/strong>, ithal k\u00f6m\u00fcr % <strong>24<\/strong> oran\u0131nda \u00fcretimin ger\u00e7ekle\u015fmesi beklenirken, yenilenebilir enerji dahilinde ise hidro % <strong>16<\/strong>, r\u00fczgar % <strong>11<\/strong>, jeotermal % <strong>3<\/strong> oran\u0131nda \u00fcretimin ger\u00e7ekle\u015fmesi beklenmektedir. Bununla birlikte fiyatlardaki art\u0131\u015f, <strong>hafta i\u00e7i olmas\u0131ndan dolay\u0131 t\u00fcketim talebindeki art\u0131\u015f ile r\u00fczgar santrallerinde \u00fcretim art\u0131\u015f\u0131 beklentisi<\/strong> ile a\u00e7\u0131klanabilmektedir. Yar\u0131n i\u00e7in planlanan \u00fcretim bazl\u0131 Kesinle\u015fmi\u015f G\u00fcnl\u00fck \u00dcretim Plan\u0131 (KG\u00dcP) a\u015fa\u011f\u0131daki grafikte yer almaktad\u0131r.<\/p>\n<p style=\"text-align: center;\"><img loading=\"lazy\" class=\"aligncenter wp-image-82543 size-full\" src=\"https:\/\/www.enerjigazetesi.ist\/wp-content\/uploads\/2018\/11\/01-27.jpg\" alt=\"\" width=\"538\" height=\"222\" srcset=\"https:\/\/www.enerjigazetesi.ist\/wp-content\/uploads\/2018\/11\/01-27.jpg 538w, https:\/\/www.enerjigazetesi.ist\/wp-content\/uploads\/2018\/11\/01-27-300x124.jpg 300w, https:\/\/www.enerjigazetesi.ist\/wp-content\/uploads\/2018\/11\/01-27-500x206.jpg 500w, https:\/\/www.enerjigazetesi.ist\/wp-content\/uploads\/2018\/11\/01-27-80x33.jpg 80w\" sizes=\"(max-width: 538px) 100vw, 538px\" \/><\/p>\n<p>Tahminleme Modeli* analizi sonucu ortalama piyasa takas fiyat\u0131 <strong>282<\/strong>.<strong>98<\/strong> TL\/MWh ve ortalama t\u00fcketim <strong>33,218<\/strong> MWh olarak \u00f6ng\u00f6r\u00fclmektedir. Modelin piyasa takas fiyat\u0131na dair ba\u015far\u0131 oran\u0131 g\u00fcnl\u00fck % <strong>84<\/strong>, t\u00fcketime dair ba\u015far\u0131 oran\u0131** ise g\u00fcnl\u00fck % <strong>93<\/strong> olarak hesaplan\u0131rken, bug\u00fcne kadar yap\u0131lan piyasa takas fiyat\u0131na dair analizlere g\u00f6re ba\u015far\u0131 oran\u0131 % <strong>87<\/strong>, t\u00fcketime dair ba\u015far\u0131 oran\u0131 ise % <strong>92<\/strong> olarak hesaplanmaktad\u0131r. Saatlik yar\u0131n i\u00e7in olu\u015fan ve tahmin edilen piyasa takas fiyatlar\u0131 ile haftal\u0131k bazda tahmin edilen ve ger\u00e7ekle\u015ftik\u00e7e yer alacak g\u00fcnl\u00fck ortalama t\u00fcketim de\u011ferleri a\u015fa\u011f\u0131daki grafiklerde yer almaktad\u0131r.<\/p>\n<p style=\"text-align: center;\"><img loading=\"lazy\" class=\"aligncenter size-full wp-image-82544\" src=\"https:\/\/www.enerjigazetesi.ist\/wp-content\/uploads\/2018\/11\/02-26.jpg\" alt=\"\" width=\"573\" height=\"466\" srcset=\"https:\/\/www.enerjigazetesi.ist\/wp-content\/uploads\/2018\/11\/02-26.jpg 573w, https:\/\/www.enerjigazetesi.ist\/wp-content\/uploads\/2018\/11\/02-26-300x244.jpg 300w, https:\/\/www.enerjigazetesi.ist\/wp-content\/uploads\/2018\/11\/02-26-492x400.jpg 492w, https:\/\/www.enerjigazetesi.ist\/wp-content\/uploads\/2018\/11\/02-26-61x50.jpg 61w\" sizes=\"(max-width: 573px) 100vw, 573px\" \/><\/p>\n<p>Yar\u0131ndan sonraki g\u00fcn i\u00e7in olu\u015facak ortalama piyasa takas fiyat\u0131 <strong>292<\/strong>.<strong>94<\/strong> TL\/MWH olarak tahmin edilmektedir. Buna ba\u011fl\u0131 olarak g\u00fcn\u00fcn maksimum fiyat\u0131 <strong>356<\/strong>.<strong>56<\/strong> TL\/MWh olarak <strong>08<\/strong>:<strong>00<\/strong> &#8211; <strong>09<\/strong>:<strong>00<\/strong> saat aral\u0131\u011f\u0131nda, minimum fiyat\u0131 <strong>121<\/strong>.<strong>48<\/strong> TL\/MWh olarak <strong>04<\/strong>:<strong>00<\/strong> &#8211; <strong>05<\/strong>:<strong>00<\/strong> saat aral\u0131\u011f\u0131nda ger\u00e7ekle\u015fece\u011fi \u00f6ng\u00f6r\u00fclmektedir. Puant saatlerde (<strong>17<\/strong>:<strong>00<\/strong> &#8211; <strong>22<\/strong>:<strong>00<\/strong>) tahmini ortalama piyasa takas fiyat\u0131 ise <strong>313<\/strong>.<strong>18<\/strong> TL\/MWh olarak hesaplanabilmektedir. Saatlik olu\u015facak piyasa takas fiyat\u0131 tahminleri a\u015fa\u011f\u0131daki grafikte yer almaktad\u0131r.<\/p>\n<p style=\"text-align: center;\"><img loading=\"lazy\" class=\"aligncenter size-full wp-image-82545\" src=\"https:\/\/www.enerjigazetesi.ist\/wp-content\/uploads\/2018\/11\/03-25.jpg\" alt=\"\" width=\"592\" height=\"212\" srcset=\"https:\/\/www.enerjigazetesi.ist\/wp-content\/uploads\/2018\/11\/03-25.jpg 592w, https:\/\/www.enerjigazetesi.ist\/wp-content\/uploads\/2018\/11\/03-25-300x107.jpg 300w, https:\/\/www.enerjigazetesi.ist\/wp-content\/uploads\/2018\/11\/03-25-500x179.jpg 500w, https:\/\/www.enerjigazetesi.ist\/wp-content\/uploads\/2018\/11\/03-25-80x29.jpg 80w\" sizes=\"(max-width: 592px) 100vw, 592px\" \/><\/p>\n<p>Organize Toptan Do\u011fal Gaz Sat\u0131\u015f Piyasas\u0131 (OTSP) dahilinde <strong>01<\/strong>.<strong>10<\/strong>.<strong>2018<\/strong> \u2013 <strong>25<\/strong>.<strong>11<\/strong>.<strong>2018<\/strong> tarihleri aras\u0131 ortalama Gaz Referans Fiyat\u0131 (GRF) <strong>1,483<\/strong>.<strong>08<\/strong> TL\/<strong>1000<\/strong> sm<strong>3<\/strong> olarak belirlenirken, ayn\u0131 tarihler aras\u0131nda toplam ger\u00e7ekle\u015fen e\u015fle\u015fmelerin miktar\u0131 ise <strong>139,522<\/strong> x<strong>1000<\/strong> sm<strong>3<\/strong> olarak belirlendi. \u0130lgili tarihler aras\u0131nda g\u00fcnl\u00fck Gaz Referans Fiyat\u0131 (GRF) ile E\u015fle\u015fme Miktar\u0131 verileri a\u015fa\u011f\u0131daki grafikte yer almaktad\u0131r.<\/p>\n<p style=\"text-align: center;\"><img loading=\"lazy\" class=\"aligncenter size-full wp-image-82546\" src=\"https:\/\/www.enerjigazetesi.ist\/wp-content\/uploads\/2018\/11\/04-25.jpg\" alt=\"\" width=\"609\" height=\"220\" srcset=\"https:\/\/www.enerjigazetesi.ist\/wp-content\/uploads\/2018\/11\/04-25.jpg 609w, https:\/\/www.enerjigazetesi.ist\/wp-content\/uploads\/2018\/11\/04-25-300x108.jpg 300w, https:\/\/www.enerjigazetesi.ist\/wp-content\/uploads\/2018\/11\/04-25-500x181.jpg 500w, https:\/\/www.enerjigazetesi.ist\/wp-content\/uploads\/2018\/11\/04-25-80x29.jpg 80w\" sizes=\"(max-width: 609px) 100vw, 609px\" \/><\/p>\n<p><em>*Tahminleme Modeli; istatistiksel tahminleme metodu olan SARIMA (Seasonal Autoregressive Integrated Moving Average) kullan\u0131larak MATLAB yaz\u0131l\u0131m geli\u015ftirme platformunda haz\u0131rlanm\u0131\u015ft\u0131r. Model ve di\u011fer t\u00fcm kullan\u0131lan veriler dahilinde girdi verileri olarak EP\u0130A\u015e \u015eeffafl\u0131k Platformunda g\u00fcnl\u00fck yay\u0131nlanan piyasa takas fiyatlar\u0131 ve ger\u00e7ekle\u015fen t\u00fcketim verileri kullan\u0131lmaktad\u0131r. Model ile ilgili detayl\u0131 bilgi alabilmek i\u00e7in l\u00fctfen ileti\u015fime ge\u00e7iniz.<\/em><\/p>\n<p><em>**T\u00fcketime Dair Ba\u015far\u0131 Oran\u0131; t\u00fcketim baz\u0131nda yap\u0131lan haftal\u0131k tahminlerde Pazar g\u00fcnleri yay\u0131nlanan raporda hen\u00fcz ger\u00e7ekle\u015fen veri olmad\u0131\u011f\u0131 i\u00e7in Sal\u0131 g\u00fcn\u00fc itibari ile ba\u015far\u0131 oran\u0131 g\u00fcnl\u00fck olarak hesaplanarak, raporda g\u00fcncellenecektir.<\/em><\/p>\n<p>T\u00fcmay Solak \u2013 Risk Y\u00f6netimi Uzman\u0131 \/ Enerjisa \u00dcretim Santralleri A.\u015e.<\/p>","protected":false},"excerpt":{"rendered":"<p>Sorry, this entry is only available in Turkish. For the sake of viewer convenience, the content is shown below in the alternative language. You may click the link to switch the active language.\u00d6ne \u00e7\u0131kan piyasaya dair g\u00fcncel haberler \u015f\u00f6yle; Ar\u00e7elik, sosyal medya \u00e7al\u0131\u015fmalar\u0131nda g\u00fcne\u015ften elde etti\u011fi elektri\u011fi kullanmaya ba\u015flad\u0131, Polat Enerji, Mersin\u2019de 14,8 MW kapasiteli [&hellip;]<\/p>\n","protected":false},"author":1,"featured_media":82547,"comment_status":"open","ping_status":"open","sticky":false,"template":"","format":"standard","meta":[],"categories":[51,53],"tags":[34979,19638,39373,34980,39661,39426,26353,19,67,1009,39353,40289,40290,39352,39351],"views":858,"_links":{"self":[{"href":"https:\/\/www.enerjigazetesi.ist\/en\/wp-json\/wp\/v2\/posts\/82542"}],"collection":[{"href":"https:\/\/www.enerjigazetesi.ist\/en\/wp-json\/wp\/v2\/posts"}],"about":[{"href":"https:\/\/www.enerjigazetesi.ist\/en\/wp-json\/wp\/v2\/types\/post"}],"author":[{"embeddable":true,"href":"https:\/\/www.enerjigazetesi.ist\/en\/wp-json\/wp\/v2\/users\/1"}],"replies":[{"embeddable":true,"href":"https:\/\/www.enerjigazetesi.ist\/en\/wp-json\/wp\/v2\/comments?post=82542"}],"version-history":[{"count":1,"href":"https:\/\/www.enerjigazetesi.ist\/en\/wp-json\/wp\/v2\/posts\/82542\/revisions"}],"predecessor-version":[{"id":82548,"href":"https:\/\/www.enerjigazetesi.ist\/en\/wp-json\/wp\/v2\/posts\/82542\/revisions\/82548"}],"wp:featuredmedia":[{"embeddable":true,"href":"https:\/\/www.enerjigazetesi.ist\/en\/wp-json\/wp\/v2\/media\/82547"}],"wp:attachment":[{"href":"https:\/\/www.enerjigazetesi.ist\/en\/wp-json\/wp\/v2\/media?parent=82542"}],"wp:term":[{"taxonomy":"category","embeddable":true,"href":"https:\/\/www.enerjigazetesi.ist\/en\/wp-json\/wp\/v2\/categories?post=82542"},{"taxonomy":"post_tag","embeddable":true,"href":"https:\/\/www.enerjigazetesi.ist\/en\/wp-json\/wp\/v2\/tags?post=82542"}],"curies":[{"name":"wp","href":"https:\/\/api.w.org\/{rel}","templated":true}]}}