{"id":82539,"date":"2018-11-26T17:57:27","date_gmt":"2018-11-26T14:57:27","guid":{"rendered":"https:\/\/www.enerjigazetesi.ist\/?p=82539"},"modified":"2018-11-26T17:57:27","modified_gmt":"2018-11-26T14:57:27","slug":"corumdaki-ruzgar-enerjisi-santrali-res-kendini-6-yilda-amorti-edecek","status":"publish","type":"post","link":"https:\/\/www.enerjigazetesi.ist\/en\/corumdaki-ruzgar-enerjisi-santrali-res-kendini-6-yilda-amorti-edecek\/","title":{"rendered":"(Turkish) \u00c7orum&#8217;daki R\u00fczgar Enerjisi Santrali (RES) Kendini 6 Y\u0131lda Amorti Edecek"},"content":{"rendered":"<p class=\"qtranxs-available-languages-message qtranxs-available-languages-message-en\">Sorry, this entry is only available in <a href=\"https:\/\/www.enerjigazetesi.ist\/tr\/wp-json\/wp\/v2\/posts\/82539\" class=\"qtranxs-available-language-link qtranxs-available-language-link-tr\" title=\"Turkish\">Turkish<\/a>. For the sake of viewer convenience, the content is shown below in the alternative language. You may click the link to switch the active language.<\/p><p><strong>\u00c7orum Belediyesi\u2019nin en b\u00fcy\u00fck yat\u0131r\u0131mlar\u0131 aras\u0131nda yer alan R\u00fczgar Enerji Santrali projesi 6 y\u0131lda kendisini amorti edecek.\u00a0Samsun\u2019un Ladik il\u00e7esinde bulunan R\u00fczgar Enerji Santralini kurulumun ger\u00e7ekle\u015ftiren firman\u0131n Ceo&#8217;su Davide Albani, Belediye Ba\u015fkan Yard\u0131mc\u0131s\u0131 Ahmet Yabac\u0131o\u011flu\u2019nu ziyaret etti.<\/strong><\/p>\n<p>\u00c7orum\u2019a \u00f6nemli bir yat\u0131r\u0131m yapt\u0131klar\u0131n\u0131 ve bu yat\u0131r\u0131m sayesinde T\u00fcrkiye ile olan ili\u015fkilerini g\u00fc\u00e7lendirdiklerini belirten Davide Albani, 12 y\u0131l boyunca \u00c7orum\u2019a ve \u00c7orumlu&#8217;ya hizmet etmenin <img loading=\"lazy\" class=\"alignright size-medium wp-image-82540\" src=\"https:\/\/www.enerjigazetesi.ist\/wp-content\/uploads\/2018\/11\/corumdaki-ruzgar-enerjisi-santrali-res-kendini-6-yilda-amorti-edecek-300x169.jpg\" alt=\"\" width=\"300\" height=\"169\" srcset=\"https:\/\/www.enerjigazetesi.ist\/wp-content\/uploads\/2018\/11\/corumdaki-ruzgar-enerjisi-santrali-res-kendini-6-yilda-amorti-edecek-300x169.jpg 300w, https:\/\/www.enerjigazetesi.ist\/wp-content\/uploads\/2018\/11\/corumdaki-ruzgar-enerjisi-santrali-res-kendini-6-yilda-amorti-edecek-500x281.jpg 500w, https:\/\/www.enerjigazetesi.ist\/wp-content\/uploads\/2018\/11\/corumdaki-ruzgar-enerjisi-santrali-res-kendini-6-yilda-amorti-edecek-80x45.jpg 80w, https:\/\/www.enerjigazetesi.ist\/wp-content\/uploads\/2018\/11\/corumdaki-ruzgar-enerjisi-santrali-res-kendini-6-yilda-amorti-edecek.jpg 720w\" sizes=\"(max-width: 300px) 100vw, 300px\" \/>kendilerini mutlu edece\u011fini ifade etti.<\/p>\n<p>Albani\u00a0\u201cT\u00fcrkiye pazar\u0131na girmek ve burada \u00e7al\u0131\u015fmalar yapmak bizim i\u00e7in olduk\u00e7a heyecan verici. \u0130talya\u2019da ve bir\u00e7ok Avrupa \u00fclkesinde y\u00fcksek kalitemiz, yak\u0131n m\u00fc\u015fteri deste\u011fimiz, en zorlu gereksinimlerle bile uyu\u015fan \u00f6zelle\u015ftirilmi\u015f \u00fcr\u00fcnlerimiz sayesinde pazarda \u00f6nemli bir marka olu\u015fturduk ve kabiliyetimizi ve deneyimimizi T\u00fcrk yat\u0131r\u0131mc\u0131lara da sunmak istiyoruz\u201d ifadelerini kulland\u0131.<\/p>\n<p>Belediye Ba\u015fkan Yard\u0131mc\u0131s\u0131 Ahmet Yabac\u0131o\u011flu ise, T\u00fcrkiye\u2019de elektrik enerjisinin \u00fcretiminde r\u00fczg\u00e2r enerjisinin pay\u0131 fazla olmad\u0131\u011f\u0131n\u0131 ifade etti.<\/p>\n<p>T\u00fcrkiye\u2019nin 2023 y\u0131l\u0131ndaki r\u00fczg\u00e2r enerjisinden elde etti\u011fi enerjiyi 20 bin MegaWatt\u2019l\u0131k bir kapasiteye y\u00fckseltme hedefinin oldu\u011funu a\u00e7\u0131klayan Yabac\u0131o\u011flu, \u201cKurmu\u015f oldu\u011fumuz r\u00fczgar enerji santrali ile bu hedefe katk\u0131 sa\u011fl\u0131yoruz. Belediyemizin bu yat\u0131r\u0131m\u0131yla \u00fclkemizde \u00fcretilen yenilenebilir enerjisi miktar\u0131 art\u0131yor. Bu ama\u00e7la meclis \u00fcyelerimiz ve bas\u0131n mensuplar\u0131m\u0131zla birlikte Ladik il\u00e7esinde kurdu\u011fumuz ve kendi enerjimizi \u00fcretti\u011fimiz 4 r\u00fczgar t\u00fcrbinini yerinde inceledik. 4 r\u00fczg\u00e2r t\u00fcrbini ayl\u0131k, 8 bin hanenin kulland\u0131\u011f\u0131 enerjiyi \u00fcretiyor. Belediyemizin elektrik giderlerinin yar\u0131s\u0131n\u0131 R\u00fczg\u00e2r Enerji Santralinde \u00fcretti\u011fimiz enerjiden kar\u015f\u0131l\u0131yoruz. \u0130haleyi alan y\u00fcklenici firma t\u00fcrbinlerin yap\u0131m\u0131yla birlikte 2 y\u0131l garanti verdi. Di\u011fer yandan t\u00fcrbinlerin bak\u0131m ve onar\u0131m\u0131n\u0131 da 12 y\u0131l devam ettirecek. Bu y\u00fczden 25 y\u0131l 4 r\u00fczgar t\u00fcrbininden enerji \u00fcretmeye devam edece\u011fiz. Santrale yapt\u0131\u011f\u0131m\u0131z 32 Milyon liral\u0131k yat\u0131r\u0131m 6 y\u0131l i\u00e7erisinde kendini amorti edecek. \u0130n\u015fallah ilerleyen d\u00f6nemlerde g\u00fcne\u015f enerjisiyle ilgili yapaca\u011f\u0131m\u0131z projelerle, kat\u0131 at\u0131k tesisimizden elde etti\u011fimiz enerji ile kendi enerjimizin tamam\u0131n\u0131 kendimiz \u00fcretece\u011fiz.\u201d dedi.<\/p>\n<p>Hatice K\u00fcbra G\u00fcney \u2013 Elektrik Elektronik M\u00fchendisli\u011fi \u2013 kubra.guney@enerjigazetesi.ist<\/p>","protected":false},"excerpt":{"rendered":"<p>Sorry, this entry is only available in Turkish. For the sake of viewer convenience, the content is shown below in the alternative language. You may click the link to switch the active language.\u00c7orum Belediyesi\u2019nin en b\u00fcy\u00fck yat\u0131r\u0131mlar\u0131 aras\u0131nda yer alan R\u00fczgar Enerji Santrali projesi 6 y\u0131lda kendisini amorti edecek.\u00a0Samsun\u2019un Ladik il\u00e7esinde bulunan R\u00fczgar Enerji Santralini [&hellip;]<\/p>\n","protected":false},"author":1,"featured_media":82540,"comment_status":"open","ping_status":"open","sticky":false,"template":"","format":"standard","meta":[],"categories":[51,53,50],"tags":[41727,24680,29672,25180,5070,67,1009,39550,33066,35002,24949,23318,34960],"views":1750,"_links":{"self":[{"href":"https:\/\/www.enerjigazetesi.ist\/en\/wp-json\/wp\/v2\/posts\/82539"}],"collection":[{"href":"https:\/\/www.enerjigazetesi.ist\/en\/wp-json\/wp\/v2\/posts"}],"about":[{"href":"https:\/\/www.enerjigazetesi.ist\/en\/wp-json\/wp\/v2\/types\/post"}],"author":[{"embeddable":true,"href":"https:\/\/www.enerjigazetesi.ist\/en\/wp-json\/wp\/v2\/users\/1"}],"replies":[{"embeddable":true,"href":"https:\/\/www.enerjigazetesi.ist\/en\/wp-json\/wp\/v2\/comments?post=82539"}],"version-history":[{"count":1,"href":"https:\/\/www.enerjigazetesi.ist\/en\/wp-json\/wp\/v2\/posts\/82539\/revisions"}],"predecessor-version":[{"id":82541,"href":"https:\/\/www.enerjigazetesi.ist\/en\/wp-json\/wp\/v2\/posts\/82539\/revisions\/82541"}],"wp:featuredmedia":[{"embeddable":true,"href":"https:\/\/www.enerjigazetesi.ist\/en\/wp-json\/wp\/v2\/media\/82540"}],"wp:attachment":[{"href":"https:\/\/www.enerjigazetesi.ist\/en\/wp-json\/wp\/v2\/media?parent=82539"}],"wp:term":[{"taxonomy":"category","embeddable":true,"href":"https:\/\/www.enerjigazetesi.ist\/en\/wp-json\/wp\/v2\/categories?post=82539"},{"taxonomy":"post_tag","embeddable":true,"href":"https:\/\/www.enerjigazetesi.ist\/en\/wp-json\/wp\/v2\/tags?post=82539"}],"curies":[{"name":"wp","href":"https:\/\/api.w.org\/{rel}","templated":true}]}}