{"id":82519,"date":"2018-11-26T12:13:08","date_gmt":"2018-11-26T09:13:08","guid":{"rendered":"https:\/\/www.enerjigazetesi.ist\/?p=82519"},"modified":"2018-11-26T12:17:10","modified_gmt":"2018-11-26T09:17:10","slug":"demirdokum-tuketici-ve-doga-dostu-dogalgaz-teknolojilerini-tanitti","status":"publish","type":"post","link":"https:\/\/www.enerjigazetesi.ist\/en\/demirdokum-tuketici-ve-doga-dostu-dogalgaz-teknolojilerini-tanitti\/","title":{"rendered":"(Turkish) DemirD\u00f6k\u00fcm T\u00fcketici ve Do\u011fa Dostu Do\u011falgaz Teknolojilerini Tan\u0131tt\u0131"},"content":{"rendered":"<p class=\"qtranxs-available-languages-message qtranxs-available-languages-message-en\">Sorry, this entry is only available in <a href=\"https:\/\/www.enerjigazetesi.ist\/tr\/wp-json\/wp\/v2\/posts\/82519\" class=\"qtranxs-available-language-link qtranxs-available-language-link-tr\" title=\"Turkish\">Turkish<\/a>. For the sake of viewer convenience, the content is shown below in the alternative language. You may click the link to switch the active language.<\/p><p><strong>DemirD\u00f6k\u00fcm, Adana ve Eski\u015fehir&#8217;de bu y\u0131l ilk kez d\u00fczenlenen \u0130\u00e7 Tesisat Bulu\u015fmalar\u0131&#8217;na sponsor oldu. Do\u011fal gaz da\u011f\u0131t\u0131m \u015firketleri, \u00fcr\u00fcn tedarik\u00e7ileri ve tesisat\u00e7\u0131 firmalar\u0131n kat\u0131l\u0131m\u0131yla ger\u00e7ekle\u015fen etkinliklerde sekt\u00f6r\u00fcn sorunlar\u0131 masaya yat\u0131r\u0131ld\u0131. T\u00fcketici ve do\u011fa dostu \u00fcr\u00fcnlerle yeni teknolojilerin de tan\u0131t\u0131ld\u0131\u011f\u0131 toplant\u0131larda DemirD\u00f6k\u00fcm \u00fcst d\u00fczey y\u00f6neticileri d\u00fczenlenen panellerde Enerji \u0130li\u015fkili \u00dcr\u00fcnler (ErP) Y\u00f6netmeli\u011fi ile birlikte \u0131s\u0131tma sekt\u00f6r\u00fcndeki yenilikler, sa\u011flad\u0131\u011f\u0131 katma de\u011fer, g\u00fcvenli tesisat yap\u0131m\u0131 ve montaj\u0131 konusunda kat\u0131l\u0131mc\u0131lar\u0131 bilgilendirdi.<\/strong><\/p>\n<p>Do\u011fal gaz sekt\u00f6r\u00fc Adana ve Eski\u015fehir&#8217;de d\u00fczenlenen iki b\u00fcy\u00fck etkinlikle bir araya geldi. \u0130klimlendirme<img loading=\"lazy\" class=\"size-medium wp-image-82524 alignright\" src=\"https:\/\/www.enerjigazetesi.ist\/wp-content\/uploads\/2018\/11\/demirdokum-tuketici-ve-doga-dostu-dogalgaz-teknolojilerini-tanitti2-300x165.jpg\" alt=\"\" width=\"300\" height=\"165\" srcset=\"https:\/\/www.enerjigazetesi.ist\/wp-content\/uploads\/2018\/11\/demirdokum-tuketici-ve-doga-dostu-dogalgaz-teknolojilerini-tanitti2-300x165.jpg 300w, https:\/\/www.enerjigazetesi.ist\/wp-content\/uploads\/2018\/11\/demirdokum-tuketici-ve-doga-dostu-dogalgaz-teknolojilerini-tanitti2-768x422.jpg 768w, https:\/\/www.enerjigazetesi.ist\/wp-content\/uploads\/2018\/11\/demirdokum-tuketici-ve-doga-dostu-dogalgaz-teknolojilerini-tanitti2-500x274.jpg 500w, https:\/\/www.enerjigazetesi.ist\/wp-content\/uploads\/2018\/11\/demirdokum-tuketici-ve-doga-dostu-dogalgaz-teknolojilerini-tanitti2-80x44.jpg 80w, https:\/\/www.enerjigazetesi.ist\/wp-content\/uploads\/2018\/11\/demirdokum-tuketici-ve-doga-dostu-dogalgaz-teknolojilerini-tanitti2.jpg 889w\" sizes=\"(max-width: 300px) 100vw, 300px\" \/> sekt\u00f6r\u00fcn\u00fcn \u00f6nc\u00fc markalar\u0131ndan DemirD\u00f6k\u00fcm\u2019\u00fcn sponsor oldu\u011fu &#8220;Do\u011fal gaz \u0130\u00e7 Tesisat Bulu\u015fmalar\u0131&#8221;nda\u00a0do\u011fal gaz ve enerji sekt\u00f6r\u00fcn\u00fcn bug\u00fcn\u00fc ve yar\u0131n\u0131 g\u00f6r\u00fc\u015f\u00fcld\u00fc. Do\u011fal gaz i\u00e7 piyasas\u0131ndaki teknolojik<\/p>\n<p>geli\u015fmeler, verimli ve g\u00fcvenli kullan\u0131m\u0131, yeni nesil \u00fcr\u00fcnler, sisteler, verimlilik, tasarruf ve t\u00fcketicilerdeki fark\u0131ndal\u0131\u011f\u0131 konular\u0131n\u0131n ele al\u0131nd\u0131\u011f\u0131 etkinlikler 500&#8217;\u00fcn \u00fczerinde sekt\u00f6r profesyonelini bulu\u015fturdu.<\/p>\n<p><strong>DO\u011eAL GAZ SEKT\u00d6R\u00dcN\u00dcN BUG\u00dcN\u00dc VE YARINI \u0130\u00c7\u0130N BULU\u015eTULAR<\/strong><\/p>\n<p>S\u00fcrd\u00fcr\u00fclebilir enerji, s\u00fcrd\u00fcr\u00fclebilir ekonomi, T\u00fcrkiye&#8217;de ger\u00e7ekle\u015ftirilen do\u011fal gaz yat\u0131r\u0131mlar\u0131, do\u011fal gaz\u0131n t\u00fcketicilere ve do\u011faya sa\u011flad\u0131\u011f\u0131 katma de\u011fer konular\u0131n\u0131n alan\u0131nda uzman konu\u015fmac\u0131larla de\u011ferlendirildi\u011fi etkinliklerde DemirD\u00f6k\u00fcm Sat\u0131\u015f Direkt\u00f6r\u00fc Ufuk Atan, Enerji \u0130li\u015fkili \u00dcr\u00fcnler (ErP) Y\u00f6netmeli\u011fi ile birlikte \u0131s\u0131tma sekt\u00f6r\u00fcndeki yenilikler, sa\u011flad\u0131\u011f\u0131 katma de\u011feri kat\u0131l\u0131mc\u0131larla payla\u015ft\u0131. Adana\u2019da d\u00fczenlenen etkinlikte DemirD\u00f6k\u00fcm Adana B\u00f6lge Servis M\u00fcd\u00fcr\u00fc A\u015fk\u0131n \u00d6zabdal, Eski\u015fehir\u2019de d\u00fczenlenen etkinlikte ise DemirD\u00f6k\u00fcm Ankara Sat\u0131\u015f Sonras\u0131 Hizmetler M\u00fcd\u00fcr\u00fc Alper Menemencio\u011flu g\u00fcvenli tesisat yap\u0131m\u0131 i\u00e7in montaj kurallar\u0131n\u0131 anlatt\u0131.<\/p>\n<p>AB \u00fclkelerinden sonra T\u00fcrkiye&#8217;de de nisan ay\u0131nda y\u00fcr\u00fcrl\u00fc\u011fe giren Enerji \u0130li\u015fkili \u00dcr\u00fcnler (ErP) Y\u00f6netmeli\u011fi ile birlikte daha \u00e7evreci ve katma de\u011ferli bir d\u00f6nemin ba\u015flad\u0131\u011f\u0131n\u0131 belirten <strong>DemirD\u00f6k\u00fcm Sat\u0131\u015f Direkt\u00f6r\u00fc Ufuk Atan<\/strong>, &#8220;Kullan\u0131c\u0131s\u0131na y\u00fczde 20, ak\u0131ll\u0131 oda termostat\u0131 ile birlikte y\u00fczde 30&#8217;lara varan tasarruf ettiren; \u00fclke ekonomisine birka\u00e7 y\u0131l i\u00e7inde 1 milyar dolar katma de\u011fer yaratacak olan yo\u011fu\u015fmal\u0131 kombiler \u00e7evre ve g\u00fcvenlik konusunda da yeni bir d\u00f6nemin kap\u0131s\u0131n\u0131 aral\u0131yor. T\u00fcrkiye&#8217;de sekt\u00f6re bir\u00e7ok ilki kazand\u0131ran \u015firket olarak, \u00e7evresel s\u00fcrd\u00fcr\u00fclebilirlik anlam\u0131nda, \u00fcr\u00fcnlerimizi s\u00fcrekli geli\u015ftiriyor ve verimliliklerini art\u0131r\u0131yoruz. Y\u00f6netmelikle birlikte yo\u011fu\u015fmal\u0131 \u00fcr\u00fcn ailemizi daha da geni\u015flettik. S\u00fcrd\u00fcr\u00fclebilir \u00fcretim yakla\u015f\u0131m\u0131m\u0131z\u0131 yans\u0131tan yeni yo\u011fu\u015fmal\u0131 kombilerimiz tasar\u0131m\u0131yla d\u00fcnyan\u0131n en \u00f6nemli \u00f6d\u00fcllerinden biri olan Good Design ve Green Good Design&#8217;e lay\u0131k g\u00f6r\u00fcld\u00fc. Hali haz\u0131rdaki \u00fcr\u00fcn gam\u0131m\u0131zdaki yo\u011fu\u015fmal\u0131 kombilere k\u0131yasla hacim olarak y\u00fczde 16,5 daha k\u00fc\u00e7\u00fck olan Atromix, daire ba\u015f\u0131na y\u0131ll\u0131k ortalama 2 ton daha az NOx sal\u0131m\u0131 ger\u00e7ekle\u015ftiriyor&#8221; dedi.<\/p>\n<p>DemirD\u00f6k\u00fcm\u2019\u00fcn geleneksel \u00fcr\u00fcn gam\u0131n\u0131n yan\u0131 s\u0131ra kaskad pazar\u0131 i\u00e7in MaxiCondense, \u0131s\u0131 pompas\u0131 alan\u0131nda da MaxiAir \u00fcr\u00fcn grubunu t\u00fcketicileriyle bulu\u015fturdu\u011funu s\u00f6yleyen <strong>Ufuk Atan<\/strong>; \u201cG\u00fcn\u00fcm\u00fczde t\u00fcketiciler teknoloji karma\u015fas\u0131ndan uzak hem kendilerine hem de \u00e7evreye faydal\u0131 \u00fcr\u00fcnlere eri\u015fmek istiyor. Sahip olacaklar\u0131 \u00fcr\u00fcnlerin kendi kendilerine inisiyatif almas\u0131n\u0131 bekliyor. T\u00fcketici taleplerinin yan\u0131 s\u0131ra ya\u015fam alanlar\u0131n\u0131 da g\u00f6z \u00f6n\u00fcnde bulundurarak Ar-Ge g\u00fcc\u00fcm\u00fczle pazar\u0131n en iddial\u0131 \u00fcr\u00fcnlerini tasarlay\u0131p sat\u0131\u015fa sunduk. Yo\u011fu\u015fmal\u0131 kombilerimiz, ak\u0131ll\u0131 oda termostatlar\u0131m\u0131z kullan\u0131c\u0131lar\u0131m\u0131z\u0131n b\u00fcy\u00fck be\u011fenisini kazand\u0131. T\u00fcrkiye\u2019den d\u00fcnyan\u0131n 50 \u00fclkesine ihracat yapan DemirD\u00f6k\u00fcm, 2018\u2019in ilk 9 ay\u0131nda y\u00fczde toplam ciroda y\u00fczde 46 b\u00fcy\u00fcd\u00fc. Yo\u011fu\u015fmal\u0131 kombi sat\u0131\u015f\u0131m\u0131z ise y\u00fczde 90 artt\u0131\u201d a\u00e7\u0131klamas\u0131n\u0131 yapt\u0131.<\/p>","protected":false},"excerpt":{"rendered":"<p>Sorry, this entry is only available in Turkish. For the sake of viewer convenience, the content is shown below in the alternative language. You may click the link to switch the active language.DemirD\u00f6k\u00fcm, Adana ve Eski\u015fehir&#8217;de bu y\u0131l ilk kez d\u00fczenlenen \u0130\u00e7 Tesisat Bulu\u015fmalar\u0131&#8217;na sponsor oldu. Do\u011fal gaz da\u011f\u0131t\u0131m \u015firketleri, \u00fcr\u00fcn tedarik\u00e7ileri ve tesisat\u00e7\u0131 firmalar\u0131n [&hellip;]<\/p>\n","protected":false},"author":1,"featured_media":82521,"comment_status":"open","ping_status":"open","sticky":false,"template":"","format":"standard","meta":[],"categories":[46,53,52],"tags":[3272,35702,41703,41702,869,41708,1128,19761,34929,23219,67,1009,41698,19070,1413,41704,41705,41700,41697,10457,41699,38343,41707,41706,62,41701,1252],"views":1036,"_links":{"self":[{"href":"https:\/\/www.enerjigazetesi.ist\/en\/wp-json\/wp\/v2\/posts\/82519"}],"collection":[{"href":"https:\/\/www.enerjigazetesi.ist\/en\/wp-json\/wp\/v2\/posts"}],"about":[{"href":"https:\/\/www.enerjigazetesi.ist\/en\/wp-json\/wp\/v2\/types\/post"}],"author":[{"embeddable":true,"href":"https:\/\/www.enerjigazetesi.ist\/en\/wp-json\/wp\/v2\/users\/1"}],"replies":[{"embeddable":true,"href":"https:\/\/www.enerjigazetesi.ist\/en\/wp-json\/wp\/v2\/comments?post=82519"}],"version-history":[{"count":4,"href":"https:\/\/www.enerjigazetesi.ist\/en\/wp-json\/wp\/v2\/posts\/82519\/revisions"}],"predecessor-version":[{"id":82525,"href":"https:\/\/www.enerjigazetesi.ist\/en\/wp-json\/wp\/v2\/posts\/82519\/revisions\/82525"}],"wp:featuredmedia":[{"embeddable":true,"href":"https:\/\/www.enerjigazetesi.ist\/en\/wp-json\/wp\/v2\/media\/82521"}],"wp:attachment":[{"href":"https:\/\/www.enerjigazetesi.ist\/en\/wp-json\/wp\/v2\/media?parent=82519"}],"wp:term":[{"taxonomy":"category","embeddable":true,"href":"https:\/\/www.enerjigazetesi.ist\/en\/wp-json\/wp\/v2\/categories?post=82519"},{"taxonomy":"post_tag","embeddable":true,"href":"https:\/\/www.enerjigazetesi.ist\/en\/wp-json\/wp\/v2\/tags?post=82519"}],"curies":[{"name":"wp","href":"https:\/\/api.w.org\/{rel}","templated":true}]}}