{"id":82476,"date":"2018-11-25T01:30:09","date_gmt":"2018-11-24T22:30:09","guid":{"rendered":"https:\/\/www.enerjigazetesi.ist\/?p=82476"},"modified":"2018-11-25T01:30:09","modified_gmt":"2018-11-24T22:30:09","slug":"guristen-aydina-54-mw-gucunde-sari-zeybek-jes","status":"publish","type":"post","link":"https:\/\/www.enerjigazetesi.ist\/en\/guristen-aydina-54-mw-gucunde-sari-zeybek-jes\/","title":{"rendered":"(Turkish) G\u00fcri\u015f&#8217;ten Ayd\u0131n\u2019a 54 MW G\u00fcc\u00fcnde &#8216;Sar\u0131 Zeybek JES'"},"content":{"rendered":"<p class=\"qtranxs-available-languages-message qtranxs-available-languages-message-en\">Sorry, this entry is only available in <a href=\"https:\/\/www.enerjigazetesi.ist\/tr\/wp-json\/wp\/v2\/posts\/82476\" class=\"qtranxs-available-language-link qtranxs-available-language-link-tr\" title=\"Turkish\">Turkish<\/a>. For the sake of viewer convenience, the content is shown below in the alternative language. You may click the link to switch the active language.<\/p><p><strong>Ayd\u0131n\u2019da toplamda 210 MW g\u00fcce ula\u015fan jeotermal enerji santrali yat\u0131r\u0131m\u0131na sahip G\u00fcri\u015f Grubu b\u00fcnyesinde bulunan G\u00fcrmat Elektrik \u00dcretim A.\u015e. taraf\u0131ndan Ayd\u0131n ili, Efeler il\u00e7esi, K\u0131z\u0131lcak\u00f6y Mahallesi mevkiinde 1569 ve 1570 numaral\u0131 parsellerde Sar\u0131 Zeybek Jeotermal Enerji Santrali\u2019nin (JES) kurulmas\u0131 planlan\u0131yor.<\/strong><\/p>\n<p><img loading=\"lazy\" class=\"alignleft size-medium wp-image-82477\" src=\"https:\/\/www.enerjigazetesi.ist\/wp-content\/uploads\/2018\/11\/guristen-aydina-54-mw-gucunde-sari-zeybek-jes-300x169.jpg\" alt=\"\" width=\"300\" height=\"169\" srcset=\"https:\/\/www.enerjigazetesi.ist\/wp-content\/uploads\/2018\/11\/guristen-aydina-54-mw-gucunde-sari-zeybek-jes-300x169.jpg 300w, https:\/\/www.enerjigazetesi.ist\/wp-content\/uploads\/2018\/11\/guristen-aydina-54-mw-gucunde-sari-zeybek-jes-768x432.jpg 768w, https:\/\/www.enerjigazetesi.ist\/wp-content\/uploads\/2018\/11\/guristen-aydina-54-mw-gucunde-sari-zeybek-jes-500x281.jpg 500w, https:\/\/www.enerjigazetesi.ist\/wp-content\/uploads\/2018\/11\/guristen-aydina-54-mw-gucunde-sari-zeybek-jes-80x45.jpg 80w, https:\/\/www.enerjigazetesi.ist\/wp-content\/uploads\/2018\/11\/guristen-aydina-54-mw-gucunde-sari-zeybek-jes.jpg 860w\" sizes=\"(max-width: 300px) 100vw, 300px\" \/>B\u00f6lgede 36 MWe ve 18 MWe olmak \u00fczere iki \u00fcniteli yap\u0131lacak \u201cSar\u0131 Zeybek JES\u2019te kullan\u0131larak y\u0131lda 432 GWh elektrik enerjisi \u00fcretimi ger\u00e7ekle\u015fecek. \u015ealt sahas\u0131ndan Arslanlar-Ayd\u0131n 154 kV E\u0130H\u2019na ba\u011flant\u0131 yap\u0131lmas\u0131 \u00f6ng\u00f6r\u00fclen elektrik, yakla\u015f\u0131k 100.000 ki\u015finin y\u0131ll\u0131k elektrik enerjisi ihtiyac\u0131n\u0131 kar\u015f\u0131layacak. Tesisin yakla\u015f\u0131k 114 milyon liral\u0131k bir yat\u0131r\u0131m bedelinin olmas\u0131 planlanmaktad\u0131r.<\/p>\n<p>Santralin ihtiyac\u0131 olan jeotermal kaynak yine G\u00fcrmat Elektrik taraf\u0131ndan b\u00f6lgede ger\u00e7ekle\u015ftirilecek 28 adet lokasyonda 57 adet jeotermal sondaj faaliyetine y\u00f6nelik \u201c\u00c7iftlik Jeotermal Ruhsat\u0131nda Kaynak Arama-I\u201d projesiyle ger\u00e7ekle\u015ftirilecektir.<\/p>","protected":false},"excerpt":{"rendered":"<p>Sorry, this entry is only available in Turkish. For the sake of viewer convenience, the content is shown below in the alternative language. You may click the link to switch the active language.Ayd\u0131n\u2019da toplamda 210 MW g\u00fcce ula\u015fan jeotermal enerji santrali yat\u0131r\u0131m\u0131na sahip G\u00fcri\u015f Grubu b\u00fcnyesinde bulunan G\u00fcrmat Elektrik \u00dcretim A.\u015e. taraf\u0131ndan Ayd\u0131n ili, Efeler [&hellip;]<\/p>\n","protected":false},"author":1,"featured_media":82477,"comment_status":"open","ping_status":"open","sticky":false,"template":"","format":"standard","meta":[],"categories":[51,53,48],"tags":[7179,18948,68,19,67,1009,3513,41679,28350,58,16077,23226,34985,36184,41680,41678,26829],"views":1721,"_links":{"self":[{"href":"https:\/\/www.enerjigazetesi.ist\/en\/wp-json\/wp\/v2\/posts\/82476"}],"collection":[{"href":"https:\/\/www.enerjigazetesi.ist\/en\/wp-json\/wp\/v2\/posts"}],"about":[{"href":"https:\/\/www.enerjigazetesi.ist\/en\/wp-json\/wp\/v2\/types\/post"}],"author":[{"embeddable":true,"href":"https:\/\/www.enerjigazetesi.ist\/en\/wp-json\/wp\/v2\/users\/1"}],"replies":[{"embeddable":true,"href":"https:\/\/www.enerjigazetesi.ist\/en\/wp-json\/wp\/v2\/comments?post=82476"}],"version-history":[{"count":1,"href":"https:\/\/www.enerjigazetesi.ist\/en\/wp-json\/wp\/v2\/posts\/82476\/revisions"}],"predecessor-version":[{"id":82478,"href":"https:\/\/www.enerjigazetesi.ist\/en\/wp-json\/wp\/v2\/posts\/82476\/revisions\/82478"}],"wp:featuredmedia":[{"embeddable":true,"href":"https:\/\/www.enerjigazetesi.ist\/en\/wp-json\/wp\/v2\/media\/82477"}],"wp:attachment":[{"href":"https:\/\/www.enerjigazetesi.ist\/en\/wp-json\/wp\/v2\/media?parent=82476"}],"wp:term":[{"taxonomy":"category","embeddable":true,"href":"https:\/\/www.enerjigazetesi.ist\/en\/wp-json\/wp\/v2\/categories?post=82476"},{"taxonomy":"post_tag","embeddable":true,"href":"https:\/\/www.enerjigazetesi.ist\/en\/wp-json\/wp\/v2\/tags?post=82476"}],"curies":[{"name":"wp","href":"https:\/\/api.w.org\/{rel}","templated":true}]}}