{"id":8246,"date":"2013-03-13T16:46:28","date_gmt":"2013-03-13T13:46:28","guid":{"rendered":"https:\/\/www.enerjigazetesi.ist\/?p=8246"},"modified":"2013-03-13T16:50:16","modified_gmt":"2013-03-13T13:50:16","slug":"turkiye-enerjide-kopru-yerine-merkez-olmali","status":"publish","type":"post","link":"https:\/\/www.enerjigazetesi.ist\/en\/turkiye-enerjide-kopru-yerine-merkez-olmali\/","title":{"rendered":"(Turkish) T\u00fcrkiye Enerjide K\u00f6pr\u00fc Yerine Merkez Olmal\u0131"},"content":{"rendered":"<p class=\"qtranxs-available-languages-message qtranxs-available-languages-message-en\">Sorry, this entry is only available in <a href=\"https:\/\/www.enerjigazetesi.ist\/tr\/wp-json\/wp\/v2\/posts\/8246\" class=\"qtranxs-available-language-link qtranxs-available-language-link-tr\" title=\"Turkish\">Turkish<\/a>. For the sake of viewer convenience, the content is shown below in the alternative language. You may click the link to switch the active language.<\/p><p><strong>Enerji Ticareti Derne\u011fi (ETD) Ba\u015fkan\u0131 Mustafa Karahan, T\u00fcrkiye\u2019nin enerjide bir koridor ya da k\u00f6pr\u00fc yerine merkez olmas\u0131 gerekti\u011fini belirterek, \u201cBorsa ve OTC piyasalar (tezgah \u00fcst\u00fc piyasalar) olu\u015fursa b\u00f6lgenin t\u00fcm elektrik ve gaz\u0131 T\u00fcrkiye\u2019de al\u0131n\u0131p sat\u0131labilir\u201d dedi.<\/strong><\/p>\n<p>ETD Ba\u015fkan\u0131 Karahan, T\u00fcrkiye\u2019nin b\u00f6lgesindeki en b\u00fcy\u00fck enerji pazar\u0131 olmas\u0131ndan dolay\u0131 \u00f6nemli bir potansiyele sahip oldu\u011funu ifade ederek, \u00fclkenin kendi i\u00e7 dinamiklerinde do\u011fru bir fiyat g\u00f6stergesini sa\u011flayacak mekanizmalar\u0131 kurmas\u0131 gerekti\u011fini s\u00f6yledi.<\/p>\n<p>Bu mekanizmalar\u0131n ilki olmasa da en \u00f6nemlilerinden bir tanesinin enerji borsas\u0131n\u0131n kurulmas\u0131 oldu\u011funu dile getiren Mustafa Karahan, \u015f\u00f6yle devam etti: \u201cFiyat\u0131n herkes i\u00e7in adil belirlendi\u011fi piyasa yap\u0131s\u0131 t\u00fcm payda\u015flar\u0131na g\u00fcven veren piyasa olmakla kalmaz, b\u00f6lgesel olarak da fiyat\u0131n belirlendi\u011fi bir merkeze de katk\u0131 sa\u011flar. Kurulacak borsan\u0131n do\u011fru i\u015flemesiyle hem <strong>enerji \u00fcreticileri<\/strong> hem de<strong> t\u00fcketicileri<\/strong> fayda saylayacak. Do\u011fru fiyattan daha <strong>uzun vadeli i\u015flemler<\/strong> sayesinde riskler y\u00f6netilebilecek.<\/p>\n<p>\u00d6ng\u00f6r\u00fclebilir bir fiyatlama mekanizmas\u0131 banka ve finans kurulu\u015flar\u0131n\u0131n daha iyi ko\u015fullarda fon sa\u011flamas\u0131na yard\u0131mc\u0131 olur. Geli\u015fen piyasa ciddi istihdam ve katma de\u011fer yarat\u0131r, ayn\u0131 zamanda kamuyu da b\u00fcy\u00fck bir y\u00fckten kurtar\u0131r.\u201d<\/p>\n<h2>Orta Do\u011fu ve Kafkasya i\u00e7in adres T\u00fcrkiye<\/h2>\n<p>\u201cT\u00fcrkiye\u2019nin enerjide bir koridor ya da k\u00f6pr\u00fc yerine merkez olmal\u0131. Borsa ve OTC piyasalar olu\u015fursa b\u00f6lgenin t\u00fcm elektrik<img loading=\"lazy\" class=\"alignright size-medium wp-image-8247\" title=\"etd-mustafa-karahan1-505x378\" src=\"https:\/\/www.enerjigazetesi.ist\/wp-content\/uploads\/2013\/03\/etd-mustafa-karahan1-505x378-300x224.jpg\" alt=\"\" width=\"300\" height=\"224\" srcset=\"https:\/\/www.enerjigazetesi.ist\/wp-content\/uploads\/2013\/03\/etd-mustafa-karahan1-505x378-300x224.jpg 300w, https:\/\/www.enerjigazetesi.ist\/wp-content\/uploads\/2013\/03\/etd-mustafa-karahan1-505x378-500x374.jpg 500w, https:\/\/www.enerjigazetesi.ist\/wp-content\/uploads\/2013\/03\/etd-mustafa-karahan1-505x378-66x50.jpg 66w, https:\/\/www.enerjigazetesi.ist\/wp-content\/uploads\/2013\/03\/etd-mustafa-karahan1-505x378.jpg 505w\" sizes=\"(max-width: 300px) 100vw, 300px\" \/> ve gaz\u0131 T\u00fcrkiye\u2019de al\u0131n\u0131p sat\u0131labilir\u201d diyen Karahan, \u00fclkenin ileri ki y\u0131llarda di\u011fer baz\u0131 \u00fcr\u00fcnlerle \u00f6nemli bir pazar haline gelebilece\u011fini vurgulad\u0131.<\/p>\n<p>Orta Do\u011fu ve Kafkasya\u2019da risk almak isteyen yabanc\u0131 yat\u0131r\u0131mc\u0131lar i\u00e7in do\u011fru adresin T\u00fcrkiye olaca\u011f\u0131n\u0131 ifade eden Karahan, \u201cBu piyasalar\u0131n belirleyici etkeni haline gelmek T\u00fcrkiye\u2019nin hem arz g\u00fcvenli\u011fi hem de do\u011fru fiyat sa\u011flamas\u0131 bak\u0131m\u0131ndan \u00e7ok \u00f6nemli. Ancak T\u00fcrkiye halen enerji ticareti (elektrik ve gaz) a\u00e7\u0131s\u0131ndan \u00e7ok zay\u0131f bir durumda. Bunu h\u0131zla de\u011fi\u015ftirmek gerekli.\u201d<\/p>\n<h2>Kamusuz serbest piyasa olmaz<\/h2>\n<p>Enerji sekt\u00f6r\u00fcnde \u00f6zel sekt\u00f6r\u00fcn pay\u0131n\u0131n h\u0131zla artmas\u0131na kar\u015f\u0131n hala istenilen seviyeye ula\u015fmad\u0131\u011f\u0131na dikkati \u00e7eken Karahan, devam edecek elektrik \u00fcretim ve da\u011f\u0131t\u0131m \u00f6zele\u015ftirmelerinin ard\u0131ndan \u00f6zel sekt\u00f6r\u00fcn pay\u0131n\u0131n daha da artaca\u011f\u0131n\u0131 s\u00f6yledi. \u00d6zel sekt\u00f6r\u00fcn artan pay\u0131na kar\u015f\u0131n Elektrik \u00dcretim A\u015e (E\u00dcA\u015e) ve TETA\u015e gibi kamu kurumlar\u0131n\u0131n daha uzun y\u0131llar elektrik piyasas\u0131n\u0131n oyuncular\u0131 olmaya devam edece\u011fini ifade eden Karahan, \u015funlar\u0131 kaydetti: \u201c\u015euna dikkat etmek gerekir, \u2018serbest piyasa\u2019 demek \u2018kamunun olmad\u0131\u011f\u0131 bir piyasa\u2019 demek de\u011fildir. Kamu da kurallar\u0131na g\u00f6re oynarsa gayet iyi bir ticaret pazar\u0131 olabilir.<\/p>\n<p>Burada ticaret olarak bahsedilen \u015fey \u00fcretimden ziyade elektri\u011fin \u00fcretilmeden \u00f6nce birden \u00e7ok kez al\u0131n\u0131p sat\u0131ld\u0131\u011f\u0131 OTC yani tezgah \u00fcst\u00fc piyasalar. \u00dcretimde ideali E\u00dcA\u015e\u2019\u0131n elinde yakla\u015f\u0131k toplam kapasitenin y\u00fczde 10\u2032a kadar bir su kayna\u011f\u0131n\u0131n kalmas\u0131. Di\u011fer taraftan TETA\u015e\u2019\u0131n al\u0131m kontratlar\u0131 ile ald\u0131\u011f\u0131 enerjiyi de adil ko\u015fullar ile piyasaya vermesi \u00e7ok \u00f6nemli.\u201d<\/p>\n<p>Mustafa Karahan, sekt\u00f6r\u00fcn Elektrik Piyasas\u0131 Kanun Tasar\u0131s\u0131\u2019nda Elektrik Piyasas\u0131 A\u015e\u2019nin (EP\u0130A\u015e) kurulmas\u0131n\u0131 \u00e7ok olumlu ve \u00f6nemli bir ad\u0131m olarak g\u00f6rd\u00fc\u011f\u00fcn\u00fc ama enerji tedarikinde rekabetin ko\u015fullar\u0131n\u0131n net olarak belirlenmemesi ve rekabeti bozucu ge\u00e7ici maddelerin kal\u0131c\u0131 hale gelmesine dair d\u00fczenlemeleri be\u011fenmedi\u011fini s\u00f6yledi.<\/p>\n<p>Kaynak: <a href=\"http:\/\/enerjienstitusu.com\/2013\/03\/13\/turkiye-enerjide-kopru-yerine-merkez-olmali\/\" target=\"_blank\">Enerji Enstit\u00fcs\u00fc<\/a><\/p>","protected":false},"excerpt":{"rendered":"<p>Sorry, this entry is only available in Turkish. For the sake of viewer convenience, the content is shown below in the alternative language. You may click the link to switch the active language.Enerji Ticareti Derne\u011fi (ETD) Ba\u015fkan\u0131 Mustafa Karahan, T\u00fcrkiye\u2019nin enerjide bir koridor ya da k\u00f6pr\u00fc yerine merkez olmas\u0131 gerekti\u011fini belirterek, \u201cBorsa ve OTC piyasalar [&hellip;]<\/p>\n","protected":false},"author":1,"featured_media":8247,"comment_status":"open","ping_status":"open","sticky":false,"template":"","format":"standard","meta":[],"categories":[53],"tags":[3441,3445,63,112,67,3443,3440,3444,3437,3438,3442,3439,846],"views":577,"_links":{"self":[{"href":"https:\/\/www.enerjigazetesi.ist\/en\/wp-json\/wp\/v2\/posts\/8246"}],"collection":[{"href":"https:\/\/www.enerjigazetesi.ist\/en\/wp-json\/wp\/v2\/posts"}],"about":[{"href":"https:\/\/www.enerjigazetesi.ist\/en\/wp-json\/wp\/v2\/types\/post"}],"author":[{"embeddable":true,"href":"https:\/\/www.enerjigazetesi.ist\/en\/wp-json\/wp\/v2\/users\/1"}],"replies":[{"embeddable":true,"href":"https:\/\/www.enerjigazetesi.ist\/en\/wp-json\/wp\/v2\/comments?post=8246"}],"version-history":[{"count":4,"href":"https:\/\/www.enerjigazetesi.ist\/en\/wp-json\/wp\/v2\/posts\/8246\/revisions"}],"predecessor-version":[{"id":8250,"href":"https:\/\/www.enerjigazetesi.ist\/en\/wp-json\/wp\/v2\/posts\/8246\/revisions\/8250"}],"wp:featuredmedia":[{"embeddable":true,"href":"https:\/\/www.enerjigazetesi.ist\/en\/wp-json\/wp\/v2\/media\/8247"}],"wp:attachment":[{"href":"https:\/\/www.enerjigazetesi.ist\/en\/wp-json\/wp\/v2\/media?parent=8246"}],"wp:term":[{"taxonomy":"category","embeddable":true,"href":"https:\/\/www.enerjigazetesi.ist\/en\/wp-json\/wp\/v2\/categories?post=8246"},{"taxonomy":"post_tag","embeddable":true,"href":"https:\/\/www.enerjigazetesi.ist\/en\/wp-json\/wp\/v2\/tags?post=8246"}],"curies":[{"name":"wp","href":"https:\/\/api.w.org\/{rel}","templated":true}]}}