{"id":82324,"date":"2018-11-22T00:36:53","date_gmt":"2018-11-21T21:36:53","guid":{"rendered":"https:\/\/www.enerjigazetesi.ist\/?p=82324"},"modified":"2018-11-22T00:36:53","modified_gmt":"2018-11-21T21:36:53","slug":"teksan-amerika-pazarina-odaklandi","status":"publish","type":"post","link":"https:\/\/www.enerjigazetesi.ist\/en\/teksan-amerika-pazarina-odaklandi\/","title":{"rendered":"(Turkish) Teksan, Amerika Pazar\u0131na Odakland\u0131!"},"content":{"rendered":"<p class=\"qtranxs-available-languages-message qtranxs-available-languages-message-en\">Sorry, this entry is only available in <a href=\"https:\/\/www.enerjigazetesi.ist\/tr\/wp-json\/wp\/v2\/posts\/82324\" class=\"qtranxs-available-language-link qtranxs-available-language-link-tr\" title=\"Turkish\">Turkish<\/a>. For the sake of viewer convenience, the content is shown below in the alternative language. You may click the link to switch the active language.<\/p><p><strong>Enerji sekt\u00f6r\u00fc y\u0131l\u0131n son b\u00fcy\u00fck bulu\u015fmas\u0131 olan Power-Gen International 2018 Fuar\u0131\u2019na haz\u0131rlan\u0131yor. Enerji ve elektrik alan\u0131nda sekt\u00f6r\u00fcn en b\u00fcy\u00fck organizasyonlar\u0131ndan biri olan Power\u2013Gen Fuar\u0131 4 &#8211; 6 Aral\u0131k 2018 tarihlerinde Orlando\u2019da d\u00fczenleniyor. \u0130hracat a\u011f\u0131nda \u00f6nemli bir yer tutan ABD pazar\u0131ndan daha fazla pay almak isteyen Teksan Jenerat\u00f6r, UL sertifikal\u0131 \u00fcr\u00fcnleriyle fuar\u0131n en iddial\u0131 firmalar\u0131 aras\u0131nda yer al\u0131yor.<\/strong><\/p>\n<p>Enerji alan\u0131nda en son teknolojilerin tan\u0131t\u0131ld\u0131\u011f\u0131 ve sekt\u00f6r\u00fcn \u00f6nemli oyuncular\u0131n\u0131n yer ald\u0131\u011f\u0131 Power-Gen Fuar\u0131 bu y\u0131l da enerji sekt\u00f6r\u00fcn\u00fcn nabz\u0131n\u0131 tutacak. 4 &#8211; 6 Aral\u0131k 2018 tarihlerinde Orlando\u2019da <img loading=\"lazy\" class=\"alignright size-medium wp-image-82326\" src=\"https:\/\/www.enerjigazetesi.ist\/wp-content\/uploads\/2018\/11\/teksan-amerika-pazarina-odaklandi2-300x189.jpg\" alt=\"\" width=\"300\" height=\"189\" srcset=\"https:\/\/www.enerjigazetesi.ist\/wp-content\/uploads\/2018\/11\/teksan-amerika-pazarina-odaklandi2-300x189.jpg 300w, https:\/\/www.enerjigazetesi.ist\/wp-content\/uploads\/2018\/11\/teksan-amerika-pazarina-odaklandi2-768x483.jpg 768w, https:\/\/www.enerjigazetesi.ist\/wp-content\/uploads\/2018\/11\/teksan-amerika-pazarina-odaklandi2-1024x644.jpg 1024w, https:\/\/www.enerjigazetesi.ist\/wp-content\/uploads\/2018\/11\/teksan-amerika-pazarina-odaklandi2-500x314.jpg 500w, https:\/\/www.enerjigazetesi.ist\/wp-content\/uploads\/2018\/11\/teksan-amerika-pazarina-odaklandi2-80x50.jpg 80w, https:\/\/www.enerjigazetesi.ist\/wp-content\/uploads\/2018\/11\/teksan-amerika-pazarina-odaklandi2.jpg 1034w\" sizes=\"(max-width: 300px) 100vw, 300px\" \/>ger\u00e7ekle\u015fecek d\u00fcnyan\u0131n en \u00f6nemli g\u00fc\u00e7 ve enerji fuarlar\u0131ndan Power-Gen Fuar\u0131, sekt\u00f6r\u00fcn dev firmalar\u0131na ev sahipli\u011fi yapacak.<\/p>\n<p>D\u00fcnyan\u0131n pek \u00e7ok b\u00f6lgesinden binlerce kat\u0131l\u0131mc\u0131 ve ziyaret\u00e7iyi bulu\u015fturacak Power-Gen Fuar\u0131\u2019nda T\u00fcrk enerji sekt\u00f6r\u00fcnde yenilik\u00e7i ve \u00f6nc\u00fc kimli\u011fi ile \u00e7eyrek as\u0131rd\u0131r hizmet veren Teksan Jenerat\u00f6r, UL sertifikal\u0131 \u00e7\u00f6z\u00fcmleri ile yer alacak.<\/p>\n<p>Enerji \u00e7\u00f6z\u00fcmleri ile Amerika\u2019da pek \u00e7ok projenin kesintisiz enerjisini sa\u011flayan Teksan, bu pazardan ald\u0131\u011f\u0131 pay\u0131 art\u0131rmaya odakland\u0131. Uluslararas\u0131 standartlara uygun kaliteli \u00fcretim anlay\u0131\u015f\u0131 ve sat\u0131\u015f sonras\u0131 hizmetleri ile tercih edilen Teksan, bu y\u0131l i\u00e7erisinde ald\u0131\u011f\u0131 ABD\u2019nin CE sertifikas\u0131 olarak tan\u0131mlanabilecek UL sertifikal\u0131 \u00fcr\u00fcnleriyle ABD ve Kanada pazarlar\u0131nda daha etkin olmay\u0131 hedefliyor.<\/p>","protected":false},"excerpt":{"rendered":"<p>Sorry, this entry is only available in Turkish. For the sake of viewer convenience, the content is shown below in the alternative language. You may click the link to switch the active language.Enerji sekt\u00f6r\u00fc y\u0131l\u0131n son b\u00fcy\u00fck bulu\u015fmas\u0131 olan Power-Gen International 2018 Fuar\u0131\u2019na haz\u0131rlan\u0131yor. Enerji ve elektrik alan\u0131nda sekt\u00f6r\u00fcn en b\u00fcy\u00fck organizasyonlar\u0131ndan biri olan Power\u2013Gen [&hellip;]<\/p>\n","protected":false},"author":1,"featured_media":82325,"comment_status":"open","ping_status":"open","sticky":false,"template":"","format":"standard","meta":[],"categories":[51,53],"tags":[1198,3512,34979,19638,34980,26353,67,1009,41580,32611,41578,25924,41579],"views":781,"_links":{"self":[{"href":"https:\/\/www.enerjigazetesi.ist\/en\/wp-json\/wp\/v2\/posts\/82324"}],"collection":[{"href":"https:\/\/www.enerjigazetesi.ist\/en\/wp-json\/wp\/v2\/posts"}],"about":[{"href":"https:\/\/www.enerjigazetesi.ist\/en\/wp-json\/wp\/v2\/types\/post"}],"author":[{"embeddable":true,"href":"https:\/\/www.enerjigazetesi.ist\/en\/wp-json\/wp\/v2\/users\/1"}],"replies":[{"embeddable":true,"href":"https:\/\/www.enerjigazetesi.ist\/en\/wp-json\/wp\/v2\/comments?post=82324"}],"version-history":[{"count":1,"href":"https:\/\/www.enerjigazetesi.ist\/en\/wp-json\/wp\/v2\/posts\/82324\/revisions"}],"predecessor-version":[{"id":82327,"href":"https:\/\/www.enerjigazetesi.ist\/en\/wp-json\/wp\/v2\/posts\/82324\/revisions\/82327"}],"wp:featuredmedia":[{"embeddable":true,"href":"https:\/\/www.enerjigazetesi.ist\/en\/wp-json\/wp\/v2\/media\/82325"}],"wp:attachment":[{"href":"https:\/\/www.enerjigazetesi.ist\/en\/wp-json\/wp\/v2\/media?parent=82324"}],"wp:term":[{"taxonomy":"category","embeddable":true,"href":"https:\/\/www.enerjigazetesi.ist\/en\/wp-json\/wp\/v2\/categories?post=82324"},{"taxonomy":"post_tag","embeddable":true,"href":"https:\/\/www.enerjigazetesi.ist\/en\/wp-json\/wp\/v2\/tags?post=82324"}],"curies":[{"name":"wp","href":"https:\/\/api.w.org\/{rel}","templated":true}]}}