{"id":8232,"date":"2013-03-13T16:18:20","date_gmt":"2013-03-13T13:18:20","guid":{"rendered":"https:\/\/www.enerjigazetesi.ist\/?p=8232"},"modified":"2013-03-13T16:34:33","modified_gmt":"2013-03-13T13:34:33","slug":"ewea-tureb-ruzgar-enerjisi-calistayi-27-mart-2013te-ankarada-yapilacak","status":"publish","type":"post","link":"https:\/\/www.enerjigazetesi.ist\/en\/ewea-tureb-ruzgar-enerjisi-calistayi-27-mart-2013te-ankarada-yapilacak\/","title":{"rendered":"(Turkish) EWEA-T\u00dcREB R\u00fczgar Enerjisi \u00c7al\u0131\u015ftay\u0131 27 Mart 2013&#8217;te Ankara\u2019da&#8230;"},"content":{"rendered":"<p class=\"qtranxs-available-languages-message qtranxs-available-languages-message-en\">Sorry, this entry is only available in <a href=\"https:\/\/www.enerjigazetesi.ist\/tr\/wp-json\/wp\/v2\/posts\/8232\" class=\"qtranxs-available-language-link qtranxs-available-language-link-tr\" title=\"Turkish\">Turkish<\/a>. For the sake of viewer convenience, the content is shown below in the alternative language. You may click the link to switch the active language.<\/p><p><strong>EWEA-T\u00dcREB R\u00fczgar Enerjisi \u00c7al\u0131\u015ftay\u0131 27 Mart 2013 tarihinde Congresium Ankara\u2019da ger\u00e7ekle\u015fecektir.<\/strong><\/p>\n<p>Kat\u0131l\u0131m \u00fccretsiz olup, \u00a0bu <strong>etkinli\u011fe kat\u0131lmak<\/strong> i\u00e7in a\u015fa\u011f\u0131da belirtilen <strong>irtibat bilgilerinden<\/strong> veya ilgili\u00a0<strong>web<\/strong> sitesinden <strong>*kay\u0131t olman\u0131z<\/strong> gerekmektedir.<\/p>\n<p>*Kay\u0131tlar kontenjan ile s\u0131n\u0131rl\u0131d\u0131r.<\/p>\n<p style=\"text-align: center;\"><img loading=\"lazy\" class=\"aligncenter  wp-image-8241\" title=\"ewea-tureb-calistay\" src=\"https:\/\/www.enerjigazetesi.ist\/wp-content\/uploads\/2013\/03\/ewea-tureb-calistay1.jpg\" alt=\"\" width=\"581\" height=\"814\" srcset=\"https:\/\/www.enerjigazetesi.ist\/wp-content\/uploads\/2013\/03\/ewea-tureb-calistay1.jpg 1212w, https:\/\/www.enerjigazetesi.ist\/wp-content\/uploads\/2013\/03\/ewea-tureb-calistay1-285x400.jpg 285w, https:\/\/www.enerjigazetesi.ist\/wp-content\/uploads\/2013\/03\/ewea-tureb-calistay1-35x50.jpg 35w\" sizes=\"(max-width: 581px) 100vw, 581px\" \/><\/p>\n<p>Yay\u0131nc\u0131: <a href=\"https:\/\/www.enerjigazetesi.ist\" target=\"_blank\">Enerji Gazetesi<\/a><\/p>","protected":false},"excerpt":{"rendered":"<p>Sorry, this entry is only available in Turkish. For the sake of viewer convenience, the content is shown below in the alternative language. You may click the link to switch the active language.EWEA-T\u00dcREB R\u00fczgar Enerjisi \u00c7al\u0131\u015ftay\u0131 27 Mart 2013 tarihinde Congresium Ankara\u2019da ger\u00e7ekle\u015fecektir. Kat\u0131l\u0131m \u00fccretsiz olup, \u00a0bu etkinli\u011fe kat\u0131lmak i\u00e7in a\u015fa\u011f\u0131da belirtilen irtibat bilgilerinden veya [&hellip;]<\/p>\n","protected":false},"author":1,"featured_media":8235,"comment_status":"open","ping_status":"open","sticky":false,"template":"","format":"standard","meta":[],"categories":[53,50],"tags":[2674,3433,3434,67,3432,16,3435,3436],"views":946,"_links":{"self":[{"href":"https:\/\/www.enerjigazetesi.ist\/en\/wp-json\/wp\/v2\/posts\/8232"}],"collection":[{"href":"https:\/\/www.enerjigazetesi.ist\/en\/wp-json\/wp\/v2\/posts"}],"about":[{"href":"https:\/\/www.enerjigazetesi.ist\/en\/wp-json\/wp\/v2\/types\/post"}],"author":[{"embeddable":true,"href":"https:\/\/www.enerjigazetesi.ist\/en\/wp-json\/wp\/v2\/users\/1"}],"replies":[{"embeddable":true,"href":"https:\/\/www.enerjigazetesi.ist\/en\/wp-json\/wp\/v2\/comments?post=8232"}],"version-history":[{"count":8,"href":"https:\/\/www.enerjigazetesi.ist\/en\/wp-json\/wp\/v2\/posts\/8232\/revisions"}],"predecessor-version":[{"id":8240,"href":"https:\/\/www.enerjigazetesi.ist\/en\/wp-json\/wp\/v2\/posts\/8232\/revisions\/8240"}],"wp:featuredmedia":[{"embeddable":true,"href":"https:\/\/www.enerjigazetesi.ist\/en\/wp-json\/wp\/v2\/media\/8235"}],"wp:attachment":[{"href":"https:\/\/www.enerjigazetesi.ist\/en\/wp-json\/wp\/v2\/media?parent=8232"}],"wp:term":[{"taxonomy":"category","embeddable":true,"href":"https:\/\/www.enerjigazetesi.ist\/en\/wp-json\/wp\/v2\/categories?post=8232"},{"taxonomy":"post_tag","embeddable":true,"href":"https:\/\/www.enerjigazetesi.ist\/en\/wp-json\/wp\/v2\/tags?post=8232"}],"curies":[{"name":"wp","href":"https:\/\/api.w.org\/{rel}","templated":true}]}}