{"id":82221,"date":"2018-11-19T18:06:45","date_gmt":"2018-11-19T15:06:45","guid":{"rendered":"https:\/\/www.enerjigazetesi.ist\/?p=82221"},"modified":"2018-11-19T18:06:45","modified_gmt":"2018-11-19T15:06:45","slug":"trakyada-hayatin-enerjisi-fotograf-yarismasinin-odulleri-sahiplerini-buldu","status":"publish","type":"post","link":"https:\/\/www.enerjigazetesi.ist\/en\/trakyada-hayatin-enerjisi-fotograf-yarismasinin-odulleri-sahiplerini-buldu\/","title":{"rendered":"(Turkish) \u201cTrakya\u2019da Hayat\u0131n Enerjisi\u201d Foto\u011fraf Yar\u0131\u015fmas\u0131n\u0131n \u00d6d\u00fclleri Sahiplerini Buldu"},"content":{"rendered":"<p class=\"qtranxs-available-languages-message qtranxs-available-languages-message-en\">Sorry, this entry is only available in <a href=\"https:\/\/www.enerjigazetesi.ist\/tr\/wp-json\/wp\/v2\/posts\/82221\" class=\"qtranxs-available-language-link qtranxs-available-language-link-tr\" title=\"Turkish\">Turkish<\/a>. For the sake of viewer convenience, the content is shown below in the alternative language. You may click the link to switch the active language.<\/p><p><strong>Trakya Elektrik Da\u011f\u0131t\u0131m A.\u015e. (TREDA\u015e) taraf\u0131ndan d\u00fczenlenen \u201cTrakya\u2019da Hayat\u0131n Enerjisi\u201d konulu Foto\u011fraf Yar\u0131\u015fmas\u0131\u2019nda dereceye girenlere \u00f6d\u00fclleri verildi.<\/strong><\/p>\n<p>Bu y\u0131l ilk kez d\u00fczenlenen <strong>\u201cTrakya\u2019da Hayat\u0131n Enerjisi\u201d<\/strong> konulu foto\u011fraf yar\u0131\u015fmas\u0131n\u0131n \u00f6d\u00fclleri, TREDA\u015e Genel M\u00fcd\u00fcrl\u00fc\u011f\u00fc\u2019nde yap\u0131lan t\u00f6renle verildi. Yar\u0131\u015fmada, Sezgin Uzuncaova birincili\u011fe lay\u0131k g\u00f6r\u00fcld\u00fc ve alt\u0131n madalyan\u0131n sahibi oldu. \u0130kinci olan Turhan \u00dclg\u00fcd\u00fcr g\u00fcm\u00fc\u015f madalya, \u00fc\u00e7\u00fcnc\u00fc olan \u00dcmit <img loading=\"lazy\" class=\"alignleft size-medium wp-image-82222\" src=\"https:\/\/www.enerjigazetesi.ist\/wp-content\/uploads\/2018\/11\/trakyada-hayatin-enerjisi-fotograf-yarismasinin-odulleri-sahiplerini-buldu-300x213.jpg\" alt=\"\" width=\"300\" height=\"213\" srcset=\"https:\/\/www.enerjigazetesi.ist\/wp-content\/uploads\/2018\/11\/trakyada-hayatin-enerjisi-fotograf-yarismasinin-odulleri-sahiplerini-buldu-300x213.jpg 300w, https:\/\/www.enerjigazetesi.ist\/wp-content\/uploads\/2018\/11\/trakyada-hayatin-enerjisi-fotograf-yarismasinin-odulleri-sahiplerini-buldu-500x355.jpg 500w, https:\/\/www.enerjigazetesi.ist\/wp-content\/uploads\/2018\/11\/trakyada-hayatin-enerjisi-fotograf-yarismasinin-odulleri-sahiplerini-buldu-70x50.jpg 70w, https:\/\/www.enerjigazetesi.ist\/wp-content\/uploads\/2018\/11\/trakyada-hayatin-enerjisi-fotograf-yarismasinin-odulleri-sahiplerini-buldu.jpg 687w\" sizes=\"(max-width: 300px) 100vw, 300px\" \/>Varol ise bronz madalya kazand\u0131. Ayr\u0131ca birinciye 2 bin lira, ikinciye bin 500 lira, \u00fc\u00e7\u00fcnc\u00fcye bin lira, mansiyon \u00f6d\u00fcl\u00fcn\u00fc kazanan Ahmet Turan Kural, Mesut Karaduman ve \u00dcmit Varol\u2019a 400\u2019er lira, sergilenmeye de\u011fer bulunan 30 eser sahibine de mansiyon \u00f6d\u00fcl\u00fc verildi.<\/p>\n<p>\u00d6d\u00fcl t\u00f6reninin ard\u0131ndan sergilenmeye de\u011fer bulunan eserlerden olu\u015fan foto\u011fraf sergisi de TREDA\u015e Genel M\u00fcd\u00fcrl\u00fc\u011f\u00fc Sergi Salonu\u2019nda a\u00e7\u0131ld\u0131.<\/p>\n<p>TREDA\u015e Da\u011f\u0131t\u0131m Grup Direkt\u00f6r\u00fc Re\u015fit Bilgili, t\u00f6rende yapt\u0131\u011f\u0131 konu\u015fmada, birincisini d\u00fczenledikleri yar\u0131\u015fmaya yo\u011fun bir ilginin oldu\u011funu belirterek, \u201cHayat\u0131n enerjisini, sanat heyecanl\u0131lar\u0131n\u0131n y\u00fcksek kat\u0131l\u0131m\u0131 ile ger\u00e7ekle\u015fen birbirinden orijinal 1024 Trakya foto\u011fraf\u0131yla da g\u00f6rm\u00fc\u015f olduk. Projenin ba\u015far\u0131yla tamamlanmas\u0131nda eme\u011fi ge\u00e7en herkese \u00e7ok te\u015fekk\u00fcr ediyorum. Foto\u011fraf sanat\u0131na g\u00f6n\u00fcl vermi\u015f arkada\u015flar\u0131m\u0131za da bundan sonraki \u00e7al\u0131\u015fmalar\u0131nda ba\u015far\u0131lar diliyorum\u201d diye konu\u015ftu.<\/p>\n<p>Dijital kategoriden olu\u015fan yar\u0131\u015fmada de\u011ferlendirmeyi foto\u011fraf sanat\u00e7\u0131lar\u0131 Co\u015fkun Aral, Garbis \u00d6zatay ve Tekirda\u011f Foto\u011fraf Sanat\u0131 Derne\u011fi Ba\u015fkan Yard\u0131mc\u0131s\u0131 Hilmi Baysal yapt\u0131. Yar\u0131\u015fma, Trakya Elektrik Da\u011f\u0131t\u0131m A.\u015e. taraf\u0131ndan, sanata ve sanat\u00e7\u0131ya sayg\u0131 ba\u011flam\u0131nda T\u00fcrkiye Foto\u011fraf Sanat\u0131 Federasyonu (TFSF) deste\u011fiyle d\u00fczenlendi.<\/p>","protected":false},"excerpt":{"rendered":"<p>Sorry, this entry is only available in Turkish. For the sake of viewer convenience, the content is shown below in the alternative language. You may click the link to switch the active language.Trakya Elektrik Da\u011f\u0131t\u0131m A.\u015e. (TREDA\u015e) taraf\u0131ndan d\u00fczenlenen \u201cTrakya\u2019da Hayat\u0131n Enerjisi\u201d konulu Foto\u011fraf Yar\u0131\u015fmas\u0131\u2019nda dereceye girenlere \u00f6d\u00fclleri verildi. Bu y\u0131l ilk kez d\u00fczenlenen \u201cTrakya\u2019da [&hellip;]<\/p>\n","protected":false},"author":1,"featured_media":82222,"comment_status":"open","ping_status":"open","sticky":false,"template":"","format":"standard","meta":[],"categories":[51,53],"tags":[34979,19638,34980,26353,67,1009,5001,41527,12369,41526,12370],"views":1029,"_links":{"self":[{"href":"https:\/\/www.enerjigazetesi.ist\/en\/wp-json\/wp\/v2\/posts\/82221"}],"collection":[{"href":"https:\/\/www.enerjigazetesi.ist\/en\/wp-json\/wp\/v2\/posts"}],"about":[{"href":"https:\/\/www.enerjigazetesi.ist\/en\/wp-json\/wp\/v2\/types\/post"}],"author":[{"embeddable":true,"href":"https:\/\/www.enerjigazetesi.ist\/en\/wp-json\/wp\/v2\/users\/1"}],"replies":[{"embeddable":true,"href":"https:\/\/www.enerjigazetesi.ist\/en\/wp-json\/wp\/v2\/comments?post=82221"}],"version-history":[{"count":1,"href":"https:\/\/www.enerjigazetesi.ist\/en\/wp-json\/wp\/v2\/posts\/82221\/revisions"}],"predecessor-version":[{"id":82223,"href":"https:\/\/www.enerjigazetesi.ist\/en\/wp-json\/wp\/v2\/posts\/82221\/revisions\/82223"}],"wp:featuredmedia":[{"embeddable":true,"href":"https:\/\/www.enerjigazetesi.ist\/en\/wp-json\/wp\/v2\/media\/82222"}],"wp:attachment":[{"href":"https:\/\/www.enerjigazetesi.ist\/en\/wp-json\/wp\/v2\/media?parent=82221"}],"wp:term":[{"taxonomy":"category","embeddable":true,"href":"https:\/\/www.enerjigazetesi.ist\/en\/wp-json\/wp\/v2\/categories?post=82221"},{"taxonomy":"post_tag","embeddable":true,"href":"https:\/\/www.enerjigazetesi.ist\/en\/wp-json\/wp\/v2\/tags?post=82221"}],"curies":[{"name":"wp","href":"https:\/\/api.w.org\/{rel}","templated":true}]}}