{"id":82182,"date":"2018-11-18T22:38:12","date_gmt":"2018-11-18T19:38:12","guid":{"rendered":"https:\/\/www.enerjigazetesi.ist\/?p=82182"},"modified":"2018-11-18T22:38:12","modified_gmt":"2018-11-18T19:38:12","slug":"gunes-enerjisi-sistemlerinde-teknisyenlere-olan-ihtiyac-artiyor","status":"publish","type":"post","link":"https:\/\/www.enerjigazetesi.ist\/en\/gunes-enerjisi-sistemlerinde-teknisyenlere-olan-ihtiyac-artiyor\/","title":{"rendered":"(Turkish) G\u00fcne\u015f Enerjisi Sistemlerinde Teknisyenlere Olan \u0130htiya\u00e7 Art\u0131yor"},"content":{"rendered":"<p class=\"qtranxs-available-languages-message qtranxs-available-languages-message-en\">Sorry, this entry is only available in <a href=\"https:\/\/www.enerjigazetesi.ist\/tr\/wp-json\/wp\/v2\/posts\/82182\" class=\"qtranxs-available-language-link qtranxs-available-language-link-tr\" title=\"Turkish\">Turkish<\/a>. For the sake of viewer convenience, the content is shown below in the alternative language. You may click the link to switch the active language.<\/p><p><strong>Digitalage.com\u2019da yay\u0131nlanan habere g\u00f6re; yenilenebilir enerjide yeni i\u015f f\u0131rsatlar\u0131 art\u0131yor ve yak\u0131n gelecekte g\u00fcne\u015f enerjisi sistemleri teknisyenleri \u00f6n planda yer alacak.<\/strong><\/p>\n<p>G\u00fcne\u015f enerjisi sistemleri teknisyeni, en basit anlat\u0131mla g\u00fcne\u015f enerjisinden elektrik \u00fcreten b\u00fcy\u00fck ve k\u00fc\u00e7\u00fck \u00e7apl\u0131 santrallar\u0131n kurulumunda g\u00f6rev alan yetkili ki\u015fi. Bu ki\u015fi ayn\u0131 zamanda g\u00fcne\u015f enerjisi <strong><img loading=\"lazy\" class=\"alignright size-medium wp-image-82183\" src=\"https:\/\/www.enerjigazetesi.ist\/wp-content\/uploads\/2018\/11\/gunes-enerjisi-sistemlerinde-teknisyenlere-olan-ihtiyac-artiyor-300x174.jpg\" alt=\"\" width=\"300\" height=\"174\" srcset=\"https:\/\/www.enerjigazetesi.ist\/wp-content\/uploads\/2018\/11\/gunes-enerjisi-sistemlerinde-teknisyenlere-olan-ihtiyac-artiyor-300x174.jpg 300w, https:\/\/www.enerjigazetesi.ist\/wp-content\/uploads\/2018\/11\/gunes-enerjisi-sistemlerinde-teknisyenlere-olan-ihtiyac-artiyor-500x291.jpg 500w, https:\/\/www.enerjigazetesi.ist\/wp-content\/uploads\/2018\/11\/gunes-enerjisi-sistemlerinde-teknisyenlere-olan-ihtiyac-artiyor-80x46.jpg 80w, https:\/\/www.enerjigazetesi.ist\/wp-content\/uploads\/2018\/11\/gunes-enerjisi-sistemlerinde-teknisyenlere-olan-ihtiyac-artiyor.jpg 585w\" sizes=\"(max-width: 300px) 100vw, 300px\" \/><\/strong>santrallarinin operasyonu, bak\u0131m ve onar\u0131m\u0131 ile ar\u0131zalar\u0131n giderilmesini de \u00fcstleniyor.<\/p>\n<p><strong>Teknik \u00f6zellikleri nedir?<\/strong><\/p>\n<p>G\u00fcne\u015f enerjisi sistemleri teknisyeninin g\u00fcne\u015f enerji sistemleri i\u00e7in gerekli teknik \u00e7izimleri yapabilmesi, bu sistemlerin test ve \u00f6l\u00e7\u00fcmlerini ger\u00e7ekle\u015ftirmesi, g\u00fcne\u015f panellerinin bak\u0131m\u0131 ve onar\u0131m\u0131n\u0131 yapabilmesi ve sistemleri amirlerinin denetiminde i\u015fletilmesini sa\u011flamak gibi \u00f6zelliklere sahip olmas\u0131 gerekiyor.<\/p>\n<p><strong>\u00c7al\u0131\u015fma \u015fartlar\u0131 ve ortam\u0131<\/strong><\/p>\n<p>Daha \u00e7ok a\u00e7\u0131k havada \u00e7al\u0131\u015f\u0131r. Zaman zaman g\u00fcne\u015fle do\u011frudan temas\u0131n oldu\u011fu noktalarda, g\u00fcr\u00fclt\u00fc, toz, koku ve y\u00fcksek derecede g\u00fcne\u015fe maruz kalmak da \u00e7al\u0131\u015fma ortam\u0131n\u0131n par\u00e7as\u0131d\u0131r. \u00c7al\u0131\u015fma ortam\u0131nda \u00e7ok say\u0131da elektrik ve mekanik bile\u015fen ba\u011flant\u0131lar\u0131 mevcut. Uzun s\u00fcre bu i\u015fte \u00e7al\u0131\u015fanlarda sedef hastal\u0131\u011f\u0131 ve g\u00fcne\u015f lekesi gibi \u00e7e\u015fitli rahats\u0131zl\u0131klar g\u00f6r\u00fclebiliyor.<\/p>\n<p><strong>Neden gelece\u011fin mesleklerinden biri?<\/strong><\/p>\n<p>\u0130nsanl\u0131\u011f\u0131n enerji ihtiyac\u0131 g\u00fcn ge\u00e7tik\u00e7e art\u0131yor. Bunun sonucunda da enerji kaynaklar\u0131 \u00e7e\u015fitleniyor ve \u00e7evreci kaynaklara y\u00f6neli\u015f \u00f6ne \u00e7\u0131k\u0131yor. G\u00fcne\u015f enerjisi de bu kaynaklar aras\u0131nda \u00f6nemli bir yere sahip ve bu sistemlere yap\u0131lan yat\u0131r\u0131mlar y\u00fckseli\u015fte. Dolay\u0131s\u0131yla, g\u00fcne\u015f enerjisi alan\u0131nda \u00e7al\u0131\u015facak insan g\u00fcc\u00fcne talep b\u00fcy\u00fcyecek ve teknisyenlere i\u015f imk\u00e2n\u0131 sa\u011flanacak.<\/p>\n<p>Kaynak: Digitalage.com<\/p>","protected":false},"excerpt":{"rendered":"<p>Sorry, this entry is only available in Turkish. For the sake of viewer convenience, the content is shown below in the alternative language. You may click the link to switch the active language.Digitalage.com\u2019da yay\u0131nlanan habere g\u00f6re; yenilenebilir enerjide yeni i\u015f f\u0131rsatlar\u0131 art\u0131yor ve yak\u0131n gelecekte g\u00fcne\u015f enerjisi sistemleri teknisyenleri \u00f6n planda yer alacak. G\u00fcne\u015f enerjisi [&hellip;]<\/p>\n","protected":false},"author":1,"featured_media":82183,"comment_status":"open","ping_status":"open","sticky":false,"template":"","format":"standard","meta":[],"categories":[51,53,49],"tags":[67,1009,23416,1876,41503,12474,23133,23131],"views":931,"_links":{"self":[{"href":"https:\/\/www.enerjigazetesi.ist\/en\/wp-json\/wp\/v2\/posts\/82182"}],"collection":[{"href":"https:\/\/www.enerjigazetesi.ist\/en\/wp-json\/wp\/v2\/posts"}],"about":[{"href":"https:\/\/www.enerjigazetesi.ist\/en\/wp-json\/wp\/v2\/types\/post"}],"author":[{"embeddable":true,"href":"https:\/\/www.enerjigazetesi.ist\/en\/wp-json\/wp\/v2\/users\/1"}],"replies":[{"embeddable":true,"href":"https:\/\/www.enerjigazetesi.ist\/en\/wp-json\/wp\/v2\/comments?post=82182"}],"version-history":[{"count":1,"href":"https:\/\/www.enerjigazetesi.ist\/en\/wp-json\/wp\/v2\/posts\/82182\/revisions"}],"predecessor-version":[{"id":82184,"href":"https:\/\/www.enerjigazetesi.ist\/en\/wp-json\/wp\/v2\/posts\/82182\/revisions\/82184"}],"wp:featuredmedia":[{"embeddable":true,"href":"https:\/\/www.enerjigazetesi.ist\/en\/wp-json\/wp\/v2\/media\/82183"}],"wp:attachment":[{"href":"https:\/\/www.enerjigazetesi.ist\/en\/wp-json\/wp\/v2\/media?parent=82182"}],"wp:term":[{"taxonomy":"category","embeddable":true,"href":"https:\/\/www.enerjigazetesi.ist\/en\/wp-json\/wp\/v2\/categories?post=82182"},{"taxonomy":"post_tag","embeddable":true,"href":"https:\/\/www.enerjigazetesi.ist\/en\/wp-json\/wp\/v2\/tags?post=82182"}],"curies":[{"name":"wp","href":"https:\/\/api.w.org\/{rel}","templated":true}]}}