{"id":82086,"date":"2018-11-16T15:21:05","date_gmt":"2018-11-16T12:21:05","guid":{"rendered":"https:\/\/www.enerjigazetesi.ist\/?p=82086"},"modified":"2018-11-16T15:21:05","modified_gmt":"2018-11-16T12:21:05","slug":"evdeki-enerjiyi-verimli-kullan-ay-sonu-faturalarda-verimlilik-elde-et","status":"publish","type":"post","link":"https:\/\/www.enerjigazetesi.ist\/en\/evdeki-enerjiyi-verimli-kullan-ay-sonu-faturalarda-verimlilik-elde-et\/","title":{"rendered":"(Turkish) Evdeki Enerjiyi Verimli Kullan Ay Sonu Faturalarda Verimlilik Elde Et!"},"content":{"rendered":"<p class=\"qtranxs-available-languages-message qtranxs-available-languages-message-en\">Sorry, this entry is only available in <a href=\"https:\/\/www.enerjigazetesi.ist\/tr\/wp-json\/wp\/v2\/posts\/82086\" class=\"qtranxs-available-language-link qtranxs-available-language-link-tr\" title=\"Turkish\">Turkish<\/a>. For the sake of viewer convenience, the content is shown below in the alternative language. You may click the link to switch the active language.<\/p><p><strong>Evinizde t\u00fcketti\u011finiz enerjinin ne kadar\u0131n\u0131 verimli kullan\u0131yorsunuz ya da ya\u015fad\u0131\u011f\u0131n\u0131z ev ne kadar enerji dostu? Evinizde yapaca\u011f\u0131n\u0131z ufak d\u00fczenlemeler ve edinece\u011finiz yeni tasarruf al\u0131\u015fkanl\u0131klar\u0131 ile enerji t\u00fcketimini azaltabilir ve kulland\u0131\u011f\u0131n\u0131z enerjiden y\u00fcksek verimlilik elde edebilirsiniz. Enerji israf\u0131n\u0131 azaltaca\u011f\u0131n\u0131z uygulamalar ile ay sonunda faturalar\u0131n\u0131z\u0131 da d\u00fc\u015f\u00fcrebilirsiniz.\u00a0<\/strong><strong>Binalarda en \u00e7ok \u0131s\u0131 kayb\u0131n\u0131n ger\u00e7ekle\u015fti\u011fine dikkat \u00e7eken Yap\u0131larda Enerji Verimlili\u011fi Derne\u011fi \u2013 VER\u0130MDER, enerji tasarrufu i\u00e7in al\u0131nmas\u0131 gereken \u00f6nlemleri s\u0131ralad\u0131.<\/strong><\/p>\n<p>Teknoloji ve \u015fehirle\u015fmenin artmas\u0131 ile birlikte ihtiya\u00e7 duydu\u011fumuz enerjide de art\u0131\u015f g\u00f6zleniyor. Ancak enerjinin bilin\u00e7siz t\u00fcketimi, her ge\u00e7en g\u00fcn azalan enerji kaynaklar\u0131m\u0131z\u0131 olumsuz etkilerken, ev i\u00e7i ekonomik b\u00fct\u00e7emizi de sars\u0131yor. \u00d6zellikle k\u0131\u015f aylar\u0131n\u0131n gelmesi ile birlikte \u0131s\u0131nma i\u00e7in ihtiya\u00e7 duyulan <img loading=\"lazy\" class=\"alignleft size-medium wp-image-82087\" src=\"https:\/\/www.enerjigazetesi.ist\/wp-content\/uploads\/2018\/11\/evdeki-enerjiyi-verimli-kullan-ay-sonu-faturalarda-verimlilik-elde-et1-300x167.jpg\" alt=\"\" width=\"300\" height=\"167\" srcset=\"https:\/\/www.enerjigazetesi.ist\/wp-content\/uploads\/2018\/11\/evdeki-enerjiyi-verimli-kullan-ay-sonu-faturalarda-verimlilik-elde-et1-300x167.jpg 300w, https:\/\/www.enerjigazetesi.ist\/wp-content\/uploads\/2018\/11\/evdeki-enerjiyi-verimli-kullan-ay-sonu-faturalarda-verimlilik-elde-et1-768x427.jpg 768w, https:\/\/www.enerjigazetesi.ist\/wp-content\/uploads\/2018\/11\/evdeki-enerjiyi-verimli-kullan-ay-sonu-faturalarda-verimlilik-elde-et1-500x278.jpg 500w, https:\/\/www.enerjigazetesi.ist\/wp-content\/uploads\/2018\/11\/evdeki-enerjiyi-verimli-kullan-ay-sonu-faturalarda-verimlilik-elde-et1-80x44.jpg 80w, https:\/\/www.enerjigazetesi.ist\/wp-content\/uploads\/2018\/11\/evdeki-enerjiyi-verimli-kullan-ay-sonu-faturalarda-verimlilik-elde-et1.jpg 878w\" sizes=\"(max-width: 300px) 100vw, 300px\" \/>enerji miktar\u0131, faturalarda da g\u00f6zle g\u00f6r\u00fcl\u00fcr art\u0131\u015fa neden oluyor. Bununla birlikte \u00e7o\u011fu ki\u015fi, ev i\u00e7erisinde \u0131s\u0131namad\u0131\u011f\u0131ndan yak\u0131n\u0131yor. Oysa enerjiyi do\u011fru t\u00fcketerek evlerin verimli enerji t\u00fcketen evler haline gelmesini sa\u011flayabiliriz.<\/p>\n<p>Kamuoyunu yap\u0131larda \u0131s\u0131 yal\u0131t\u0131m\u0131, enerji verimlili\u011fi ve tasarrufu konular\u0131nda bilin\u00e7lendirmek amac\u0131yla kurulan Yap\u0131larda Enerji Verimlili\u011fi Derne\u011fi &#8211; VER\u0130MDER; ev ekonomisinde planlanacak ilk ad\u0131m\u0131n enerji tasarrufu \u00fczerine olmas\u0131 gerekti\u011fini vurguluyor. T\u00fcketicilerin g\u00fcnl\u00fck ya\u015famlar\u0131nda edinecekleri yeni al\u0131\u015fkanl\u0131klar ve ufak \u00f6nlemlerin faturalarda azalmalar\u0131 da sa\u011flayaca\u011f\u0131n\u0131 ekleyen VER\u0130MDER;<u> t\u00fcketicilere tasarruf \u00f6nerilerinde bulunuyor: <\/u><\/p>\n<p><strong>1- TASARRUF ODAKLI ALI\u015eKANLIK ED\u0130N\u0130N:<\/strong> Ev i\u00e7erisinde tasarruf yapabilmek i\u00e7in ailedeki t\u00fcm bireylerin bilin\u00e7li olmas\u0131 gerekir. Ailece g\u00fcnl\u00fck hayat\u0131n\u0131zda edinece\u011finiz yeni al\u0131\u015fkanl\u0131klar ile enerji t\u00fcketiminde tasarruf elde edebilirsiniz. Du\u015f s\u00fcresini k\u0131sa tutmak, gereksiz yere a\u00e7\u0131k olan \u0131\u015f\u0131klar\u0131 s\u00f6nd\u00fcrmek, kullan\u0131lmayan elektronik cihazlar\u0131n kapat\u0131lmas\u0131 asl\u0131nda yap\u0131lacak ilk basit \u00f6nlemlerden baz\u0131lar\u0131.<\/p>\n<p><strong>2- MUTLAKA YALITIM YAPTIRIN: <\/strong>Binalarda en \u00e7ok \u0131s\u0131 kay\u0131plar\u0131 ya\u015fan\u0131yor. K\u0131\u015f\u0131n \u0131s\u0131nmak yaz\u0131n da serinlemek i\u00e7in kullan\u0131lan enerjiyi daha verimli k\u0131lman\u0131n yolu ise yal\u0131t\u0131mdan ge\u00e7iyor. Is\u0131 yal\u0131t\u0131m\u0131 ile k\u0131\u015f\u0131n \u00f6denen <u>do\u011falgaz faturalar\u0131nda y\u00fczde 50<\/u> dolaylar\u0131nda tasarruf elde edebilirsiniz.<\/p>\n<p><strong>3- KULLANMADI\u011eINIZ RADYAT\u00d6R\u00dc KAPATIN: <\/strong>Evinizde kullanmad\u0131\u011f\u0131n\u0131z bir odada bulunan radyat\u00f6r\u00fc pasif konuma getirebilirsiniz. Bu sayede kulland\u0131\u011f\u0131n\u0131z di\u011fer radyat\u00f6rlerden sa\u011flanacak daha fazla \u0131s\u0131 g\u00f6nderimi ile odan\u0131n s\u0131cakl\u0131\u011f\u0131n\u0131 y\u00fckseltebilirsiniz.<\/p>\n<p><strong>4- BEYAZ E\u015eYALAR DA AKILLANIYOR:<\/strong> Teknolojinin ilerlemesi ile birlikte g\u00fcnl\u00fck hayat\u0131m\u0131zda yaln\u0131zca \u00e7ama\u015f\u0131r y\u0131kamaya, yemek pi\u015firmeye ya da yemekleri saklamaya yarayan beyaz e\u015fyalar da ak\u0131ll\u0131 hale geldi. Beyaz e\u015fyalar\u0131n\u0131z\u0131 de\u011fi\u015ftirmeyi d\u00fc\u015f\u00fcn\u00fcyorsan\u0131z tercihiniz mutlaka yeni nesil ak\u0131ll\u0131 beyaz e\u015fyalardan olsun. \u00c7ama\u015f\u0131r makineleri, \u00e7ama\u015f\u0131r miktar\u0131na g\u00f6re su ve deterjan eklerken, ak\u0131ll\u0131 f\u0131r\u0131nlar ise yeme\u011fin cinsine g\u00f6re derece ve s\u00fcre ayar\u0131 yapabiliyor. Bu sayede enerjiyi daha verimli kullanabilmek m\u00fcmk\u00fcn.<\/p>\n<p><strong>5- G\u00dcNE\u015eL\u0130 G\u00dcNLERDE EV \u0130\u00c7\u0130NE G\u00dcNE\u015e DEPOLAYIN:<\/strong> Do\u011fal enerji kayna\u011f\u0131 olan g\u00fcne\u015ften maksimum d\u00fczeyde faydalanmaya \u00e7al\u0131\u015f\u0131n. G\u00fcne\u015fli g\u00fcnlerde perdeli a\u00e7\u0131k tutarak g\u00fcn i\u00e7inde evi i\u00e7i s\u0131cakl\u0131\u011f\u0131 y\u00fckseltebilirsiniz. Her g\u00fcn evinizi havaland\u0131rmak i\u00e7in sabah saatleri yerine g\u00fcne\u015fin en tepede oldu\u011fu \u00f6\u011flen saatlerini tercih edin.<\/p>\n<p><strong>6- AKILLI SAYA\u00c7LAR \u0130LE ENERJ\u0130Y\u0130 TAK\u0130P ED\u0130N:<\/strong> Elektrikte ya\u015fanan d\u00fczensizlikler ya da ka\u00e7ak elektrik kullan\u0131m\u0131 en \u00e7ok faturalara olumsuz yans\u0131yor. Elektrikteki enerji kay\u0131plar\u0131n\u0131 engellemek i\u00e7in evinize takaca\u011f\u0131n\u0131z ak\u0131ll\u0131 saya\u00e7lar ile kullan\u0131lan enerjiyi takip edebilir, ya\u015fanan de\u011fi\u015fimleri kontrol edebilirsiniz.<\/p>\n<p><strong>7- SICAKLIK PENCERELERDEN KA\u00c7MASIN:<\/strong> Bina duvarlar\u0131nda yal\u0131t\u0131m ile birlikte pencerelerinizi de kontrol etmeniz gerekir. Evinizdeki pencerelerin yal\u0131t\u0131ml\u0131 olmas\u0131na dikkat edin. Ayr\u0131ca pencere kenarlar\u0131ndan da i\u00e7erisi hava giri\u015fini engellemek i\u00e7in pencere kenarlar\u0131n\u0131n iyice kapat\u0131ld\u0131\u011f\u0131na emin olun.<\/p>\n<p><strong>8- F\u0130\u015eLER\u0130 PR\u0130ZDEN \u00c7EK\u0130N:<\/strong> Televiyon, bilgisayar gibi pek \u00e7ok elektronik cihaz kapat\u0131lsa dahi prizde olmalar\u0131 durumunda elektrik t\u00fcketimine devam eder. Bu nedenle kullan\u0131lmayan elektronik cihazlar\u0131n fi\u015flerini prizden \u00e7ekti\u011finize emin olun.<\/p>\n<p><strong>9- ESTET\u0130\u011e\u0130NE DE\u011e\u0130L \u0130\u015eLEV\u0130NE D\u0130KKAT ED\u0130N:<\/strong> Ev dekorasyonunda \u00f6nemli bir yere sahip perdeleri yaln\u0131zca s\u00fcs i\u00e7in kullanmay\u0131n. Uzun ve kal\u0131n perdeler s\u0131cakl\u0131\u011f\u0131 korurken, pencere \u00f6n\u00fcnde kullan\u0131lmal\u0131. Sahip oldu\u011funuz \u0131s\u0131t\u0131c\u0131 radyat\u00f6r\u00fcn \u00f6n\u00fc perde ile kapat\u0131lmamal\u0131.<\/p>\n<p><strong>10- RADYAT\u00d6RLER\u0130N\u0130ZE \u0130Y\u0130 BAKIN:<\/strong> Kulland\u0131\u011f\u0131n\u0131z radyat\u00f6r ve kombinizin d\u00fczenli bak\u0131mlar\u0131n\u0131 aksatmay\u0131n. Mutlaka her sene en az bir kere radyat\u00f6rlerin havas\u0131 al\u0131nmal\u0131 ve aktif olarak kullan\u0131lmaya ba\u015fland\u0131\u011f\u0131 zaman \u00fczerine \u00f6rt\u00fc ya da kurutmak i\u00e7in k\u0131yafet konulmamal\u0131.<\/p>","protected":false},"excerpt":{"rendered":"<p>Sorry, this entry is only available in Turkish. For the sake of viewer convenience, the content is shown below in the alternative language. You may click the link to switch the active language.Evinizde t\u00fcketti\u011finiz enerjinin ne kadar\u0131n\u0131 verimli kullan\u0131yorsunuz ya da ya\u015fad\u0131\u011f\u0131n\u0131z ev ne kadar enerji dostu? Evinizde yapaca\u011f\u0131n\u0131z ufak d\u00fczenlemeler ve edinece\u011finiz yeni tasarruf [&hellip;]<\/p>\n","protected":false},"author":1,"featured_media":82088,"comment_status":"open","ping_status":"open","sticky":false,"template":"","format":"standard","meta":[],"categories":[51,53,52],"tags":[67,1009,103,37792,37793],"views":869,"_links":{"self":[{"href":"https:\/\/www.enerjigazetesi.ist\/en\/wp-json\/wp\/v2\/posts\/82086"}],"collection":[{"href":"https:\/\/www.enerjigazetesi.ist\/en\/wp-json\/wp\/v2\/posts"}],"about":[{"href":"https:\/\/www.enerjigazetesi.ist\/en\/wp-json\/wp\/v2\/types\/post"}],"author":[{"embeddable":true,"href":"https:\/\/www.enerjigazetesi.ist\/en\/wp-json\/wp\/v2\/users\/1"}],"replies":[{"embeddable":true,"href":"https:\/\/www.enerjigazetesi.ist\/en\/wp-json\/wp\/v2\/comments?post=82086"}],"version-history":[{"count":1,"href":"https:\/\/www.enerjigazetesi.ist\/en\/wp-json\/wp\/v2\/posts\/82086\/revisions"}],"predecessor-version":[{"id":82089,"href":"https:\/\/www.enerjigazetesi.ist\/en\/wp-json\/wp\/v2\/posts\/82086\/revisions\/82089"}],"wp:featuredmedia":[{"embeddable":true,"href":"https:\/\/www.enerjigazetesi.ist\/en\/wp-json\/wp\/v2\/media\/82088"}],"wp:attachment":[{"href":"https:\/\/www.enerjigazetesi.ist\/en\/wp-json\/wp\/v2\/media?parent=82086"}],"wp:term":[{"taxonomy":"category","embeddable":true,"href":"https:\/\/www.enerjigazetesi.ist\/en\/wp-json\/wp\/v2\/categories?post=82086"},{"taxonomy":"post_tag","embeddable":true,"href":"https:\/\/www.enerjigazetesi.ist\/en\/wp-json\/wp\/v2\/tags?post=82086"}],"curies":[{"name":"wp","href":"https:\/\/api.w.org\/{rel}","templated":true}]}}