{"id":8206,"date":"2013-03-13T11:27:17","date_gmt":"2013-03-13T08:27:17","guid":{"rendered":"https:\/\/www.enerjigazetesi.ist\/?p=8206"},"modified":"2013-03-13T11:27:41","modified_gmt":"2013-03-13T08:27:41","slug":"acaristanda-hes-projelerimiz-olacak","status":"publish","type":"post","link":"https:\/\/www.enerjigazetesi.ist\/en\/acaristanda-hes-projelerimiz-olacak\/","title":{"rendered":"(Turkish) Acaristan&#8217;da HES Projelerimiz Olacak"},"content":{"rendered":"<p class=\"qtranxs-available-languages-message qtranxs-available-languages-message-en\">Sorry, this entry is only available in <a href=\"https:\/\/www.enerjigazetesi.ist\/tr\/wp-json\/wp\/v2\/posts\/8206\" class=\"qtranxs-available-language-link qtranxs-available-language-link-tr\" title=\"Turkish\">Turkish<\/a>. For the sake of viewer convenience, the content is shown below in the alternative language. You may click the link to switch the active language.<\/p><p><strong>G\u00fcrcistan&#8217;\u0131n Acara \u00d6zerk Cumhuriyeti H\u00fck\u00fcmet Ba\u015fkan\u0131 Archil Khabadze, Deriner Baraj\u0131&#8217;n\u0131n T\u00fcrkiye&#8217;nin ve b\u00f6lgenin enerji geli\u015fimi konusunda b\u00fcy\u00fck katk\u0131 sa\u011flayaca\u011f\u0131n\u0131 s\u00f6yledi.<\/strong><\/p>\n<p>Ziyaret ve incelemelerde bulunmak \u00fczere Artvin&#8217;e gelen Khabadze ve beraberindeki heyet, Artvin Valisi Necmettin Kalkan, \u0130l Jandarma Komutan\u0131 Jandarma Albay Alper S\u0131r, Emniyet M\u00fcd\u00fcr\u00fc H\u00fcsrev Salmaner, DS\u0130 26. B\u00f6lge M\u00fcd\u00fcr\u00fc Muammer Kele\u015f ile Deriner Baraj\u0131&#8217;nda incelemelerde bulundu.<\/p>\n<p>Baraj\u0131n g\u00f6vdesi \u00fczerinde yaya olarak bir s\u00fcre gezen Khabadze, daha sonra \u00e7elik halatl\u0131 kafese binerek baraj\u0131 havadan inceledi.<br \/>\nKhabadze, \u00e7elik halatl\u0131 kafeste gazetecilere yapt\u0131\u011f\u0131 a\u00e7\u0131klamada, muhte\u015fem bir baraj in\u015fa edildi\u011fini ifade ederek, &#8220;Heyet olarak baraja hayran kald\u0131k. Baraj inan\u0131yorum ki T\u00fcrkiye&#8217;nin ve b\u00f6lgenin enerji geli\u015fimi konusunda b\u00fcy\u00fck katk\u0131 sa\u011flayacak&#8221; dedi.<\/p>\n<p><img loading=\"lazy\" class=\"alignright size-medium wp-image-8207\" title=\"acaristan-hes-projesi\" src=\"https:\/\/www.enerjigazetesi.ist\/wp-content\/uploads\/2013\/03\/acaristan-hes-projesi-300x181.jpg\" alt=\"\" width=\"300\" height=\"181\" srcset=\"https:\/\/www.enerjigazetesi.ist\/wp-content\/uploads\/2013\/03\/acaristan-hes-projesi-300x181.jpg 300w, https:\/\/www.enerjigazetesi.ist\/wp-content\/uploads\/2013\/03\/acaristan-hes-projesi-80x48.jpg 80w, https:\/\/www.enerjigazetesi.ist\/wp-content\/uploads\/2013\/03\/acaristan-hes-projesi.jpg 480w\" sizes=\"(max-width: 300px) 100vw, 300px\" \/>Acara b\u00f6lgesinde birka\u00e7 hidroelektrik santral (HES) kurmay\u0131 d\u00fc\u015f\u00fcnd\u00fcklerini belirten Khabadze, &#8220;Bunun i\u00e7in buradaki arkada\u015flar\u0131m\u0131z\u0131n deneyimlerinden faydalanaca\u011f\u0131z. Elektri\u011fin su sayesinde \u00fcretilmesi daha uygun ama bunun yan etkilerini g\u00f6z \u00f6n\u00fcnde bulundurmam\u0131z laz\u0131m. Bu konuda buradaki arkada\u015flar\u0131m\u0131n deneyimleri \u00e7ok, bu deneyimlerinden \u00fclke olarak faydalanmay\u0131 d\u00fc\u015f\u00fcn\u00fcyoruz&#8221; diye konu\u015ftu.<\/p>\n<p>&#8220;Beyaz k\u0131skan\u00e7l\u0131kla bakt\u0131m&#8221;<br \/>\nKhabadze ve beraberindeki heyet daha sonra Artvin Ticaret ve Sanayi Odas\u0131&#8217;n\u0131 ziyaret ederek, Meclis Ba\u015fkan\u0131 Bahattin Demir\u00f6z ve Y\u00f6netim Kurulu Ba\u015fkan Yard\u0131mc\u0131s\u0131 Tuncer P\u0131nar ile bir s\u00fcre sohbet etti.<\/p>\n<p>Khabadze, burada yapt\u0131\u011f\u0131 konu\u015fmada, Artvin topraklar\u0131nda devasa projelerin yerine getirilmesinin b\u00fcy\u00fck ba\u015far\u0131 oldu\u011funu s\u00f6yledi.<br \/>\nEnerji sekt\u00f6r\u00fcn\u00fcn ba\u015far\u0131l\u0131 \u015fekilde y\u00fcr\u00fct\u00fclmesinin \u00e7ok ciddi bir geli\u015fme oldu\u011funu kaydeden Khabadze, &#8220;Enerji sekt\u00f6r\u00fcne b\u00f6yle b\u00fcy\u00fck yat\u0131r\u0131mlar yap\u0131lmas\u0131 \u00e7ok g\u00fczel. Bizim imrenme manas\u0131nda s\u00f6yledi\u011fimiz bir laf vard\u0131r &#8216;beyaz k\u0131skan\u00e7l\u0131k&#8217; diye. Ben baraja &#8216;beyaz k\u0131skan\u00e7l\u0131k&#8217; ile bakt\u0131m. Biz de G\u00fcrcistan olarak HES&#8217;ler konusunda ciddi bir s\u00fcrece girmi\u015f durumunday\u0131z. Acaristan&#8217;da \u00c7oruh Nehri \u00fczerinde T\u00fcrk ve yabanc\u0131 yat\u0131r\u0131mc\u0131larla birlikte yap\u0131lacak HES projelerimiz olacak&#8221; dedi.<\/p>\n<p>Turizmin geli\u015fmesi i\u00e7in son be\u015f y\u0131lda \u00f6zellikle T\u00fcrk yat\u0131r\u0131mc\u0131lar\u0131n, \u00fclkelerine \u00f6nemli yat\u0131r\u0131mlar yapt\u0131\u011f\u0131n\u0131 belirten Khabadze, \u015f\u00f6yle konu\u015ftu:<br \/>\n&#8220;2012 y\u0131l\u0131nda yakla\u015f\u0131k 1,5 milyon insan ge\u00e7i\u015f yaparak \u00fclkemize geldi. Bunlar\u0131n y\u00fczde 50&#8217;si bizim insanlar\u0131m\u0131z, di\u011fer y\u00fczde 50&#8217;lik k\u0131s\u0131m da d\u0131\u015far\u0131dan gelen insanlar. D\u0131\u015far\u0131dan gelen insanlar\u0131n \u00e7o\u011funu da T\u00fcrkiye&#8217;den gelen turistler olu\u015fturdu.<\/p>\n<p>K\u00fc\u00e7\u00fck hizmet kurulu\u015flar\u0131n\u0131n yan\u0131 s\u0131ra kumar turizmi de geli\u015fti. T\u00fcrkiye, Ermenistan, \u0130srail, Azerbaycan ve b\u00f6lge \u00fclkelerde oyun makineleri yasak oldu\u011fu i\u00e7in G\u00fcrcistan&#8217;a ve \u00f6zellikle Batum&#8217;a \u00e7ok say\u0131da turist geliyor. Benim bildi\u011fim Batum&#8217;da \u00e7ok yo\u011fun bir kumar kitlesi olan 5 kumarhane var. Bunlardan 4 tanesini T\u00fcrk yat\u0131r\u0131mc\u0131lar i\u015fletiyor. Turizmden b\u00f6lge olarak sadece yaz mevsiminde de\u011fil, b\u00fct\u00fcn aylarda faydalanmak istiyoruz. \u00d6rne\u011fin kayak merkezimizi geli\u015ftirmek istiyoruz.<\/p>\n<p>K\u0131\u015f\u0131n da turistlerin b\u00f6lgemize gelmesini arzu ediyoruz.&#8221; Artvin Ticaret ve Sanayi Odas\u0131 Meclis Ba\u015fkan\u0131 Demir\u00f6z ise a\u00e7\u0131lmas\u0131 d\u00fc\u015f\u00fcn\u00fclen Muratl\u0131 S\u0131n\u0131r Kap\u0131s\u0131&#8217;n\u0131n hizmete girmesini oda olarak olumlu kar\u015f\u0131lad\u0131klar\u0131n\u0131 belirterek, &#8220;Muratl\u0131 S\u0131n\u0131r Kap\u0131s\u0131 do\u011fuya a\u00e7\u0131lan bir kap\u0131 olaca\u011f\u0131 i\u00e7in bu kap\u0131n\u0131n a\u00e7\u0131lmas\u0131n\u0131 \u00e7ok \u00f6nemsiyoruz&#8221; dedi.<\/p>\n<p>Ziyaret sonunda Demir\u00f6z, Khabadze&#8217;ye \u00fczerinde bo\u011fa fig\u00fcr\u00fc olan bak\u0131r tozundan i\u015flenmi\u015f tablo hediye etti.<\/p>\n<p>Kaynak: <a href=\"http:\/\/www.energyworld.com.tr\/root.vol?title=-quotacaristan-39da-hes-projelerimiz-olacak-quot&amp;exec=page&amp;nid=514769\" target=\"_blank\">Energy World<\/a><\/p>","protected":false},"excerpt":{"rendered":"<p>Sorry, this entry is only available in Turkish. For the sake of viewer convenience, the content is shown below in the alternative language. You may click the link to switch the active language.G\u00fcrcistan&#8217;\u0131n Acara \u00d6zerk Cumhuriyeti H\u00fck\u00fcmet Ba\u015fkan\u0131 Archil Khabadze, Deriner Baraj\u0131&#8217;n\u0131n T\u00fcrkiye&#8217;nin ve b\u00f6lgenin enerji geli\u015fimi konusunda b\u00fcy\u00fck katk\u0131 sa\u011flayaca\u011f\u0131n\u0131 s\u00f6yledi. Ziyaret ve incelemelerde [&hellip;]<\/p>\n","protected":false},"author":1,"featured_media":8207,"comment_status":"open","ping_status":"open","sticky":false,"template":"","format":"standard","meta":[],"categories":[53,47],"tags":[3404,3406,1089,63,67,3405,35370,1090],"views":1053,"_links":{"self":[{"href":"https:\/\/www.enerjigazetesi.ist\/en\/wp-json\/wp\/v2\/posts\/8206"}],"collection":[{"href":"https:\/\/www.enerjigazetesi.ist\/en\/wp-json\/wp\/v2\/posts"}],"about":[{"href":"https:\/\/www.enerjigazetesi.ist\/en\/wp-json\/wp\/v2\/types\/post"}],"author":[{"embeddable":true,"href":"https:\/\/www.enerjigazetesi.ist\/en\/wp-json\/wp\/v2\/users\/1"}],"replies":[{"embeddable":true,"href":"https:\/\/www.enerjigazetesi.ist\/en\/wp-json\/wp\/v2\/comments?post=8206"}],"version-history":[{"count":2,"href":"https:\/\/www.enerjigazetesi.ist\/en\/wp-json\/wp\/v2\/posts\/8206\/revisions"}],"predecessor-version":[{"id":8209,"href":"https:\/\/www.enerjigazetesi.ist\/en\/wp-json\/wp\/v2\/posts\/8206\/revisions\/8209"}],"wp:featuredmedia":[{"embeddable":true,"href":"https:\/\/www.enerjigazetesi.ist\/en\/wp-json\/wp\/v2\/media\/8207"}],"wp:attachment":[{"href":"https:\/\/www.enerjigazetesi.ist\/en\/wp-json\/wp\/v2\/media?parent=8206"}],"wp:term":[{"taxonomy":"category","embeddable":true,"href":"https:\/\/www.enerjigazetesi.ist\/en\/wp-json\/wp\/v2\/categories?post=8206"},{"taxonomy":"post_tag","embeddable":true,"href":"https:\/\/www.enerjigazetesi.ist\/en\/wp-json\/wp\/v2\/tags?post=8206"}],"curies":[{"name":"wp","href":"https:\/\/api.w.org\/{rel}","templated":true}]}}