{"id":81990,"date":"2018-11-14T12:22:14","date_gmt":"2018-11-14T09:22:14","guid":{"rendered":"https:\/\/www.enerjigazetesi.ist\/?p=81990"},"modified":"2018-11-14T12:25:44","modified_gmt":"2018-11-14T09:25:44","slug":"ab-maliye-bakanlarindan-iklim-finansmani-icin-seffaflik-cagrisi","status":"publish","type":"post","link":"https:\/\/www.enerjigazetesi.ist\/en\/ab-maliye-bakanlarindan-iklim-finansmani-icin-seffaflik-cagrisi\/","title":{"rendered":"(Turkish) AB Maliye Bakanlar\u0131ndan \u0130klim Finansman\u0131 \u0130\u00e7in \u015eeffafl\u0131k \u00c7a\u011fr\u0131s\u0131"},"content":{"rendered":"<p class=\"qtranxs-available-languages-message qtranxs-available-languages-message-en\">Sorry, this entry is only available in <a href=\"https:\/\/www.enerjigazetesi.ist\/tr\/wp-json\/wp\/v2\/posts\/81990\" class=\"qtranxs-available-language-link qtranxs-available-language-link-tr\" title=\"Turkish\">Turkish<\/a>. For the sake of viewer convenience, the content is shown below in the alternative language. You may click the link to switch the active language.<\/p><p><strong>AB\u2019deki ekonomi ve maliye bakanlar\u0131, iklim de\u011fi\u015fikli\u011fine kar\u015f\u0131 kullan\u0131lacak kamu ve \u00f6zel sekt\u00f6r harcamalar\u0131n\u0131n y\u00fckseltilmesinin gereklili\u011fini vurgulayarak \u00e7ok tarafl\u0131 kalk\u0131nma bankalar\u0131n\u0131n k\u00f6m\u00fcre finansman sa\u011flamay\u0131 durdurmalar\u0131 konusunda da uyar\u0131da bulundular.<\/strong><\/p>\n<p>Ge\u00e7en hafta Br\u00fcksel\u2019deki bir toplant\u0131 sonras\u0131nda a\u00e7\u0131klamada bulunan Avrupa Birli\u011fi\u2019ndeki (AB) ekonomi ve maliye bakanlar\u0131, sera gaz\u0131 emisyonlar\u0131n\u0131n azalt\u0131lmas\u0131nda ve iklim de\u011fi\u015fikli\u011finin etkilerine uyum <img loading=\"lazy\" class=\"alignright size-medium wp-image-81991\" src=\"https:\/\/www.enerjigazetesi.ist\/wp-content\/uploads\/2018\/11\/ab-maliye-bakanlarindan-iklim-finansmani-icin-seffaflik-cagrisi1-300x200.jpg\" alt=\"\" width=\"300\" height=\"200\" srcset=\"https:\/\/www.enerjigazetesi.ist\/wp-content\/uploads\/2018\/11\/ab-maliye-bakanlarindan-iklim-finansmani-icin-seffaflik-cagrisi1-300x200.jpg 300w, https:\/\/www.enerjigazetesi.ist\/wp-content\/uploads\/2018\/11\/ab-maliye-bakanlarindan-iklim-finansmani-icin-seffaflik-cagrisi1-500x333.jpg 500w, https:\/\/www.enerjigazetesi.ist\/wp-content\/uploads\/2018\/11\/ab-maliye-bakanlarindan-iklim-finansmani-icin-seffaflik-cagrisi1-75x50.jpg 75w, https:\/\/www.enerjigazetesi.ist\/wp-content\/uploads\/2018\/11\/ab-maliye-bakanlarindan-iklim-finansmani-icin-seffaflik-cagrisi1-450x300.jpg 450w, https:\/\/www.enerjigazetesi.ist\/wp-content\/uploads\/2018\/11\/ab-maliye-bakanlarindan-iklim-finansmani-icin-seffaflik-cagrisi1.jpg 663w\" sizes=\"(max-width: 300px) 100vw, 300px\" \/>sa\u011flanmas\u0131nda yaln\u0131zca kamu maliyesinin \u201casla yeterli olmayaca\u011f\u0131n\u0131\u201d vurgulad\u0131lar. Bu nedenle kamu politikas\u0131n\u0131n \u00f6zel sekt\u00f6r i\u00e7in s\u00fcrd\u00fcr\u00fclebilir yat\u0131r\u0131mlar\u0131n \u00f6n\u00fcn\u00fc a\u00e7mas\u0131 gerekti\u011fini s\u00f6ylediler.<\/p>\n<p>Bakanlar, Paris Anla\u015fmas\u0131\u2019n\u0131n temelini olu\u015fturan g\u00fc\u00e7l\u00fc \u015feffafl\u0131k kurallar\u0131n\u0131n, \u00fclkelerin mali yard\u0131m da dahil olmak \u00fczere taahh\u00fctleri \u00fczerinden ger\u00e7ekle\u015ftirdikleri ilerlemenin takip edilmesine yard\u0131mc\u0131 olaca\u011f\u0131n\u0131 dile getirdi.<\/p>\n<p>\u015eeffafl\u0131k \u00e7er\u00e7evesi, \u00f6n\u00fcm\u00fczdeki ay ger\u00e7ekle\u015fecek ve \u00fclkelerin Paris Anla\u015fmas\u0131\u2019n\u0131 hayata ge\u00e7irmesi i\u00e7in gerekli kurallar \u00fczerinde anla\u015fmaya varmay\u0131 ama\u00e7layan <strong>COP24<\/strong>\u2019\u00fcn \u00f6ncesinde en tart\u0131\u015fmal\u0131 konulardan birisini olu\u015fturuyor. ABD ve AB, geli\u015fmi\u015f ve geli\u015fmekte olan \u00fclkeler aras\u0131nda g\u00fc\u00e7l\u00fc raporlama ve izleme kurallar\u0131 uygulamak istiyor. \u00c7in dahil geli\u015fmekte olan ekonomiler ise, geli\u015fmi\u015f ekonomilere nazaran daha zay\u0131f sorumluluklar istiyorlar.<\/p>\n<p>Ekonomi ve maliye bakanlar\u0131, AB\u2019nin ayn\u0131 zamanda geli\u015fmekte olan \u00fclkelerdeki projelere finansman sa\u011flayan BM\u2019nin Ye\u015fil \u0130klim Fonu\u2019nu yenilemeye kararl\u0131 oldu\u011funu s\u00f6ylediler. Buna ek olarak bakanlar, \u00e7ok tarafl\u0131 kalk\u0131nma bankalar\u0131n\u0131 kendi rollerini yapmaya ve \u201csorumlu yat\u0131r\u0131m politikalar\u0131n\u0131 benimsemeye ve k\u00f6m\u00fcr santrallarinin finansman\u0131n\u0131 durdurmaya\u201d \u00e7a\u011f\u0131rd\u0131lar.<\/p>\n<p>Hatice K\u00fcbra G\u00fcney \u2013 Elektrik Elektronik M\u00fchendisli\u011fi \u2013 kubra.guney@enerjigazetesi.ist<\/p>","protected":false},"excerpt":{"rendered":"<p>Sorry, this entry is only available in Turkish. For the sake of viewer convenience, the content is shown below in the alternative language. You may click the link to switch the active language.AB\u2019deki ekonomi ve maliye bakanlar\u0131, iklim de\u011fi\u015fikli\u011fine kar\u015f\u0131 kullan\u0131lacak kamu ve \u00f6zel sekt\u00f6r harcamalar\u0131n\u0131n y\u00fckseltilmesinin gereklili\u011fini vurgulayarak \u00e7ok tarafl\u0131 kalk\u0131nma bankalar\u0131n\u0131n k\u00f6m\u00fcre finansman [&hellip;]<\/p>\n","protected":false},"author":1,"featured_media":81991,"comment_status":"open","ping_status":"open","sticky":false,"template":"","format":"standard","meta":[],"categories":[53],"tags":[1192,2132,40221,25180,67,1009,39550,1999,37347,41361,27427,8967,41360],"views":763,"_links":{"self":[{"href":"https:\/\/www.enerjigazetesi.ist\/en\/wp-json\/wp\/v2\/posts\/81990"}],"collection":[{"href":"https:\/\/www.enerjigazetesi.ist\/en\/wp-json\/wp\/v2\/posts"}],"about":[{"href":"https:\/\/www.enerjigazetesi.ist\/en\/wp-json\/wp\/v2\/types\/post"}],"author":[{"embeddable":true,"href":"https:\/\/www.enerjigazetesi.ist\/en\/wp-json\/wp\/v2\/users\/1"}],"replies":[{"embeddable":true,"href":"https:\/\/www.enerjigazetesi.ist\/en\/wp-json\/wp\/v2\/comments?post=81990"}],"version-history":[{"count":1,"href":"https:\/\/www.enerjigazetesi.ist\/en\/wp-json\/wp\/v2\/posts\/81990\/revisions"}],"predecessor-version":[{"id":81992,"href":"https:\/\/www.enerjigazetesi.ist\/en\/wp-json\/wp\/v2\/posts\/81990\/revisions\/81992"}],"wp:featuredmedia":[{"embeddable":true,"href":"https:\/\/www.enerjigazetesi.ist\/en\/wp-json\/wp\/v2\/media\/81991"}],"wp:attachment":[{"href":"https:\/\/www.enerjigazetesi.ist\/en\/wp-json\/wp\/v2\/media?parent=81990"}],"wp:term":[{"taxonomy":"category","embeddable":true,"href":"https:\/\/www.enerjigazetesi.ist\/en\/wp-json\/wp\/v2\/categories?post=81990"},{"taxonomy":"post_tag","embeddable":true,"href":"https:\/\/www.enerjigazetesi.ist\/en\/wp-json\/wp\/v2\/tags?post=81990"}],"curies":[{"name":"wp","href":"https:\/\/api.w.org\/{rel}","templated":true}]}}