{"id":81961,"date":"2018-11-13T16:53:39","date_gmt":"2018-11-13T13:53:39","guid":{"rendered":"https:\/\/www.enerjigazetesi.ist\/?p=81961"},"modified":"2018-11-13T16:53:39","modified_gmt":"2018-11-13T13:53:39","slug":"enerji-verimliligine-yapilacak-yatirimla-yatirim-miktarinin-3-kati-tasarruf","status":"publish","type":"post","link":"https:\/\/www.enerjigazetesi.ist\/en\/enerji-verimliligine-yapilacak-yatirimla-yatirim-miktarinin-3-kati-tasarruf\/","title":{"rendered":"(Turkish) Enerji Verimlili\u011fi&#8217;ne Yap\u0131lacak Yat\u0131r\u0131mla Yat\u0131r\u0131m Miktar\u0131n\u0131n 3 Kat\u0131 Tasarruf!"},"content":{"rendered":"<p class=\"qtranxs-available-languages-message qtranxs-available-languages-message-en\">Sorry, this entry is only available in <a href=\"https:\/\/www.enerjigazetesi.ist\/tr\/wp-json\/wp\/v2\/posts\/81961\" class=\"qtranxs-available-language-link qtranxs-available-language-link-tr\" title=\"Turkish\">Turkish<\/a>. For the sake of viewer convenience, the content is shown below in the alternative language. You may click the link to switch the active language.<\/p><p><strong>Enerji Verimlili\u011fi Derne\u011fi 5. Ola\u011fan\u00fcst\u00fc Genel Kurul Toplant\u0131s\u0131 \u201cT\u00fcrkiye\u2019nin Enerjisi Y\u00fckseliyor\u201d temas\u0131yla \u0130stanbul\u2019da yap\u0131ld\u0131. Toplant\u0131ya Enerji ve Tabii Kaynaklar Bakan\u0131 Fatih D\u00f6nmez, Avrupa Birli\u011fi ve Devlet eski Bakan\u0131 Egemen Ba\u011f\u0131\u015f ve TBMM Enerji Komisyonu Ba\u015fkan\u0131 Mustafa Elita\u015f\u2019\u0131n yan\u0131 s\u0131ra \u00e7ok STK temsilcisi kat\u0131l\u0131m sa\u011flad\u0131.<\/strong><\/p>\n<p>Enerji ve Tabii Kaynaklar Bakan\u0131 Fatih D\u00f6nmez yapt\u0131\u011f\u0131 konu\u015fmada &#8220;Verimli enerji, y\u00fcksek katma de\u011ferdir. 2023 y\u0131l\u0131na kadar enerji verimlili\u011fi alan\u0131nda yakla\u015f\u0131k 11 milyar dolar yat\u0131r\u0131m ger\u00e7ekle\u015ftirmeyi <img loading=\"lazy\" class=\"alignleft size-medium wp-image-81962\" src=\"https:\/\/www.enerjigazetesi.ist\/wp-content\/uploads\/2018\/11\/enerji-verimliligine-yapilacak-yatirimla-yatirim-miktarinin-3-kati-tasarruf-300x141.jpg\" alt=\"\" width=\"300\" height=\"141\" srcset=\"https:\/\/www.enerjigazetesi.ist\/wp-content\/uploads\/2018\/11\/enerji-verimliligine-yapilacak-yatirimla-yatirim-miktarinin-3-kati-tasarruf-300x141.jpg 300w, https:\/\/www.enerjigazetesi.ist\/wp-content\/uploads\/2018\/11\/enerji-verimliligine-yapilacak-yatirimla-yatirim-miktarinin-3-kati-tasarruf-768x360.jpg 768w, https:\/\/www.enerjigazetesi.ist\/wp-content\/uploads\/2018\/11\/enerji-verimliligine-yapilacak-yatirimla-yatirim-miktarinin-3-kati-tasarruf-500x234.jpg 500w, https:\/\/www.enerjigazetesi.ist\/wp-content\/uploads\/2018\/11\/enerji-verimliligine-yapilacak-yatirimla-yatirim-miktarinin-3-kati-tasarruf-80x38.jpg 80w, https:\/\/www.enerjigazetesi.ist\/wp-content\/uploads\/2018\/11\/enerji-verimliligine-yapilacak-yatirimla-yatirim-miktarinin-3-kati-tasarruf.jpg 806w\" sizes=\"(max-width: 300px) 100vw, 300px\" \/>hedefliyoruz. 2023 y\u0131l\u0131na kadar k\u00fcm\u00fclatif olarak yakla\u015f\u0131k 24 milyon ton e\u015fde\u011fer petrol tasarrufu da ger\u00e7ekle\u015ftirmi\u015f olaca\u011f\u0131z. 2033&#8217;e geldi\u011fimizde ise elde edece\u011fimiz tasarruf miktar\u0131 yat\u0131r\u0131m miktar\u0131n\u0131n yakla\u015f\u0131k 3 kat\u0131 kadar olacakt\u0131r. Ba\u015fka bir ifadeyle bir koyup \u00fc\u00e7 kazanaca\u011f\u0131z\u201d ifadelerini kulland\u0131.<\/p>\n<p>T\u00fcrkiye\u2019nin enerji verimlili\u011fi yat\u0131r\u0131mlar\u0131na y\u00f6nelik D\u00fcnya Bankas\u0131 ile 200 milyon dolarl\u0131k bir kaynak anla\u015fmas\u0131na vard\u0131\u011f\u0131n\u0131 dile getiren D\u00f6nmez \u201d \u00d6n\u00fcm\u00fczdeki d\u00f6nem, kamuda enerji verimlili\u011fi yat\u0131r\u0131mlar\u0131n\u0131n finansman\u0131 i\u00e7in D\u00fcnya Bankas\u0131 ile yakla\u015f\u0131k 200 milyon dolarl\u0131k bir kaynak anla\u015fmas\u0131na da vard\u0131k. Kamu binalar\u0131m\u0131z\u0131n ba\u015fta \u0131s\u0131 yal\u0131t\u0131m\u0131 olmak \u00fczere enerji tasarrufuna d\u00f6n\u00fck \u00e7al\u0131\u015fmalar\u0131 i\u00e7in merkezi idari birimlerin ve belediyelerle birlikte yerel y\u00f6netimler uzun vadeli ve d\u00fc\u015f\u00fck faizli bu kaynaktan yararlanm\u0131\u015f olacakt\u0131r\u201d dedi.<\/p>\n<p>&nbsp;<\/p>","protected":false},"excerpt":{"rendered":"<p>Sorry, this entry is only available in Turkish. For the sake of viewer convenience, the content is shown below in the alternative language. You may click the link to switch the active language.Enerji Verimlili\u011fi Derne\u011fi 5. Ola\u011fan\u00fcst\u00fc Genel Kurul Toplant\u0131s\u0131 \u201cT\u00fcrkiye\u2019nin Enerjisi Y\u00fckseliyor\u201d temas\u0131yla \u0130stanbul\u2019da yap\u0131ld\u0131. Toplant\u0131ya Enerji ve Tabii Kaynaklar Bakan\u0131 Fatih D\u00f6nmez, Avrupa [&hellip;]<\/p>\n","protected":false},"author":1,"featured_media":81962,"comment_status":"open","ping_status":"open","sticky":false,"template":"","format":"standard","meta":[],"categories":[53,52],"tags":[41334,67,1009,1389,12,1525,26559,27530,846,133,793],"views":820,"_links":{"self":[{"href":"https:\/\/www.enerjigazetesi.ist\/en\/wp-json\/wp\/v2\/posts\/81961"}],"collection":[{"href":"https:\/\/www.enerjigazetesi.ist\/en\/wp-json\/wp\/v2\/posts"}],"about":[{"href":"https:\/\/www.enerjigazetesi.ist\/en\/wp-json\/wp\/v2\/types\/post"}],"author":[{"embeddable":true,"href":"https:\/\/www.enerjigazetesi.ist\/en\/wp-json\/wp\/v2\/users\/1"}],"replies":[{"embeddable":true,"href":"https:\/\/www.enerjigazetesi.ist\/en\/wp-json\/wp\/v2\/comments?post=81961"}],"version-history":[{"count":1,"href":"https:\/\/www.enerjigazetesi.ist\/en\/wp-json\/wp\/v2\/posts\/81961\/revisions"}],"predecessor-version":[{"id":81963,"href":"https:\/\/www.enerjigazetesi.ist\/en\/wp-json\/wp\/v2\/posts\/81961\/revisions\/81963"}],"wp:featuredmedia":[{"embeddable":true,"href":"https:\/\/www.enerjigazetesi.ist\/en\/wp-json\/wp\/v2\/media\/81962"}],"wp:attachment":[{"href":"https:\/\/www.enerjigazetesi.ist\/en\/wp-json\/wp\/v2\/media?parent=81961"}],"wp:term":[{"taxonomy":"category","embeddable":true,"href":"https:\/\/www.enerjigazetesi.ist\/en\/wp-json\/wp\/v2\/categories?post=81961"},{"taxonomy":"post_tag","embeddable":true,"href":"https:\/\/www.enerjigazetesi.ist\/en\/wp-json\/wp\/v2\/tags?post=81961"}],"curies":[{"name":"wp","href":"https:\/\/api.w.org\/{rel}","templated":true}]}}