{"id":81925,"date":"2018-11-12T17:25:18","date_gmt":"2018-11-12T14:25:18","guid":{"rendered":"https:\/\/www.enerjigazetesi.ist\/?p=81925"},"modified":"2018-11-12T17:25:18","modified_gmt":"2018-11-12T14:25:18","slug":"surdurulebilir-yasam-film-festivali-22-25-kasimda-istanbulda","status":"publish","type":"post","link":"https:\/\/www.enerjigazetesi.ist\/en\/surdurulebilir-yasam-film-festivali-22-25-kasimda-istanbulda\/","title":{"rendered":"(Turkish) S\u00fcrd\u00fcr\u00fclebilir Ya\u015fam Film Festivali 22-25 Kas\u0131m&#8217;da \u0130stanbul&#8217;da!"},"content":{"rendered":"<p class=\"qtranxs-available-languages-message qtranxs-available-languages-message-en\">Sorry, this entry is only available in <a href=\"https:\/\/www.enerjigazetesi.ist\/tr\/wp-json\/wp\/v2\/posts\/81925\" class=\"qtranxs-available-language-link qtranxs-available-language-link-tr\" title=\"Turkish\">Turkish<\/a>. For the sake of viewer convenience, the content is shown below in the alternative language. You may click the link to switch the active language.<\/p><p><\/p>\n<h3>Her ko\u015fulda umut, herkes birer kahraman ve \u00e7\u00f6z\u00fcmler her yerde!<\/h3>\n<p>22-25 Kas\u0131m tarihlerinde 11. ya\u015f\u0131n\u0131 kutlayacak olan S\u00fcrd\u00fcr\u00fclebilir Ya\u015fam Film Festivali (SYFF) karma\u015f\u0131k k\u00fcresel sorunlar kar\u015f\u0131s\u0131nda s\u0131radan insanlar\u0131n \u00fcretti\u011fi ve hayata ge\u00e7irdi\u011fi yarat\u0131c\u0131 \u00e7\u00f6z\u00fcmler i\u00e7eren <img loading=\"lazy\" class=\"alignleft size-medium wp-image-81927\" src=\"https:\/\/www.enerjigazetesi.ist\/wp-content\/uploads\/2018\/11\/surdurulebilir-yasam-film-festivali-22-25-kasimda-istanbulda2-300x169.jpg\" alt=\"\" width=\"300\" height=\"169\" srcset=\"https:\/\/www.enerjigazetesi.ist\/wp-content\/uploads\/2018\/11\/surdurulebilir-yasam-film-festivali-22-25-kasimda-istanbulda2-300x169.jpg 300w, https:\/\/www.enerjigazetesi.ist\/wp-content\/uploads\/2018\/11\/surdurulebilir-yasam-film-festivali-22-25-kasimda-istanbulda2-768x432.jpg 768w, https:\/\/www.enerjigazetesi.ist\/wp-content\/uploads\/2018\/11\/surdurulebilir-yasam-film-festivali-22-25-kasimda-istanbulda2-500x281.jpg 500w, https:\/\/www.enerjigazetesi.ist\/wp-content\/uploads\/2018\/11\/surdurulebilir-yasam-film-festivali-22-25-kasimda-istanbulda2-80x45.jpg 80w, https:\/\/www.enerjigazetesi.ist\/wp-content\/uploads\/2018\/11\/surdurulebilir-yasam-film-festivali-22-25-kasimda-istanbulda2.jpg 868w\" sizes=\"(max-width: 300px) 100vw, 300px\" \/>belgesellerle bir kez daha izleyicileriyle bulu\u015fuyor. Kosta Rika, \u0130spanya, Haiti, Etiyopya, ABD; Hindistan, Kongo, Fransa, Almanya, Mozambik, Filistin, \u0130srail, Burkina Faso, Sri Lanka, Solomon Adalar\u0131, Banglade\u015f, Hollanda, Avusturya, \u0130talya, G\u00fcney Afrika Cumhuriyeti ve T\u00fcrkiye\u2019den ilham verici hikayeler i\u00e7eren belgeseller ihtiyac\u0131m\u0131z olan kahramanlar\u0131n kim oldu\u011funu g\u00f6zler \u00f6n\u00fcne seriyor: De\u011fi\u015fim yaratmak isteyen herkes!<\/p>\n<p>Artan kurakl\u0131k, sel, orman yang\u0131n\u0131, \u00e7at\u0131\u015fma, e\u015fitsizlik, g\u0131da fiyat\u0131 vb haberlerin yan\u0131nda yer bulamayan t\u00fcm bu hikayeler kula\u011f\u0131m\u0131za f\u0131s\u0131ld\u0131yor: \u0130htiyac\u0131m\u0131z olan t\u00fcm \u00e7\u00f6z\u00fcmler halihaz\u0131rda mevcut, \u00f6l\u00e7eklenebilir ve herkes taraf\u0131ndan uygulanabilir&#8230;<\/p>\n<p>Birle\u015fmi\u015f Milletler Kalk\u0131nma Program\u0131 (UNDP) taraf\u0131ndan Ocak 2016 y\u0131l\u0131nda a\u00e7\u0131klanan 17 K\u00fcresel Hedefin ve bu hedeflerin birbirleriyle ili\u015fkilerinin daha iyi anla\u015f\u0131lmas\u0131n\u0131 sa\u011flamak amac\u0131yla ilgili hedeflerle etiketlenen filmler 22-25 Kas\u0131m tarihlerinde \u0130stanbul\u2019da Frans\u0131z K\u00fclt\u00fcr Merkezi ve Salt Beyo\u011flu\u2019nda g\u00f6sterilecek. Festivali \u015fehrinde ger\u00e7ekle\u015ftirmek isteyen sivil toplum kurulu\u015flar\u0131 ve aktivistler 15 Ocak-15 Haziran 2019 tarihleri aras\u0131nda SYFF2018 se\u00e7kisiyle S\u00fcrd\u00fcr\u00fclebilir Ya\u015fam Film Festivali\u2019ni organize edebilecek.<\/p>\n<p>Festivalde filmlerin yan\u0131 s\u0131ra film i\u00e7erikleriyle alakal\u0131 konularda yapt\u0131klar\u0131 \u00e7al\u0131\u015fmalarla ilham veren konu\u015fmac\u0131lar, m\u00fczisyenler ve performanslar yer alacak.<\/p>\n<p><strong>SYFF 2018 Se\u00e7kisi<\/strong><\/p>\n<p>&#8211; %2.5 Osa Yar\u0131madas\u0131 \/ 2.5% The Osa Peninsula (48&#8242;, ABD, Kosta Rika, 2015, Y\u00f6netmen: Eytan Elterman, Marco Bollinger)<\/p>\n<p>&#8211; A\u00e7\u0131k Pencere \/ The Open Window (56&#8242;, Danimarka, 2018, Y\u00f6netmen: Daniel Oxenhandler, William Sloan, Alfred Birkegaard)<\/p>\n<p>&#8211; Aday Ada \/ Ada for Mayor (88&#8242;, \u0130spanya, 2016, Y\u00f6netmen: Pau Faus)<\/p>\n<p>&#8211; Bedava \u00d6\u011fle Yeme\u011fi Cemiyeti \/ Free Lunch Society (92&#8242;, Almanya, Avusturya, 2017, Y\u00f6netmen: Christian Tod)<\/p>\n<p>&#8211; B\u00fcy\u00fckbabam\u0131n Bah\u00e7esi \/ Le Potager de mon Grand-Pere (76&#8242;, Fransa, 2016, Y\u00f6netmen: Martin Esposito)<\/p>\n<p>&#8211; Etiyopya Y\u00fckseliyor \/ Ethiopia Rising (61&#8242;, Birle\u015fik Krall\u0131k, Etiyopya, 2015,Y\u00f6netmen: Mark Dodd)<\/p>\n<p>&#8211; Kongo Mahkemesi \/ The Congo Tribunal (100&#8242;, Almanya, \u0130svi\u00e7re, 2017, Y\u00f6netmen: Milo Rau)<\/p>\n<p>&#8211; Y\u00f6r\u00fcngeyi De\u011fi\u015ftirenler \/ Bending the Arc (102&#8242;, ABD, 2017, Y\u00f6netmen: Kief Davidson, Pedro Kos)<\/p>\n<p>&#8211; Adaptasyon: Banglade\u015f&#8217;te Deniz Y\u00fckselirken \/ Adaptation Bangladesh Sea Level Rise (12&#8242;, Banglade\u015f, ABD, 2017, Y\u00f6netmen: Justin DeShields)<\/p>\n<p>&#8211; Adil Ticaret: \u0130lk Ad\u0131m \/ Fair Trade: The First Step (13&#8242;, ABD, Sri Lanka, 2016, Y\u00f6netmen: Alex Lowther, Mike Malagon, Campbell Brewer)<\/p>\n<p>&#8211; Angaza \/ Angaza (5&#8242;, Kenya, Ruanda, 2017, Y\u00f6netmen: Gabriel Diamond, Matthew Beighley)<\/p>\n<p>&#8211; Arif olan Anlar \/ A Word to the Wise (27&#8242;, \u0130spanya, Solomon Adalar\u0131, Portekiz, 2017, Y\u00f6netmen: Jordi Esgleas Marroi)<\/p>\n<p>&#8211; Burkina Faso Bereketi \/ Burkinabe Bounty (36&#8242;, ABD, Burkina Faso, \u0130talya, Bulgaristan, 2018, Y\u00f6netmen: Iara Lee)<\/p>\n<p>&#8211; \u00c7at\u0131\u015fma \u0130klimi \/ A Climate for Conflict (15&#8242;, Somali, 2017, Y\u00f6netmen: Nichole Sobecki, Laura Heaton)<\/p>\n<p>&#8211; EcoPeace Orta Do\u011fu \/ EcoPeace Middle East (5&#8242;, Filistin, \u0130srail, \u00dcrd\u00fcn, 2016, Y\u00f6netmen: Gabriel Diamond)<\/p>\n<p>&#8211; De\u011fi\u015fim Tutkusu \/ A Passion for Change (13&#8242;, Hollanda, 2017, Y\u00f6netmen: Gabriel M. Bauer)<\/p>\n<p>&#8211; Kornea \u0130kilisi \/ Cornea Duo (15&#8242;, T\u00fcrkiye, 2013, Y\u00f6netmen: Eylem \u015een, Sait E\u011frilmez)<\/p>\n<p>&#8211; Senato&#8217;ya Mektup \/ A Letter to Congress (3&#8242;, ABD , 2017, Y\u00f6netmen: Chris Newman)<\/p>\n<p>&#8211; Suyun Koruyucusu Avanyu \/ Avanyu: Protection the Rio Grande (9&#8242;, ABD, 2017, Y\u00f6netmen: Dana Romanoff, Amy Marquis)<\/p>\n<p>&#8211; S\u00fcrd\u00fcr\u00fclebilir Ya\u015fam \/ Sustainable Living (4&#8242;, ABD, 2018, Y\u00f6netmen: Sacha Riviere)<\/p>\n<p>&#8211; Yedikule Bostanlar\u0131 \/ Yedikule Gardens (7&#8242;, T\u00fcrkiye , 2018 Y\u00f6netmen: Volkan I\u015f\u0131l)<\/p>\n<p>&#8211; Dinamo \u0130stanbul<\/p>\n<p>&#8211; Mikado S\u00fcrd\u00fcr\u00fclebilir Kalk\u0131nma Dan\u0131\u015fmanl\u0131\u011f\u0131<\/p>\n<p>&#8211; Myra \u0130leti\u015fim Tasar\u0131m Ajans\u0131<\/p>\n<p>&#8211; Neolokal<\/p>\n<p>&#8211; Ger\u00e7ek De\u011fer \/ Real Value (70&#8242;, ABD, 2013, Y\u00f6netmen: Jesse Borkowski)<\/p>\n<p>&#8211; G\u0131da Koop \/ Food Coop (97&#8242;, Fransa, 2016, Y\u00f6netmen: Tom Boothe)<\/p>\n<p>&#8211; Kapal\u0131 D\u00f6ng\u00fc \/ Closing the Loop (93&#8242;, Birle\u015fik Krall\u0131k, 2018, Y\u00f6netmen: Graham Sheldon)<\/p>\n<p>&#8211; Naila ve \u0130ntifada \/ Naila and the Uprising (76&#8242;, ABD, Filistin, 2017 Y\u00f6netmen: Julia Bacha)<\/p>\n<p>&#8211; S\u00fct Sistemi \/ Das System Milch (91&#8242;, Almanya, \u0130talya, 2017, Y\u00f6netmen: Andreas Pichler)<\/p>\n<p>&#8211; Vamizi: Mercan Be\u015fi\u011fi \/ Vamizi: Cradle of Coral (52&#8242;, \u0130sve\u00e7, 2016, Y\u00f6netmen: Mattias Klum)<\/p>\n<p>SYFF2018 se\u00e7kisinde yer alan 27 k\u0131sa ve uzun metrajl\u0131 belgesel s\u00fcrd\u00fcr\u00fclebilir turizm, k\u0131rsal kalk\u0131nma, ula\u015f\u0131labilir sa\u011fl\u0131k hizmetleri, e\u011fitimde yenilik\u00e7i yakla\u015f\u0131mlar, d\u00f6ng\u00fcsel ekonomi, kooperatif\u00e7ilik, vatanda\u015fl\u0131k geliri, tar\u0131m ve hayvanc\u0131l\u0131k, deniz koruma alanlar\u0131 ve biyo\u00e7e\u015fitlilik, iklim de\u011fi\u015fikli\u011fi kaynakl\u0131 \u00e7at\u0131\u015fma ve g\u00f6\u00e7, iklim de\u011fi\u015fikli\u011fi adaptasyonu, sosyal etki odakl\u0131 i\u015fletmeler, sosyal giri\u015fimcilik, sosyal ve ekolojik sorunlarda i\u015fbirli\u011finin \u00f6nemi, toplumsal olaylarda kad\u0131nlar\u0131n rol\u00fc gibi \u00e7ok geni\u015f yelpazede temay\u0131 ve yakla\u015f\u0131m\u0131 bar\u0131nd\u0131r\u0131yor.<\/p>\n<p><strong>Daha Detayl\u0131 Bilgi \u0130\u00e7in:<\/strong>\u00a0<a href=\"http:\/\/www.surdurulebiliryasamfilmfestivali.org\/\" target=\"_blank\" rel=\"noopener\">http:\/\/www.surdurulebiliryasamfilmfestivali.org\/<\/a> adresini ziyaret edebilirsiniz.<\/p>","protected":false},"excerpt":{"rendered":"<p>Sorry, this entry is only available in Turkish. For the sake of viewer convenience, the content is shown below in the alternative language. You may click the link to switch the active language. Her ko\u015fulda umut, herkes birer kahraman ve \u00e7\u00f6z\u00fcmler her yerde! 22-25 Kas\u0131m tarihlerinde 11. ya\u015f\u0131n\u0131 kutlayacak olan S\u00fcrd\u00fcr\u00fclebilir Ya\u015fam Film Festivali (SYFF) [&hellip;]<\/p>\n","protected":false},"author":1,"featured_media":81926,"comment_status":"open","ping_status":"open","sticky":false,"template":"","format":"standard","meta":[],"categories":[53,52],"tags":[2219,34856,1999,4388,32106,41320,2218],"views":1152,"_links":{"self":[{"href":"https:\/\/www.enerjigazetesi.ist\/en\/wp-json\/wp\/v2\/posts\/81925"}],"collection":[{"href":"https:\/\/www.enerjigazetesi.ist\/en\/wp-json\/wp\/v2\/posts"}],"about":[{"href":"https:\/\/www.enerjigazetesi.ist\/en\/wp-json\/wp\/v2\/types\/post"}],"author":[{"embeddable":true,"href":"https:\/\/www.enerjigazetesi.ist\/en\/wp-json\/wp\/v2\/users\/1"}],"replies":[{"embeddable":true,"href":"https:\/\/www.enerjigazetesi.ist\/en\/wp-json\/wp\/v2\/comments?post=81925"}],"version-history":[{"count":1,"href":"https:\/\/www.enerjigazetesi.ist\/en\/wp-json\/wp\/v2\/posts\/81925\/revisions"}],"predecessor-version":[{"id":81928,"href":"https:\/\/www.enerjigazetesi.ist\/en\/wp-json\/wp\/v2\/posts\/81925\/revisions\/81928"}],"wp:featuredmedia":[{"embeddable":true,"href":"https:\/\/www.enerjigazetesi.ist\/en\/wp-json\/wp\/v2\/media\/81926"}],"wp:attachment":[{"href":"https:\/\/www.enerjigazetesi.ist\/en\/wp-json\/wp\/v2\/media?parent=81925"}],"wp:term":[{"taxonomy":"category","embeddable":true,"href":"https:\/\/www.enerjigazetesi.ist\/en\/wp-json\/wp\/v2\/categories?post=81925"},{"taxonomy":"post_tag","embeddable":true,"href":"https:\/\/www.enerjigazetesi.ist\/en\/wp-json\/wp\/v2\/tags?post=81925"}],"curies":[{"name":"wp","href":"https:\/\/api.w.org\/{rel}","templated":true}]}}