{"id":81902,"date":"2018-11-12T14:29:03","date_gmt":"2018-11-12T11:29:03","guid":{"rendered":"https:\/\/www.enerjigazetesi.ist\/?p=81902"},"modified":"2018-11-12T14:38:34","modified_gmt":"2018-11-12T11:38:34","slug":"ingilterenin-yenilenebilir-enerjisi-ilk-kez-fosil-yakitlari-geride-birakti","status":"publish","type":"post","link":"https:\/\/www.enerjigazetesi.ist\/en\/ingilterenin-yenilenebilir-enerjisi-ilk-kez-fosil-yakitlari-geride-birakti\/","title":{"rendered":"(Turkish) \u0130ngiltere\u2019nin Yenilenebilir Enerjisi \u0130lk Kez Fosil Yak\u0131tlar\u0131 Geride B\u0131rakt\u0131!"},"content":{"rendered":"<p class=\"qtranxs-available-languages-message qtranxs-available-languages-message-en\">Sorry, this entry is only available in <a href=\"https:\/\/www.enerjigazetesi.ist\/tr\/wp-json\/wp\/v2\/posts\/81902\" class=\"qtranxs-available-language-link qtranxs-available-language-link-tr\" title=\"Turkish\">Turkish<\/a>. For the sake of viewer convenience, the content is shown below in the alternative language. You may click the link to switch the active language.<\/p><p><strong>\u0130ngiltere\u2019nin yenilenebilir enerji kapasitesi, fosil yak\u0131tlar\u0131 ilk kez ge\u00e7ti. Uzmanlar ise birka\u00e7 y\u0131l \u00f6ncesinde d\u00f6n\u00fcm noktas\u0131 olarak g\u00f6r\u00fclebilecek b\u00f6yle bir durumun \u201cd\u00fc\u015f\u00fcn\u00fclemeyece\u011fini\u201d ifade ettiler.<\/strong><\/p>\n<p>\u0130ngiltere\u2019deki yenilenebilir enerji kapasitesi son be\u015f y\u0131lda \u00fc\u00e7 kat art\u0131\u015f g\u00f6sterirken fosil yak\u0131tlar\u0131n kapasitesi santrallerin \u00f6m\u00fcrlerinin sonuna ula\u015fmas\u0131 ve masrafl\u0131 hale gelmesi gibi nedenlerle \u00fc\u00e7te bir <img loading=\"lazy\" class=\"alignleft size-medium wp-image-81903\" src=\"https:\/\/www.enerjigazetesi.ist\/wp-content\/uploads\/2018\/11\/ingilterenin-yenilenebilir-enerjisi-ilk-kez-fosil-yakitlari-geride-birakti-300x193.jpg\" alt=\"\" width=\"300\" height=\"193\" srcset=\"https:\/\/www.enerjigazetesi.ist\/wp-content\/uploads\/2018\/11\/ingilterenin-yenilenebilir-enerjisi-ilk-kez-fosil-yakitlari-geride-birakti-300x193.jpg 300w, https:\/\/www.enerjigazetesi.ist\/wp-content\/uploads\/2018\/11\/ingilterenin-yenilenebilir-enerjisi-ilk-kez-fosil-yakitlari-geride-birakti-500x322.jpg 500w, https:\/\/www.enerjigazetesi.ist\/wp-content\/uploads\/2018\/11\/ingilterenin-yenilenebilir-enerjisi-ilk-kez-fosil-yakitlari-geride-birakti-78x50.jpg 78w, https:\/\/www.enerjigazetesi.ist\/wp-content\/uploads\/2018\/11\/ingilterenin-yenilenebilir-enerjisi-ilk-kez-fosil-yakitlari-geride-birakti.jpg 670w\" sizes=\"(max-width: 300px) 100vw, 300px\" \/>oran\u0131nda geriledi.<\/p>\n<p>Temmuz ve Eyl\u00fcl aylar\u0131 i\u00e7inde r\u00fczgar, g\u00fcne\u015f, biyok\u00fctle ve hidroelektrik enerji kapasitesi 41.9 GW\u2019a ula\u015f\u0131rken, toplamda 41.2 GW\u2019l\u0131k k\u00f6m\u00fcr, do\u011falgaz ve fuel oil santrallarinin kapasitesinin \u00f6n\u00fcne ge\u00e7ti.<\/p>\n<p>Rakamlar\u0131n derlemesini yapan Imperial College London\u2019dan Dr Iain Staffell ise \u0130ngiltere\u2019nin yava\u015f ama emin ad\u0131mlarla fosil yak\u0131tlardan uzakla\u015ft\u0131\u011f\u0131n\u0131 ve bu \u00e7al\u0131\u015fman\u0131n derlendi\u011fi aral\u0131\u011f\u0131n \u00f6nemli bir d\u00f6n\u00fcm noktas\u0131 oldu\u011funu dile getirdi.<\/p>\n<p>Bununla birlikte ayn\u0131 d\u00f6nemde fosil yak\u0131tlardan \u00fcretilen elektrik miktar\u0131 yenilenebilir kaynaklardan \u00fcretilenden \u00e7ok daha fazlad\u0131r. Bu d\u00f6nemde elektrik \u00fcretiminin yakla\u015f\u0131k %40\u2019\u0131 fosil yak\u0131tlardan sa\u011flan\u0131rken yenilenebilir enerji kaynaklar\u0131ndan ise %28\u2019i sa\u011fland\u0131.<\/p>\n<p>Bu d\u00f6nemde toplamda elektrik \u00fcretiminin % 57\u2019si d\u00fc\u015f\u00fck karbonlu olurken bu oran\u0131n yenilenebilir enerji kaynaklar\u0131 ya da n\u00fckleer santrallrr taraf\u0131ndan \u00fcretildi\u011fi belirtiliyor.<\/p>\n<p>Kurulu kapasite a\u00e7\u0131s\u0131ndan r\u00fczgar, 20 GW\u2019den daha fazla kurulu g\u00fc\u00e7 ile yenilenebilir enerji kaynaklar\u0131 aras\u0131nda aslan pay\u0131na sahip. R\u00fczgar\u0131 \u00e7at\u0131lara ve tarlalara kurulan g\u00fcne\u015f santrallar\u0131 ve biyok\u00fctle takip ediyor.<\/p>\n<p>Ge\u00e7en y\u0131l, \u0130ngiltere\u2019deki k\u00f6m\u00fcr kapasitesi d\u00f6rtte bir oran\u0131nda d\u00fc\u015ft\u00fc ve sadece alt\u0131 k\u00f6m\u00fcr yak\u0131tl\u0131 santral kald\u0131. K\u00f6m\u00fcr i\u015fletmecileri, ayn\u0131 zamanda \u0130ngiltere\u2019nin elektrik \u00fcretimindeki y\u00fcksek karbon vergisinden ve do\u011falgazdaki rekabetten etkilenmi\u015ftir.<\/p>\n<p>Hatice K\u00fcbra G\u00fcney \u2013 Elektrik Elektronik M\u00fchendisli\u011fi \u2013 kubra.guney@enerjigazetesi.ist<\/p>","protected":false},"excerpt":{"rendered":"<p>Sorry, this entry is only available in Turkish. For the sake of viewer convenience, the content is shown below in the alternative language. You may click the link to switch the active language.\u0130ngiltere\u2019nin yenilenebilir enerji kapasitesi, fosil yak\u0131tlar\u0131 ilk kez ge\u00e7ti. Uzmanlar ise birka\u00e7 y\u0131l \u00f6ncesinde d\u00f6n\u00fcm noktas\u0131 olarak g\u00f6r\u00fclebilecek b\u00f6yle bir durumun \u201cd\u00fc\u015f\u00fcn\u00fclemeyece\u011fini\u201d ifade [&hellip;]<\/p>\n","protected":false},"author":1,"featured_media":81903,"comment_status":"open","ping_status":"open","sticky":false,"template":"","format":"standard","meta":[],"categories":[22893,51,53,49,50],"tags":[35122,41293,19,67,1009,39301,1800,23416,26043,41292,1092,41295,11427,24143,41294,34969,31472,24949,26829,29074,508,41296],"views":1301,"_links":{"self":[{"href":"https:\/\/www.enerjigazetesi.ist\/en\/wp-json\/wp\/v2\/posts\/81902"}],"collection":[{"href":"https:\/\/www.enerjigazetesi.ist\/en\/wp-json\/wp\/v2\/posts"}],"about":[{"href":"https:\/\/www.enerjigazetesi.ist\/en\/wp-json\/wp\/v2\/types\/post"}],"author":[{"embeddable":true,"href":"https:\/\/www.enerjigazetesi.ist\/en\/wp-json\/wp\/v2\/users\/1"}],"replies":[{"embeddable":true,"href":"https:\/\/www.enerjigazetesi.ist\/en\/wp-json\/wp\/v2\/comments?post=81902"}],"version-history":[{"count":1,"href":"https:\/\/www.enerjigazetesi.ist\/en\/wp-json\/wp\/v2\/posts\/81902\/revisions"}],"predecessor-version":[{"id":81904,"href":"https:\/\/www.enerjigazetesi.ist\/en\/wp-json\/wp\/v2\/posts\/81902\/revisions\/81904"}],"wp:featuredmedia":[{"embeddable":true,"href":"https:\/\/www.enerjigazetesi.ist\/en\/wp-json\/wp\/v2\/media\/81903"}],"wp:attachment":[{"href":"https:\/\/www.enerjigazetesi.ist\/en\/wp-json\/wp\/v2\/media?parent=81902"}],"wp:term":[{"taxonomy":"category","embeddable":true,"href":"https:\/\/www.enerjigazetesi.ist\/en\/wp-json\/wp\/v2\/categories?post=81902"},{"taxonomy":"post_tag","embeddable":true,"href":"https:\/\/www.enerjigazetesi.ist\/en\/wp-json\/wp\/v2\/tags?post=81902"}],"curies":[{"name":"wp","href":"https:\/\/api.w.org\/{rel}","templated":true}]}}