{"id":81793,"date":"2018-11-10T20:56:11","date_gmt":"2018-11-10T17:56:11","guid":{"rendered":"https:\/\/www.enerjigazetesi.ist\/?p=81793"},"modified":"2018-11-10T20:56:11","modified_gmt":"2018-11-10T17:56:11","slug":"elektrikte-baglanti-bedelleri-iade-edilecek","status":"publish","type":"post","link":"https:\/\/www.enerjigazetesi.ist\/en\/elektrikte-baglanti-bedelleri-iade-edilecek\/","title":{"rendered":"(Turkish) Elektrikte Ba\u011flant\u0131 Bedelleri \u0130ade Edilecek"},"content":{"rendered":"<p class=\"qtranxs-available-languages-message qtranxs-available-languages-message-en\">Sorry, this entry is only available in <a href=\"https:\/\/www.enerjigazetesi.ist\/tr\/wp-json\/wp\/v2\/posts\/81793\" class=\"qtranxs-available-language-link qtranxs-available-language-link-tr\" title=\"Turkish\">Turkish<\/a>. For the sake of viewer convenience, the content is shown below in the alternative language. You may click the link to switch the active language.<\/p><p><strong>Enerji Piyasas\u0131 D\u00fczenleme Kurumu (EPDK) taraf\u0131ndan 2013&#8217;teki elektrik mevzuat\u0131nda \u00f6nemli bir de\u011fi\u015fiklik yap\u0131ld\u0131. Bu \u00e7er\u00e7evede \u015febekeden ya da direkten, abonenin sayac\u0131na kadar olan b\u00f6l\u00fcm\u00fcne y\u00f6nelik gerekli yat\u0131r\u0131m\u0131 \u015fehiri\u00e7i da\u011f\u0131t\u0131m \u015firketi ger\u00e7ekle\u015ftirecek. Aboneden, herhangi bir bedel talep edilmeyecek olup da\u011f\u0131t\u0131m \u015firketi, bu bedeli tarife \u00fczerinden geri alacak.<\/strong><\/p>\n<p><img loading=\"lazy\" class=\"alignleft size-medium wp-image-81794\" src=\"https:\/\/www.enerjigazetesi.ist\/wp-content\/uploads\/2018\/11\/elektrikte-baglanti-bedelleri-iade-edilecek-300x197.jpg\" alt=\"\" width=\"300\" height=\"197\" srcset=\"https:\/\/www.enerjigazetesi.ist\/wp-content\/uploads\/2018\/11\/elektrikte-baglanti-bedelleri-iade-edilecek-300x197.jpg 300w, https:\/\/www.enerjigazetesi.ist\/wp-content\/uploads\/2018\/11\/elektrikte-baglanti-bedelleri-iade-edilecek-768x505.jpg 768w, https:\/\/www.enerjigazetesi.ist\/wp-content\/uploads\/2018\/11\/elektrikte-baglanti-bedelleri-iade-edilecek-500x329.jpg 500w, https:\/\/www.enerjigazetesi.ist\/wp-content\/uploads\/2018\/11\/elektrikte-baglanti-bedelleri-iade-edilecek-76x50.jpg 76w, https:\/\/www.enerjigazetesi.ist\/wp-content\/uploads\/2018\/11\/elektrikte-baglanti-bedelleri-iade-edilecek.jpg 800w\" sizes=\"(max-width: 300px) 100vw, 300px\" \/>EPDK, baz\u0131 illerde ise s\u00f6z konusu yat\u0131r\u0131mlar\u0131 abonelerin kendileri taraf\u0131ndan yap\u0131laca\u011f\u0131n\u0131 da belirtti. Da\u011f\u0131t\u0131m \u015firketleri bu konuda uyar\u0131l\u0131rken ceza da kesildi\u011fi belirtilmektedir. Bu \u015firketler, direkten sayaca kadar olan b\u00f6l\u00fcme y\u00f6nelik hesaplanan tutar\u0131 abonelere geri verecek. \u0130adelere y\u00f6nelik ilgili bilgi resmi internet sitesinden duyurulacakt\u0131r.<\/p>\n<p>Haber kaynaklar\u0131na g\u00f6re tutar\u0131n yat\u0131r\u0131ma, mesafeye ve kullan\u0131lan malzemeye g\u00f6re de\u011fi\u015fece\u011fi belirtilirken da\u011f\u0131t\u0131m \u015firketinin gerekli hesaplamalar\u0131 yaparak abonelerine bu tutarlar\u0131 iade edece\u011fi kaydedildi.<\/p>","protected":false},"excerpt":{"rendered":"<p>Sorry, this entry is only available in Turkish. For the sake of viewer convenience, the content is shown below in the alternative language. You may click the link to switch the active language.Enerji Piyasas\u0131 D\u00fczenleme Kurumu (EPDK) taraf\u0131ndan 2013&#8217;teki elektrik mevzuat\u0131nda \u00f6nemli bir de\u011fi\u015fiklik yap\u0131ld\u0131. Bu \u00e7er\u00e7evede \u015febekeden ya da direkten, abonenin sayac\u0131na kadar olan [&hellip;]<\/p>\n","protected":false},"author":1,"featured_media":81794,"comment_status":"open","ping_status":"open","sticky":false,"template":"","format":"standard","meta":[],"categories":[51,53],"tags":[68,41150,36818,15016,1079,34979,1229,19638,34980,26353,67,1009,1046,750],"views":664,"_links":{"self":[{"href":"https:\/\/www.enerjigazetesi.ist\/en\/wp-json\/wp\/v2\/posts\/81793"}],"collection":[{"href":"https:\/\/www.enerjigazetesi.ist\/en\/wp-json\/wp\/v2\/posts"}],"about":[{"href":"https:\/\/www.enerjigazetesi.ist\/en\/wp-json\/wp\/v2\/types\/post"}],"author":[{"embeddable":true,"href":"https:\/\/www.enerjigazetesi.ist\/en\/wp-json\/wp\/v2\/users\/1"}],"replies":[{"embeddable":true,"href":"https:\/\/www.enerjigazetesi.ist\/en\/wp-json\/wp\/v2\/comments?post=81793"}],"version-history":[{"count":1,"href":"https:\/\/www.enerjigazetesi.ist\/en\/wp-json\/wp\/v2\/posts\/81793\/revisions"}],"predecessor-version":[{"id":81795,"href":"https:\/\/www.enerjigazetesi.ist\/en\/wp-json\/wp\/v2\/posts\/81793\/revisions\/81795"}],"wp:featuredmedia":[{"embeddable":true,"href":"https:\/\/www.enerjigazetesi.ist\/en\/wp-json\/wp\/v2\/media\/81794"}],"wp:attachment":[{"href":"https:\/\/www.enerjigazetesi.ist\/en\/wp-json\/wp\/v2\/media?parent=81793"}],"wp:term":[{"taxonomy":"category","embeddable":true,"href":"https:\/\/www.enerjigazetesi.ist\/en\/wp-json\/wp\/v2\/categories?post=81793"},{"taxonomy":"post_tag","embeddable":true,"href":"https:\/\/www.enerjigazetesi.ist\/en\/wp-json\/wp\/v2\/tags?post=81793"}],"curies":[{"name":"wp","href":"https:\/\/api.w.org\/{rel}","templated":true}]}}