{"id":81593,"date":"2018-11-06T12:18:29","date_gmt":"2018-11-06T09:18:29","guid":{"rendered":"https:\/\/www.enerjigazetesi.ist\/?p=81593"},"modified":"2018-11-06T12:21:51","modified_gmt":"2018-11-06T09:21:51","slug":"ck-enerji-bogazici-elektrik-calisanlarindan-kizilaya-kok-hucre-ve-kan-bagisi","status":"publish","type":"post","link":"https:\/\/www.enerjigazetesi.ist\/en\/ck-enerji-bogazici-elektrik-calisanlarindan-kizilaya-kok-hucre-ve-kan-bagisi\/","title":{"rendered":"(Turkish) CK Enerji Bo\u011fazi\u00e7i Elektrik \u00c7al\u0131\u015fanlar\u0131ndan K\u0131z\u0131lay\u2019a \u2018K\u00f6k H\u00fccre ve Kan Ba\u011f\u0131\u015f\u0131\u2019"},"content":{"rendered":"<p class=\"qtranxs-available-languages-message qtranxs-available-languages-message-en\">Sorry, this entry is only available in <a href=\"https:\/\/www.enerjigazetesi.ist\/tr\/wp-json\/wp\/v2\/posts\/81593\" class=\"qtranxs-available-language-link qtranxs-available-language-link-tr\" title=\"Turkish\">Turkish<\/a>. For the sake of viewer convenience, the content is shown below in the alternative language. You may click the link to switch the active language.<\/p><p><strong>K\u0131z\u0131lay\u2019a destek olmak ve kan ba\u011f\u0131\u015f\u0131nda fark\u0131ndal\u0131k yaratmak i\u00e7in kutlanan K\u0131z\u0131lay Haftas\u0131\u2019na CK Enerji Bo\u011fazi\u00e7i Elektrik \u00e7al\u0131\u015fanlar\u0131 da destek verdi. CK Enerji Bo\u011fazi\u00e7i Elektrik \u00e7al\u0131\u015fanlar\u0131 K\u0131z\u0131lay\u2019a \u2018k\u00f6k h\u00fccre ve kan ba\u011f\u0131\u015f\u0131nda\u2019 bulundu.<\/strong><\/p>\n<p>G\u00f6n\u00fcll\u00fcl\u00fck projeleriyle sosyal fayda sa\u011flama ve fark\u0131ndal\u0131k yaratmay\u0131 kendine hedef edinen CK Enerji Bo\u011fazi\u00e7i Elektrik, 29 Ekim-4 Kas\u0131m K\u0131z\u0131lay Haftas\u0131\u2019na \u2018k\u00f6k h\u00fccre ve kan ba\u011f\u0131\u015f\u0131\u2019 ile destek oldu. CK Enerji <img loading=\"lazy\" class=\"alignright size-medium wp-image-81594\" src=\"https:\/\/www.enerjigazetesi.ist\/wp-content\/uploads\/2018\/11\/ck-enerji-bogazici-elektrik-calisanlarindan-kizilaya-kok-hucre-ve-kan-bagisi1-300x200.jpg\" alt=\"\" width=\"300\" height=\"200\" srcset=\"https:\/\/www.enerjigazetesi.ist\/wp-content\/uploads\/2018\/11\/ck-enerji-bogazici-elektrik-calisanlarindan-kizilaya-kok-hucre-ve-kan-bagisi1-300x200.jpg 300w, https:\/\/www.enerjigazetesi.ist\/wp-content\/uploads\/2018\/11\/ck-enerji-bogazici-elektrik-calisanlarindan-kizilaya-kok-hucre-ve-kan-bagisi1-500x333.jpg 500w, https:\/\/www.enerjigazetesi.ist\/wp-content\/uploads\/2018\/11\/ck-enerji-bogazici-elektrik-calisanlarindan-kizilaya-kok-hucre-ve-kan-bagisi1-75x50.jpg 75w, https:\/\/www.enerjigazetesi.ist\/wp-content\/uploads\/2018\/11\/ck-enerji-bogazici-elektrik-calisanlarindan-kizilaya-kok-hucre-ve-kan-bagisi1-450x300.jpg 450w, https:\/\/www.enerjigazetesi.ist\/wp-content\/uploads\/2018\/11\/ck-enerji-bogazici-elektrik-calisanlarindan-kizilaya-kok-hucre-ve-kan-bagisi1.jpg 732w\" sizes=\"(max-width: 300px) 100vw, 300px\" \/>Bo\u011fazi\u00e7i Elektrik\u2019in \u00e7ok say\u0131da \u00e7al\u0131\u015fan\u0131, T\u00fcrk K\u0131z\u0131lay\u0131\u2019na k\u00f6k h\u00fccre ve kan ba\u011f\u0131\u015f\u0131nda bulundu.<\/p>\n<p>\u00c7a\u011flayan\u2019daki genel m\u00fcd\u00fcrl\u00fck binas\u0131nda ger\u00e7ekle\u015ftirilen etkinlikte ilk etapta K\u0131z\u0131lay g\u00f6revlileri taraf\u0131ndan k\u00f6k h\u00fccre ve kan ba\u011f\u0131\u015f\u0131 hakk\u0131nda \u015firket personeline bilgilendirme yap\u0131ld\u0131. K\u00f6k h\u00fccre ve kan ba\u011f\u0131\u015f\u0131n\u0131n bir\u00e7ok insana umut oldu\u011fu ifade edilirken, kan ba\u011f\u0131\u015f\u0131n\u0131n sa\u011fl\u0131k a\u00e7\u0131s\u0131ndan faydalar\u0131na dikkat \u00e7ekildi. Ba\u011f\u0131\u015f formlar\u0131n\u0131 dolduran \u00e7al\u0131\u015fanlar, sa\u011fl\u0131k kontrol\u00fcnden ge\u00e7irildikten sonra K\u0131z\u0131lay taraf\u0131ndan kurulan stantlarda k\u00f6k h\u00fccre ve kan ba\u011f\u0131\u015f\u0131 yapt\u0131.<\/p>\n<p><strong>BAYRAMPA\u015eA VE SEFAK\u00d6Y\u2019DE DE DEVAM EDECEK<\/strong><\/p>\n<p>CK Enerji Bo\u011fazi\u00e7i Elektrik\u2019in K\u0131z\u0131lay\u2019a verdi\u011fi destek hafta i\u00e7inde farkl\u0131 il\u00e7elerdeki merkezlerinde devam edecek. 8 Kas\u0131m g\u00fcn\u00fc Sefak\u00f6y ve Bayrampa\u015fa\u2019daki merkezlerde g\u00f6rev yapan CK Enerji Bo\u011fazi\u00e7i Elektrik \u00e7al\u0131\u015fanlar\u0131, K\u0131z\u0131lay\u2019a destek olacak.<\/p>\n<p>Bu merkezlerde de geni\u015f bir kat\u0131l\u0131m beklediklerini dile getiren <strong>CK Enerji Bo\u011fazi\u00e7i Elektrik Genel M\u00fcd\u00fcr\u00fc Halit Bakal<\/strong>, \u201cT\u00fcrkiye\u2019de ve d\u00fcnyada insani yard\u0131m hizmetinde model haline gelen, zor anlar\u0131m\u0131zda her zaman yan\u0131m\u0131zda olan T\u00fcrk K\u0131z\u0131lay\u0131\u2019na destek olmak hepimizin g\u00f6revi. Kan ba\u011f\u0131\u015f\u0131n\u0131n yan\u0131 s\u0131ra bu kez k\u00f6k h\u00fccre ba\u011f\u0131\u015f\u0131 da yaparak don\u00f6r bekleyen hastalara umut olmak, bu anlamda da bir fark\u0131ndal\u0131k yaratmak istedik. De\u011ferli personelimize g\u00f6sterdikleri duyarl\u0131l\u0131k i\u00e7in te\u015fekk\u00fcr ediyorum\u201d dedi.<\/p>","protected":false},"excerpt":{"rendered":"<p>Sorry, this entry is only available in Turkish. For the sake of viewer convenience, the content is shown below in the alternative language. You may click the link to switch the active language.K\u0131z\u0131lay\u2019a destek olmak ve kan ba\u011f\u0131\u015f\u0131nda fark\u0131ndal\u0131k yaratmak i\u00e7in kutlanan K\u0131z\u0131lay Haftas\u0131\u2019na CK Enerji Bo\u011fazi\u00e7i Elektrik \u00e7al\u0131\u015fanlar\u0131 da destek verdi. CK Enerji Bo\u011fazi\u00e7i [&hellip;]<\/p>\n","protected":false},"author":1,"featured_media":81594,"comment_status":"open","ping_status":"open","sticky":false,"template":"","format":"standard","meta":[],"categories":[51,53],"tags":[38110,41001,34979,19638,34980,26353,67,1009,41000,32769],"views":780,"_links":{"self":[{"href":"https:\/\/www.enerjigazetesi.ist\/en\/wp-json\/wp\/v2\/posts\/81593"}],"collection":[{"href":"https:\/\/www.enerjigazetesi.ist\/en\/wp-json\/wp\/v2\/posts"}],"about":[{"href":"https:\/\/www.enerjigazetesi.ist\/en\/wp-json\/wp\/v2\/types\/post"}],"author":[{"embeddable":true,"href":"https:\/\/www.enerjigazetesi.ist\/en\/wp-json\/wp\/v2\/users\/1"}],"replies":[{"embeddable":true,"href":"https:\/\/www.enerjigazetesi.ist\/en\/wp-json\/wp\/v2\/comments?post=81593"}],"version-history":[{"count":2,"href":"https:\/\/www.enerjigazetesi.ist\/en\/wp-json\/wp\/v2\/posts\/81593\/revisions"}],"predecessor-version":[{"id":81596,"href":"https:\/\/www.enerjigazetesi.ist\/en\/wp-json\/wp\/v2\/posts\/81593\/revisions\/81596"}],"wp:featuredmedia":[{"embeddable":true,"href":"https:\/\/www.enerjigazetesi.ist\/en\/wp-json\/wp\/v2\/media\/81594"}],"wp:attachment":[{"href":"https:\/\/www.enerjigazetesi.ist\/en\/wp-json\/wp\/v2\/media?parent=81593"}],"wp:term":[{"taxonomy":"category","embeddable":true,"href":"https:\/\/www.enerjigazetesi.ist\/en\/wp-json\/wp\/v2\/categories?post=81593"},{"taxonomy":"post_tag","embeddable":true,"href":"https:\/\/www.enerjigazetesi.ist\/en\/wp-json\/wp\/v2\/tags?post=81593"}],"curies":[{"name":"wp","href":"https:\/\/api.w.org\/{rel}","templated":true}]}}