{"id":81570,"date":"2018-11-05T15:47:18","date_gmt":"2018-11-05T12:47:18","guid":{"rendered":"https:\/\/www.enerjigazetesi.ist\/?p=81570"},"modified":"2018-11-05T15:47:18","modified_gmt":"2018-11-05T12:47:18","slug":"maden-sahalari-ihaleye-aciliyor-sektor-ihracata-odaklaniyor","status":"publish","type":"post","link":"https:\/\/www.enerjigazetesi.ist\/en\/maden-sahalari-ihaleye-aciliyor-sektor-ihracata-odaklaniyor\/","title":{"rendered":"(Turkish) Maden Sahalar\u0131 \u0130haleye A\u00e7\u0131l\u0131yor, Sekt\u00f6r \u0130hracata Odaklan\u0131yor"},"content":{"rendered":"<p class=\"qtranxs-available-languages-message qtranxs-available-languages-message-en\">Sorry, this entry is only available in <a href=\"https:\/\/www.enerjigazetesi.ist\/tr\/wp-json\/wp\/v2\/posts\/81570\" class=\"qtranxs-available-language-link qtranxs-available-language-link-tr\" title=\"Turkish\">Turkish<\/a>. For the sake of viewer convenience, the content is shown below in the alternative language. You may click the link to switch the active language.<\/p><p><strong>Ge\u00e7ti\u011fimiz g\u00fcnlerde Enerji ve Tabii Kaynaklar Bakanl\u0131\u011f\u0131 Maden ve Petrol \u0130\u015fleri Genel M\u00fcd\u00fcrl\u00fc\u011f\u00fcnden yap\u0131lan a\u00e7\u0131klamaya g\u00f6re; 700 adet maden sahas\u0131 ihale edilmek \u00fczere aramalara a\u00e7\u0131lacak. Ancak bu a\u00e7\u0131l\u0131mda bir \u015fart var.\u00a0 Say\u0131n Bakan\u0131m\u0131z, sahalar\u0131n Ar-Ge ve fabrika \u015fart\u0131yla ihale edilece\u011fini a\u00e7\u0131klad\u0131. Konuyu de\u011ferlendiren \u0130stanbul Maden \u0130hracat\u00e7\u0131lar\u0131 Birli\u011fi (\u0130M\u0130B) Ba\u015fkan\u0131 Ayd\u0131n Din\u00e7er, \u201cMadencilerimizin \u00f6n\u00fcn\u00fc a\u00e7an ve \u00fcretimi artt\u0131ran politikalar\u0131n devam etmesini \u00e7ok \u00f6nemsiyoruz. B\u00f6ylesine \u00f6nemli geli\u015fmelerin ihracat\u0131n artt\u0131r\u0131lmas\u0131na da b\u00fcy\u00fck fayda sa\u011flayaca\u011f\u0131 kanaatindeyim\u201d dedi. <\/strong><\/p>\n<p>Ge\u00e7ti\u011fimiz g\u00fcnlerde Enerji ve Tabii Kaynaklar Bakanl\u0131\u011f\u0131 Maden ve Petrol \u0130\u015fleri Genel M\u00fcd\u00fcrl\u00fc\u011f\u00fcnden 700 adet maden sahas\u0131n\u0131n ihale edilece\u011fi duyuruldu. Ancak bu a\u00e7\u0131l\u0131mda bir \u015fart\u0131n da alt\u0131 \u00e7izildi. <img loading=\"lazy\" class=\"alignleft wp-image-81571 size-medium\" src=\"https:\/\/www.enerjigazetesi.ist\/wp-content\/uploads\/2018\/11\/maden-sahalari-ihaleye-aciliyor-sektor-ihracata-odaklaniyor1-265x300.jpg\" alt=\"\" width=\"265\" height=\"300\" srcset=\"https:\/\/www.enerjigazetesi.ist\/wp-content\/uploads\/2018\/11\/maden-sahalari-ihaleye-aciliyor-sektor-ihracata-odaklaniyor1-265x300.jpg 265w, https:\/\/www.enerjigazetesi.ist\/wp-content\/uploads\/2018\/11\/maden-sahalari-ihaleye-aciliyor-sektor-ihracata-odaklaniyor1-353x400.jpg 353w, https:\/\/www.enerjigazetesi.ist\/wp-content\/uploads\/2018\/11\/maden-sahalari-ihaleye-aciliyor-sektor-ihracata-odaklaniyor1-44x50.jpg 44w, https:\/\/www.enerjigazetesi.ist\/wp-content\/uploads\/2018\/11\/maden-sahalari-ihaleye-aciliyor-sektor-ihracata-odaklaniyor1.jpg 431w\" sizes=\"(max-width: 265px) 100vw, 265px\" \/>Sahalar\u0131n Ar-Ge ve fabrika \u015fart\u0131yla ihale edilecek olmas\u0131. T\u00fcrkiye ekonomisi a\u00e7\u0131s\u0131ndan stratejik \u00f6neme sahip olan madencilik sekt\u00f6r\u00fcn\u00fcn hak etti\u011fi yere gelmesi i\u00e7in \u00e7al\u0131\u015fmalar yapan <strong>\u0130stanbul Maden \u0130hracat\u00e7\u0131lar\u0131 Birli\u011fi<\/strong>\u2019nin<strong> (\u0130M\u0130B) Ba\u015fkan\u0131 Ayd\u0131n Din\u00e7er<\/strong>, sekt\u00f6r\u00fcn 2023 ihracat hedefine ula\u015fmas\u0131nda bu ihalelerin \u00f6nemli rol \u00fcstlenece\u011fini s\u00f6yledi.<\/p>\n<p><strong>\u201c<\/strong><strong>Madenlerin i\u015fleme tesislerinin kurulmas\u0131 b\u00fcy\u00fck yat\u0131r\u0131m gerektiriyor\u201d<\/strong><\/p>\n<p><em>Bir madenin i\u015fletmeye ge\u00e7ebilmesi i\u00e7in uzun bir s\u00fcre\u00e7 gerekti\u011fini belirten <strong>Din\u00e7er<\/strong>, \u201cMadencili\u011fin ba\u011fl\u0131 oldu\u011fu Enerji ve Tabii Kaynaklar Bakanl\u0131\u011f\u0131m\u0131z b\u00fcnyesinde t\u00fcm i\u015flemlerin bitirilmesi ve tek elden izin s\u00fcrecinin tamamlanmas\u0131 gerekmektedir. Bakanl\u0131k, \u00e7e\u015fitli maden sahalar\u0131n\u0131 d\u00f6nem d\u00f6nem ihaleye \u00e7\u0131kar\u0131yor. Madenciler olarak bizler bu ihaleleri bekliyoruz. Her madenci kendi alan\u0131nda, ilgi duydu\u011fu saha i\u00e7in teklif veriyor ve en b\u00fcy\u00fck teklifi veren sahay\u0131 i\u015fletmek \u00fczere hak sahibi oluyor. Ancak sadece sahalar\u0131 ihale ile almak yetmiyor. Farkl\u0131 bakanl\u0131klar ve kurumlardan da izinlerinizi alabilirseniz sahay\u0131 i\u015fletmeye alabiliyorsunuz\u201d dedi.\u00a0 \u00d6te yandan T\u00fcrkiye\u2019de \u00e7e\u015fitli madenlerin mevcut oldu\u011funu ve baz\u0131lar\u0131n\u0131n i\u015flenmesinin de T\u00fcrkiye\u2019de yap\u0131ld\u0131\u011f\u0131n\u0131n alt\u0131n\u0131 \u00e7izen <strong>Din\u00e7er<\/strong>, \u201cBaz\u0131 madenlerde fabrika \u015fart\u0131n\u0131n getirilmesi g\u00fcndemde. Bir k\u0131s\u0131m madenlerin i\u015fleme tesislerinin kurulmas\u0131 b\u00fcy\u00fck yat\u0131r\u0131m gerektiriyor. Bu t\u00fcr yat\u0131r\u0131mlar\u0131 sadece madenci de\u011fil sanayicilerimiz ve T\u00fcrkiye\u2019de ki b\u00fcy\u00fck grup \u015firketlerin yapmas\u0131n\u0131n te\u015fvik edilmesi fayda sa\u011flayacakt\u0131r. Madencilik yapan \u015firketlerimize madenlerimizi yeralt\u0131ndan \u00e7\u0131kart\u0131p piyasaya arz eden \u015firketler olarak bakmak gerekir. Madenin i\u015flenme s\u00fcreci farkl\u0131 yat\u0131r\u0131mlar ve deneyim gerektirir. Ayn\u0131 madenin yeralt\u0131ndan \u00e7\u0131kar\u0131lmas\u0131nda oldu\u011fu gibi. Madencilerimiz madenlerin yery\u00fcz\u00fcne \u00e7\u0131kar\u0131lmas\u0131nda b\u00fcy\u00fck deneyim ve tecr\u00fcbeye sahiplerdir. Dolay\u0131s\u0131yla madencilerimizin \u00f6n\u00fcn\u00fc a\u00e7an ve \u00fcretimi artt\u0131ran politikalar\u0131n devam etmesini buradan da ihracat\u0131n artt\u0131r\u0131lmas\u0131na b\u00fcy\u00fck fayda sa\u011flayaca\u011f\u0131na inan\u0131yoruz.\u201d<\/em><\/p>","protected":false},"excerpt":{"rendered":"<p>Sorry, this entry is only available in Turkish. For the sake of viewer convenience, the content is shown below in the alternative language. You may click the link to switch the active language.Ge\u00e7ti\u011fimiz g\u00fcnlerde Enerji ve Tabii Kaynaklar Bakanl\u0131\u011f\u0131 Maden ve Petrol \u0130\u015fleri Genel M\u00fcd\u00fcrl\u00fc\u011f\u00fcnden yap\u0131lan a\u00e7\u0131klamaya g\u00f6re; 700 adet maden sahas\u0131 ihale edilmek \u00fczere [&hellip;]<\/p>\n","protected":false},"author":1,"featured_media":81571,"comment_status":"open","ping_status":"open","sticky":false,"template":"","format":"standard","meta":[],"categories":[53,24649],"tags":[39889,67,1009,1972,9326,9325,17505,40995,38284,36128,2363],"views":823,"_links":{"self":[{"href":"https:\/\/www.enerjigazetesi.ist\/en\/wp-json\/wp\/v2\/posts\/81570"}],"collection":[{"href":"https:\/\/www.enerjigazetesi.ist\/en\/wp-json\/wp\/v2\/posts"}],"about":[{"href":"https:\/\/www.enerjigazetesi.ist\/en\/wp-json\/wp\/v2\/types\/post"}],"author":[{"embeddable":true,"href":"https:\/\/www.enerjigazetesi.ist\/en\/wp-json\/wp\/v2\/users\/1"}],"replies":[{"embeddable":true,"href":"https:\/\/www.enerjigazetesi.ist\/en\/wp-json\/wp\/v2\/comments?post=81570"}],"version-history":[{"count":1,"href":"https:\/\/www.enerjigazetesi.ist\/en\/wp-json\/wp\/v2\/posts\/81570\/revisions"}],"predecessor-version":[{"id":81572,"href":"https:\/\/www.enerjigazetesi.ist\/en\/wp-json\/wp\/v2\/posts\/81570\/revisions\/81572"}],"wp:featuredmedia":[{"embeddable":true,"href":"https:\/\/www.enerjigazetesi.ist\/en\/wp-json\/wp\/v2\/media\/81571"}],"wp:attachment":[{"href":"https:\/\/www.enerjigazetesi.ist\/en\/wp-json\/wp\/v2\/media?parent=81570"}],"wp:term":[{"taxonomy":"category","embeddable":true,"href":"https:\/\/www.enerjigazetesi.ist\/en\/wp-json\/wp\/v2\/categories?post=81570"},{"taxonomy":"post_tag","embeddable":true,"href":"https:\/\/www.enerjigazetesi.ist\/en\/wp-json\/wp\/v2\/tags?post=81570"}],"curies":[{"name":"wp","href":"https:\/\/api.w.org\/{rel}","templated":true}]}}