{"id":8157,"date":"2013-03-12T10:56:29","date_gmt":"2013-03-12T07:56:29","guid":{"rendered":"https:\/\/www.enerjigazetesi.ist\/?p=8157"},"modified":"2013-03-12T10:56:29","modified_gmt":"2013-03-12T07:56:29","slug":"nukleer-egitim-icin-yurt-disina-100-ogrenci-daha-gonderilecek","status":"publish","type":"post","link":"https:\/\/www.enerjigazetesi.ist\/en\/nukleer-egitim-icin-yurt-disina-100-ogrenci-daha-gonderilecek\/","title":{"rendered":"(Turkish) N\u00fckleer E\u011fitim \u0130\u00e7in Yurt D\u0131\u015f\u0131na 100 \u00d6\u011frenci Daha G\u00f6nderilecek"},"content":{"rendered":"<p class=\"qtranxs-available-languages-message qtranxs-available-languages-message-en\">Sorry, this entry is only available in <a href=\"https:\/\/www.enerjigazetesi.ist\/tr\/wp-json\/wp\/v2\/posts\/8157\" class=\"qtranxs-available-language-link qtranxs-available-language-link-tr\" title=\"Turkish\">Turkish<\/a>. For the sake of viewer convenience, the content is shown below in the alternative language. You may click the link to switch the active language.<\/p><p><strong>Bakan Y\u0131ld\u0131z, n\u00fckleer enerjiye y\u00f6nelik protestolara ili\u015fkin bir soru \u00fczerine, Fuku\u015fima kazas\u0131n\u0131n t\u00fcm d\u00fcnyaya daha dikkatli olunmas\u0131 gerekti\u011fini \u00f6\u011fretti\u011fini belirtti. N\u00fckleer g\u00fc\u00e7 santrallerinin yap\u0131m\u0131, enerjide kaynak \u00e7e\u015fitlendirmeyle alakal\u0131 kararl\u0131l\u0131klar\u0131nda herhangi bir de\u011fi\u015fme olmad\u0131\u011f\u0131n\u0131 ifade eden Y\u0131ld\u0131z, buna kar\u015f\u0131n belki de art\u0131 1 y\u0131la mal olacak \u015fekilde daha titiz bir \u00e7al\u0131\u015fma y\u00fcr\u00fctt\u00fcklerini dile getirdi. Y\u0131ld\u0131z, \u015funlar\u0131 kaydetti:<\/strong><\/p>\n<p>\u201dHi\u00e7 \u015f\u00fcphesiz ki i\u00e7erdi\u011fi risklerden dolay\u0131 ister binde 1, isterse y\u00fczde 1 olsun mutlaka T\u00fcrkiye\u2019nin en g\u00fcvenli binas\u0131n\u0131, yap\u0131s\u0131n\u0131 n\u00fckleer g\u00fc\u00e7 santrallerinde yapmak durumunday\u0131z. Allah vermesin 7,4\u2032den daha b\u00fcy\u00fck bir deprem T\u00fcrkiye\u2019de olmad\u0131, in\u015fallah o da olmaz. Ama biz 9 b\u00fcy\u00fckl\u00fc\u011f\u00fcndeki depreme dayan\u0131kl\u0131 olabilecek bir binay\u0131, yap\u0131y\u0131 kurguluyoruz.<\/p>\n<p>Sivil toplum \u00f6rg\u00fctlerimizin farkl\u0131 fikirleri olacakt\u0131r. Biz bunu toplumumuzun bir zenginli\u011fi olarak g\u00f6r\u00fcyoruz. Bug\u00fcn bakanl\u0131\u011f\u0131m\u0131za geleceklerse de ben Bakanlar Kuruluna ge\u00e7ece\u011fim ama arkada\u015flar\u0131m\u0131z gerekli ikramlar\u0131 yapacaklard\u0131r. Biz bu konuda herhangi bir endi\u015femiz s\u0131k\u0131nt\u0131m\u0131z olmaz. Herkes her konuda ayn\u0131 \u015fekilde d\u00fc\u015f\u00fcnecek diye bir kaide yok.<\/p>\n<p>Ama dikkat ederseniz sivil toplum \u00f6rg\u00fctlerimizin \u2018biz n\u00fckleer g\u00fc\u00e7 santrallerini destekliyoruz\u2019 diye bir g\u00f6steris<img loading=\"lazy\" class=\"alignright size-medium wp-image-8158\" title=\"rusya-nukleer-egitim\" src=\"https:\/\/www.enerjigazetesi.ist\/wp-content\/uploads\/2013\/03\/rusya-nukleer-egitim-300x211.jpg\" alt=\"\" width=\"300\" height=\"211\" srcset=\"https:\/\/www.enerjigazetesi.ist\/wp-content\/uploads\/2013\/03\/rusya-nukleer-egitim-300x211.jpg 300w, https:\/\/www.enerjigazetesi.ist\/wp-content\/uploads\/2013\/03\/rusya-nukleer-egitim-70x50.jpg 70w, https:\/\/www.enerjigazetesi.ist\/wp-content\/uploads\/2013\/03\/rusya-nukleer-egitim.jpg 500w\" sizes=\"(max-width: 300px) 100vw, 300px\" \/>i s\u00f6z konusu de\u011fil, \u2018biz istemiyoruz\u2019 diyen arkada\u015flar\u0131m\u0131z\u0131n g\u00f6sterileri genelde s\u00f6z konusu. O a\u00e7\u0131dan toplumumuzun tamam\u0131n\u0131 yans\u0131t\u0131yor gibi bir intiba uyand\u0131rmalar\u0131 do\u011fru de\u011fil. Onlar\u0131n burada bulunmalar\u0131, televizyonlarda \u00e7\u0131k\u0131p bas\u0131n yoluyla fikirlerini s\u00f6ylemeleri son derece tabidir, hayat\u0131n bir ger\u00e7e\u011fidir, bizim i\u00e7in de bir renktir, \u00e7e\u015fitliliktir. Biz bunlar\u0131 hep sayg\u0131yla kar\u015f\u0131l\u0131yoruz ama yolumuza devam edece\u011fiz.\u201d<\/p>\n<p>Bakan Y\u0131ld\u0131z, bu konudaki kararl\u0131l\u0131klar\u0131n\u0131n bir g\u00f6stergesi olarak \u015fu ana kadar bu alanda Rusya\u2019da e\u011fitim g\u00f6ren 114 \u00f6\u011frenciye yenilerinin eklenece\u011fini s\u00f6yledi.<\/p>\n<p>Bu hafta 100 \u00f6\u011frencinin daha kabul\u00fcn\u00fc ger\u00e7ekle\u015ftireceklerini bildiren Y\u0131ld\u0131z, bu kontenjan i\u00e7in yakla\u015f\u0131k 4-5 bin ki\u015filik bir m\u00fcracaat beklediklerini ifade etti. Y\u0131ld\u0131z, \u00f6zellikle fizik ve matematik gibi b\u00f6l\u00fcmlerden \u00f6\u011frencileri ve e\u011fitim alm\u0131\u015f ki\u015fileri Moskova\u2019da e\u011fitime g\u00f6ndereceklerini belirtti. \u0130lerleyen d\u00f6nemde T\u00fcrkiye\u2019de bu e\u011fitimlerin verilece\u011fi bir yap\u0131y\u0131 kurmak istediklerini dile getiren Y\u0131ld\u0131z, nihai hedefin 600 m\u00fchendisi 2023\u2032e kadar haz\u0131rlay\u0131p n\u00fckleer g\u00fc\u00e7 santralinin her biriminde \u00e7al\u0131\u015fabilecekleri bir organizasyonu sa\u011flamak oldu\u011funu kaydetti.<\/p>\n<p>Kaynak: <a href=\"http:\/\/enerjienstitusu.com\/2013\/03\/11\/nukleer-egitim-icin-yurt-disina-100-ogrenci-daha-gonderilecek\/\" target=\"_blank\">Enerji Enstit\u00fcs\u00fc<\/a><\/p>","protected":false},"excerpt":{"rendered":"<p>Sorry, this entry is only available in Turkish. For the sake of viewer convenience, the content is shown below in the alternative language. You may click the link to switch the active language.Bakan Y\u0131ld\u0131z, n\u00fckleer enerjiye y\u00f6nelik protestolara ili\u015fkin bir soru \u00fczerine, Fuku\u015fima kazas\u0131n\u0131n t\u00fcm d\u00fcnyaya daha dikkatli olunmas\u0131 gerekti\u011fini \u00f6\u011fretti\u011fini belirtti. N\u00fckleer g\u00fc\u00e7 santrallerinin [&hellip;]<\/p>\n","protected":false},"author":1,"featured_media":8158,"comment_status":"open","ping_status":"open","sticky":false,"template":"","format":"standard","meta":[],"categories":[53,43],"tags":[67,3372,21,1134,3371,846],"views":584,"_links":{"self":[{"href":"https:\/\/www.enerjigazetesi.ist\/en\/wp-json\/wp\/v2\/posts\/8157"}],"collection":[{"href":"https:\/\/www.enerjigazetesi.ist\/en\/wp-json\/wp\/v2\/posts"}],"about":[{"href":"https:\/\/www.enerjigazetesi.ist\/en\/wp-json\/wp\/v2\/types\/post"}],"author":[{"embeddable":true,"href":"https:\/\/www.enerjigazetesi.ist\/en\/wp-json\/wp\/v2\/users\/1"}],"replies":[{"embeddable":true,"href":"https:\/\/www.enerjigazetesi.ist\/en\/wp-json\/wp\/v2\/comments?post=8157"}],"version-history":[{"count":2,"href":"https:\/\/www.enerjigazetesi.ist\/en\/wp-json\/wp\/v2\/posts\/8157\/revisions"}],"predecessor-version":[{"id":8160,"href":"https:\/\/www.enerjigazetesi.ist\/en\/wp-json\/wp\/v2\/posts\/8157\/revisions\/8160"}],"wp:featuredmedia":[{"embeddable":true,"href":"https:\/\/www.enerjigazetesi.ist\/en\/wp-json\/wp\/v2\/media\/8158"}],"wp:attachment":[{"href":"https:\/\/www.enerjigazetesi.ist\/en\/wp-json\/wp\/v2\/media?parent=8157"}],"wp:term":[{"taxonomy":"category","embeddable":true,"href":"https:\/\/www.enerjigazetesi.ist\/en\/wp-json\/wp\/v2\/categories?post=8157"},{"taxonomy":"post_tag","embeddable":true,"href":"https:\/\/www.enerjigazetesi.ist\/en\/wp-json\/wp\/v2\/tags?post=8157"}],"curies":[{"name":"wp","href":"https:\/\/api.w.org\/{rel}","templated":true}]}}