{"id":81515,"date":"2018-11-04T14:57:29","date_gmt":"2018-11-04T11:57:29","guid":{"rendered":"https:\/\/www.enerjigazetesi.ist\/?p=81515"},"modified":"2018-11-04T14:58:01","modified_gmt":"2018-11-04T11:58:01","slug":"dekin-atolye-istanbul-soylesileri-basladi","status":"publish","type":"post","link":"https:\/\/www.enerjigazetesi.ist\/en\/dekin-atolye-istanbul-soylesileri-basladi\/","title":{"rendered":"(Turkish) DEK&#8217;in At\u00f6lye \u0130stanbul S\u00f6yle\u015fileri Ba\u015flad\u0131!"},"content":{"rendered":"<p class=\"qtranxs-available-languages-message qtranxs-available-languages-message-en\">Sorry, this entry is only available in <a href=\"https:\/\/www.enerjigazetesi.ist\/tr\/wp-json\/wp\/v2\/posts\/81515\" class=\"qtranxs-available-language-link qtranxs-available-language-link-tr\" title=\"Turkish\">Turkish<\/a>. For the sake of viewer convenience, the content is shown below in the alternative language. You may click the link to switch the active language.<\/p><p><strong>EP\u0130A\u015e ile ortakla\u015fa d\u00fczenlenen DEK At\u00f6lye \u0130stanbul S\u00f6yle\u015fileri, ETKB Bakan Yard\u0131mc\u0131s\u0131 <img loading=\"lazy\" class=\"alignleft wp-image-81516 size-medium\" src=\"https:\/\/www.enerjigazetesi.ist\/wp-content\/uploads\/2018\/11\/dekin-atolye-istanbul-soylesileri-basladi-300x261.jpeg\" alt=\"\" width=\"300\" height=\"261\" srcset=\"https:\/\/www.enerjigazetesi.ist\/wp-content\/uploads\/2018\/11\/dekin-atolye-istanbul-soylesileri-basladi-300x261.jpeg 300w, https:\/\/www.enerjigazetesi.ist\/wp-content\/uploads\/2018\/11\/dekin-atolye-istanbul-soylesileri-basladi-768x668.jpeg 768w, https:\/\/www.enerjigazetesi.ist\/wp-content\/uploads\/2018\/11\/dekin-atolye-istanbul-soylesileri-basladi-1024x891.jpeg 1024w, https:\/\/www.enerjigazetesi.ist\/wp-content\/uploads\/2018\/11\/dekin-atolye-istanbul-soylesileri-basladi-460x400.jpeg 460w, https:\/\/www.enerjigazetesi.ist\/wp-content\/uploads\/2018\/11\/dekin-atolye-istanbul-soylesileri-basladi-57x50.jpeg 57w, https:\/\/www.enerjigazetesi.ist\/wp-content\/uploads\/2018\/11\/dekin-atolye-istanbul-soylesileri-basladi.jpeg 1200w\" sizes=\"(max-width: 300px) 100vw, 300px\" \/>ve ayn\u0131 zamanda DEK T\u00fcrkiye Y\u00f6netim Kurulu Ba\u015fkan\u0131 Sn. Alparslan BAYRAKTAR\u2019\u0131n a\u00e7\u0131l\u0131\u015f konu\u015fmalar\u0131 ile ba\u015flad\u0131.<\/strong><\/p>\n<p>Bayraktar; \u201cT\u00fcrkiye ve D\u00fcnyada Enerji G\u00fcndemi\u201d konulu sunumu sonras\u0131 D\u00fcnyada Enerji D\u00f6n\u00fc\u015f\u00fcm\u00fc, T\u00fcrkiye Enerji G\u00f6r\u00fcn\u00fcm\u00fc ve Milli Enerji &amp; Maden Politikas\u0131 konular\u0131n\u0131 de\u011ferlendirdikten sonra kat\u0131l\u0131mc\u0131lardan gelen sorulara yan\u0131t verdi.<\/p>\n<p>\u0130stanbul S\u00f6yle\u015fileri kapsam\u0131nda birbirinden de\u011ferli konuklar\u0131yla EP\u0130A\u015e E\u011fitim Salonu\u2019nda sekt\u00f6r payda\u015flar\u0131yla bulu\u015fmas\u0131n\u0131 s\u00fcrd\u00fcrecek.<\/p>\n<p>G\u00fcncel Program Detaylar\u0131 <a href=\"https:\/\/www.dunyaenerji.org.tr\/istanbul-kayitlari\/\" target=\"_blank\" rel=\"noopener\">\u0130\u00e7in TIKLAYINIZ &gt;&gt;&gt;<\/a><\/p>","protected":false},"excerpt":{"rendered":"<p>Sorry, this entry is only available in Turkish. For the sake of viewer convenience, the content is shown below in the alternative language. You may click the link to switch the active language.EP\u0130A\u015e ile ortakla\u015fa d\u00fczenlenen DEK At\u00f6lye \u0130stanbul S\u00f6yle\u015fileri, ETKB Bakan Yard\u0131mc\u0131s\u0131 ve ayn\u0131 zamanda DEK T\u00fcrkiye Y\u00f6netim Kurulu Ba\u015fkan\u0131 Sn. Alparslan BAYRAKTAR\u2019\u0131n a\u00e7\u0131l\u0131\u015f [&hellip;]<\/p>\n","protected":false},"author":1,"featured_media":81516,"comment_status":"open","ping_status":"open","sticky":false,"template":"","format":"standard","meta":[],"categories":[51,53],"tags":[14004,40953,34979,19638,34980,26353,67,1009,40956,40957,1010,40954,40955],"views":874,"_links":{"self":[{"href":"https:\/\/www.enerjigazetesi.ist\/en\/wp-json\/wp\/v2\/posts\/81515"}],"collection":[{"href":"https:\/\/www.enerjigazetesi.ist\/en\/wp-json\/wp\/v2\/posts"}],"about":[{"href":"https:\/\/www.enerjigazetesi.ist\/en\/wp-json\/wp\/v2\/types\/post"}],"author":[{"embeddable":true,"href":"https:\/\/www.enerjigazetesi.ist\/en\/wp-json\/wp\/v2\/users\/1"}],"replies":[{"embeddable":true,"href":"https:\/\/www.enerjigazetesi.ist\/en\/wp-json\/wp\/v2\/comments?post=81515"}],"version-history":[{"count":1,"href":"https:\/\/www.enerjigazetesi.ist\/en\/wp-json\/wp\/v2\/posts\/81515\/revisions"}],"predecessor-version":[{"id":81517,"href":"https:\/\/www.enerjigazetesi.ist\/en\/wp-json\/wp\/v2\/posts\/81515\/revisions\/81517"}],"wp:featuredmedia":[{"embeddable":true,"href":"https:\/\/www.enerjigazetesi.ist\/en\/wp-json\/wp\/v2\/media\/81516"}],"wp:attachment":[{"href":"https:\/\/www.enerjigazetesi.ist\/en\/wp-json\/wp\/v2\/media?parent=81515"}],"wp:term":[{"taxonomy":"category","embeddable":true,"href":"https:\/\/www.enerjigazetesi.ist\/en\/wp-json\/wp\/v2\/categories?post=81515"},{"taxonomy":"post_tag","embeddable":true,"href":"https:\/\/www.enerjigazetesi.ist\/en\/wp-json\/wp\/v2\/tags?post=81515"}],"curies":[{"name":"wp","href":"https:\/\/api.w.org\/{rel}","templated":true}]}}