{"id":8144,"date":"2013-03-12T10:21:23","date_gmt":"2013-03-12T07:21:23","guid":{"rendered":"https:\/\/www.enerjigazetesi.ist\/?p=8144"},"modified":"2013-03-12T10:22:12","modified_gmt":"2013-03-12T07:22:12","slug":"enerji-bakanindan-yaz-saati-aciklamasi","status":"publish","type":"post","link":"https:\/\/www.enerjigazetesi.ist\/en\/enerji-bakanindan-yaz-saati-aciklamasi\/","title":{"rendered":"(Turkish) Enerji Bakan\u0131ndan Yaz Saati A\u00e7\u0131klamas\u0131"},"content":{"rendered":"<p class=\"qtranxs-available-languages-message qtranxs-available-languages-message-en\">Sorry, this entry is only available in <a href=\"https:\/\/www.enerjigazetesi.ist\/tr\/wp-json\/wp\/v2\/posts\/8144\" class=\"qtranxs-available-language-link qtranxs-available-language-link-tr\" title=\"Turkish\">Turkish<\/a>. For the sake of viewer convenience, the content is shown below in the alternative language. You may click the link to switch the active language.<\/p><p><strong>Yaz saati uygulamas\u0131n\u0131n kald\u0131r\u0131lmas\u0131 ge\u00e7ti\u011fimiz aylarda g\u00fcndeme gelmi\u015fti. Yaz mevsimine yakla\u015f\u0131lmas\u0131 nedeniyle vatanda\u015flar yaz saati uygulamas\u0131na ge\u00e7ilip ge\u00e7ilmeyece\u011fi konusunda meraklanmaya ba\u015flad\u0131. Enerji ve Tabii Kaynaklar Bakan\u0131 Taner Y\u0131ld\u0131z, \u201dileri-geri saat uygulamas\u0131\u201dn\u0131n bu y\u0131l da devam edece\u011fini, konuyu \u00f6n\u00fcm\u00fczdeki y\u0131l tekrar de\u011ferlendireceklerini bildirdi.<\/strong><\/p>\n<p><img loading=\"lazy\" class=\"size-medium wp-image-8145 alignleft\" title=\"ileri_saat_uygulamasi_bu_yil_da_devam_edecek_h3142\" src=\"https:\/\/www.enerjigazetesi.ist\/wp-content\/uploads\/2013\/03\/ileri_saat_uygulamasi_bu_yil_da_devam_edecek_h3142-300x189.jpg\" alt=\"\" width=\"300\" height=\"189\" srcset=\"https:\/\/www.enerjigazetesi.ist\/wp-content\/uploads\/2013\/03\/ileri_saat_uygulamasi_bu_yil_da_devam_edecek_h3142-300x189.jpg 300w, https:\/\/www.enerjigazetesi.ist\/wp-content\/uploads\/2013\/03\/ileri_saat_uygulamasi_bu_yil_da_devam_edecek_h3142-80x50.jpg 80w, https:\/\/www.enerjigazetesi.ist\/wp-content\/uploads\/2013\/03\/ileri_saat_uygulamasi_bu_yil_da_devam_edecek_h3142.jpg 455w\" sizes=\"(max-width: 300px) 100vw, 300px\" \/>Enerji ve Tabii Kaynaklar Bakan\u0131 Taner Y\u0131ld\u0131z, Enerji Verimlili\u011fi Derne\u011fi (ENVERDER) Y\u00f6netim Kurulu \u00fcyelerini makam\u0131nda kabul etti. Y\u0131ld\u0131z, kabul sonras\u0131 gazetecilerin sorular\u0131n\u0131 cevaplad\u0131.<\/p>\n<p>Bir gazetecinin, &#8216;\u0130leri saat uygulamas\u0131nda nas\u0131l bir politika izlenece\u011fini&#8217; sormas\u0131 \u00fczerine Y\u0131ld\u0131z, &#8220;\u0130leri saat uygulamas\u0131yla ilgili olarak Bakanl\u0131k olarak g\u00f6r\u00fc\u015flerimizi bildirdik. Bakanlar Kurulu&#8217;nda di\u011fer Bakanl\u0131klarla beraber bu s\u00fcre\u00e7 de\u011ferlendiriliyor. Bizim g\u00f6r\u00fc\u015f\u00fcm\u00fcz; Enerji tasarrufu a\u00e7\u0131s\u0131ndan art\u0131k yeknesak bir hale gelmektir ama bu y\u0131l i\u00e7erisinde ileri saat uygulamalar\u0131 yap\u0131lacak. \u00d6n\u00fcm\u00fczdeki y\u0131l i\u00e7erisinde tekrar de\u011ferlendirece\u011fiz&#8221; diye konu\u015ftu.<\/p>\n<p>Kaynak: <a href=\"http:\/\/www.energyworld.com.tr\/root.vol?title=enerji-bakanindan-yaz-saati-aciklamasi&amp;exec=page&amp;nid=514265\" target=\"_blank\">Energy World<\/a><\/p>","protected":false},"excerpt":{"rendered":"<p>Sorry, this entry is only available in Turkish. For the sake of viewer convenience, the content is shown below in the alternative language. You may click the link to switch the active language.Yaz saati uygulamas\u0131n\u0131n kald\u0131r\u0131lmas\u0131 ge\u00e7ti\u011fimiz aylarda g\u00fcndeme gelmi\u015fti. Yaz mevsimine yakla\u015f\u0131lmas\u0131 nedeniyle vatanda\u015flar yaz saati uygulamas\u0131na ge\u00e7ilip ge\u00e7ilmeyece\u011fi konusunda meraklanmaya ba\u015flad\u0131. Enerji ve [&hellip;]<\/p>\n","protected":false},"author":1,"featured_media":8145,"comment_status":"open","ping_status":"open","sticky":false,"template":"","format":"standard","meta":[],"categories":[53,52],"tags":[67,103,1389,12,3366,667,3365,109],"views":667,"_links":{"self":[{"href":"https:\/\/www.enerjigazetesi.ist\/en\/wp-json\/wp\/v2\/posts\/8144"}],"collection":[{"href":"https:\/\/www.enerjigazetesi.ist\/en\/wp-json\/wp\/v2\/posts"}],"about":[{"href":"https:\/\/www.enerjigazetesi.ist\/en\/wp-json\/wp\/v2\/types\/post"}],"author":[{"embeddable":true,"href":"https:\/\/www.enerjigazetesi.ist\/en\/wp-json\/wp\/v2\/users\/1"}],"replies":[{"embeddable":true,"href":"https:\/\/www.enerjigazetesi.ist\/en\/wp-json\/wp\/v2\/comments?post=8144"}],"version-history":[{"count":2,"href":"https:\/\/www.enerjigazetesi.ist\/en\/wp-json\/wp\/v2\/posts\/8144\/revisions"}],"predecessor-version":[{"id":8147,"href":"https:\/\/www.enerjigazetesi.ist\/en\/wp-json\/wp\/v2\/posts\/8144\/revisions\/8147"}],"wp:featuredmedia":[{"embeddable":true,"href":"https:\/\/www.enerjigazetesi.ist\/en\/wp-json\/wp\/v2\/media\/8145"}],"wp:attachment":[{"href":"https:\/\/www.enerjigazetesi.ist\/en\/wp-json\/wp\/v2\/media?parent=8144"}],"wp:term":[{"taxonomy":"category","embeddable":true,"href":"https:\/\/www.enerjigazetesi.ist\/en\/wp-json\/wp\/v2\/categories?post=8144"},{"taxonomy":"post_tag","embeddable":true,"href":"https:\/\/www.enerjigazetesi.ist\/en\/wp-json\/wp\/v2\/tags?post=8144"}],"curies":[{"name":"wp","href":"https:\/\/api.w.org\/{rel}","templated":true}]}}