{"id":81395,"date":"2018-11-02T12:50:51","date_gmt":"2018-11-02T09:50:51","guid":{"rendered":"https:\/\/www.enerjigazetesi.ist\/?p=81395"},"modified":"2018-11-02T12:50:51","modified_gmt":"2018-11-02T09:50:51","slug":"kacak-elektrik-kullanimi-turkiyenin-can-ve-mal-guvenligine-zarar-veriyor","status":"publish","type":"post","link":"https:\/\/www.enerjigazetesi.ist\/en\/kacak-elektrik-kullanimi-turkiyenin-can-ve-mal-guvenligine-zarar-veriyor\/","title":{"rendered":"(Turkish) &#8221;Ka\u00e7ak Elektrik Kullan\u0131m\u0131 T\u00fcrkiye&#8217;nin Can ve Mal G\u00fcvenli\u011fine Zarar Veriyor&#8221;"},"content":{"rendered":"<p class=\"qtranxs-available-languages-message qtranxs-available-languages-message-en\">Sorry, this entry is only available in <a href=\"https:\/\/www.enerjigazetesi.ist\/tr\/wp-json\/wp\/v2\/posts\/81395\" class=\"qtranxs-available-language-link qtranxs-available-language-link-tr\" title=\"Turkish\">Turkish<\/a>. For the sake of viewer convenience, the content is shown below in the alternative language. You may click the link to switch the active language.<\/p><p><strong>YEDA\u015e Genel M\u00fcd\u00fcr\u00fc ve Da\u011f\u0131t\u0131m Direkt\u00f6r\u00fc Ak\u0131n \u015eahin taraf\u0131ndan \u201cKa\u00e7ak elektrik kullan\u0131m\u0131 \u00fclke ekonomisine, can ve mal g\u00fcvenli\u011fine zarar vermektedir\u201d denildi.<\/strong><span id=\"more-102732\"><\/span><\/p>\n<p>2011&#8217;den g\u00fcn\u00fcm\u00fcze Samsun, Ordu, \u00c7orum, Amasya, Sinop il ve il\u00e7elerinde elektrik da\u011f\u0131t\u0131m faaliyetlerini s\u00fcrd\u00fcren YEDA\u015e, toplumsal ve sosyal sorumluluk bilinci ile hareket etmeye \u00f6zen g\u00f6steriyor. Ka\u00e7ak <img loading=\"lazy\" class=\"alignleft wp-image-81396 size-medium\" src=\"https:\/\/www.enerjigazetesi.ist\/wp-content\/uploads\/2018\/11\/kacak-elektrik-kullanimi-turkiyenin-can-ve-mal-guvenligine-zarar-veriyor-300x165.jpg\" alt=\"\" width=\"300\" height=\"165\" srcset=\"https:\/\/www.enerjigazetesi.ist\/wp-content\/uploads\/2018\/11\/kacak-elektrik-kullanimi-turkiyenin-can-ve-mal-guvenligine-zarar-veriyor-300x165.jpg 300w, https:\/\/www.enerjigazetesi.ist\/wp-content\/uploads\/2018\/11\/kacak-elektrik-kullanimi-turkiyenin-can-ve-mal-guvenligine-zarar-veriyor-500x275.jpg 500w, https:\/\/www.enerjigazetesi.ist\/wp-content\/uploads\/2018\/11\/kacak-elektrik-kullanimi-turkiyenin-can-ve-mal-guvenligine-zarar-veriyor-80x44.jpg 80w, https:\/\/www.enerjigazetesi.ist\/wp-content\/uploads\/2018\/11\/kacak-elektrik-kullanimi-turkiyenin-can-ve-mal-guvenligine-zarar-veriyor.jpg 690w\" sizes=\"(max-width: 300px) 100vw, 300px\" \/>elektrik kullan\u0131m\u0131n\u0131n \u00f6n\u00fcne ge\u00e7mek amac\u0131yla \u00e7al\u0131\u015fmalar ger\u00e7ekle\u015ftiriyor. Denetim ve takip sonucu tespit edilen ka\u00e7ak elektrik kullan\u0131m\u0131n\u0131 ortadan kald\u0131rmak amac\u0131yla hareket edilmektedir.<\/p>\n<p>Ka\u00e7ak elektrik kullan\u0131m\u0131n\u0131n \u00fclke ekonomisine zarar verdi\u011fine vurgu yapan YEDA\u015e Genel M\u00fcd\u00fcr\u00fc ve Da\u011f\u0131t\u0131m Direkt\u00f6r\u00fc Ak\u0131n \u015eahin, bu durumun, kaliteli elektrik kullan\u0131m\u0131n\u0131n yan\u0131 s\u0131ra, can ve mal g\u00fcvenli\u011fi a\u00e7\u0131s\u0131ndan da \u00f6nemli oldu\u011funu da belirtti. Elektrik da\u011f\u0131t\u0131m \u015febekesinin, ilgili b\u00f6lgedeki abone say\u0131s\u0131na g\u00f6re tesis edildi\u011fini, ka\u00e7ak elektrik kullan\u0131m\u0131n\u0131n ise \u015febekedeki y\u00fck\u00fc art\u0131rarak elektrik kesintisi ve gerilim d\u00fc\u015f\u00fc\u015f\u00fc gibi olumsuzluklara neden oldu\u011funu belirten Genel M\u00fcd\u00fcr Ak\u0131n \u015eahin, \u201cB\u00f6lgede \u00f6zellikle tar\u0131msal sulama alan\u0131nda ve f\u0131nd\u0131k zaman\u0131 mevsimlik i\u015f\u00e7ilerin \u00e7ad\u0131rlarda ka\u00e7ak elektrik kulland\u0131\u011f\u0131n\u0131 tespit ediyoruz. Tesisat yap\u0131s\u0131, teknik \u015fartname ve standartlara uygun olmad\u0131\u011f\u0131 i\u00e7in elektrik ka\u00e7a\u011f\u0131 ya\u015fan\u0131yor. Bu nedenle de elektrik ak\u0131m\u0131na kap\u0131lma veya yang\u0131nlar ortaya \u00e7\u0131kabiliyor. \u0130nsanlar\u0131n ve hayvanlar\u0131n can g\u00fcvenli\u011fi tehlikeye giriyor, maddi hasar meydana gelebiliyor\u201d ifadelerini kulland\u0131.<\/p>","protected":false},"excerpt":{"rendered":"<p>Sorry, this entry is only available in Turkish. For the sake of viewer convenience, the content is shown below in the alternative language. You may click the link to switch the active language.YEDA\u015e Genel M\u00fcd\u00fcr\u00fc ve Da\u011f\u0131t\u0131m Direkt\u00f6r\u00fc Ak\u0131n \u015eahin taraf\u0131ndan \u201cKa\u00e7ak elektrik kullan\u0131m\u0131 \u00fclke ekonomisine, can ve mal g\u00fcvenli\u011fine zarar vermektedir\u201d denildi. 2011&#8217;den g\u00fcn\u00fcm\u00fcze [&hellip;]<\/p>\n","protected":false},"author":1,"featured_media":81396,"comment_status":"open","ping_status":"open","sticky":false,"template":"","format":"standard","meta":[],"categories":[51,53],"tags":[40842,18342,34979,17196,140,26353,67,1009,8635,40843,9138],"views":534,"_links":{"self":[{"href":"https:\/\/www.enerjigazetesi.ist\/en\/wp-json\/wp\/v2\/posts\/81395"}],"collection":[{"href":"https:\/\/www.enerjigazetesi.ist\/en\/wp-json\/wp\/v2\/posts"}],"about":[{"href":"https:\/\/www.enerjigazetesi.ist\/en\/wp-json\/wp\/v2\/types\/post"}],"author":[{"embeddable":true,"href":"https:\/\/www.enerjigazetesi.ist\/en\/wp-json\/wp\/v2\/users\/1"}],"replies":[{"embeddable":true,"href":"https:\/\/www.enerjigazetesi.ist\/en\/wp-json\/wp\/v2\/comments?post=81395"}],"version-history":[{"count":1,"href":"https:\/\/www.enerjigazetesi.ist\/en\/wp-json\/wp\/v2\/posts\/81395\/revisions"}],"predecessor-version":[{"id":81397,"href":"https:\/\/www.enerjigazetesi.ist\/en\/wp-json\/wp\/v2\/posts\/81395\/revisions\/81397"}],"wp:featuredmedia":[{"embeddable":true,"href":"https:\/\/www.enerjigazetesi.ist\/en\/wp-json\/wp\/v2\/media\/81396"}],"wp:attachment":[{"href":"https:\/\/www.enerjigazetesi.ist\/en\/wp-json\/wp\/v2\/media?parent=81395"}],"wp:term":[{"taxonomy":"category","embeddable":true,"href":"https:\/\/www.enerjigazetesi.ist\/en\/wp-json\/wp\/v2\/categories?post=81395"},{"taxonomy":"post_tag","embeddable":true,"href":"https:\/\/www.enerjigazetesi.ist\/en\/wp-json\/wp\/v2\/tags?post=81395"}],"curies":[{"name":"wp","href":"https:\/\/api.w.org\/{rel}","templated":true}]}}