{"id":8137,"date":"2013-03-12T10:14:20","date_gmt":"2013-03-12T07:14:20","guid":{"rendered":"https:\/\/www.enerjigazetesi.ist\/?p=8137"},"modified":"2013-03-12T10:15:16","modified_gmt":"2013-03-12T07:15:16","slug":"biyogaz-tesisi-sanayicilerden-tam-not-aldi","status":"publish","type":"post","link":"https:\/\/www.enerjigazetesi.ist\/en\/biyogaz-tesisi-sanayicilerden-tam-not-aldi\/","title":{"rendered":"(Turkish) Biyogaz Tesisi Sanayicilerden Tam Not Ald\u0131"},"content":{"rendered":"<p class=\"qtranxs-available-languages-message qtranxs-available-languages-message-en\">Sorry, this entry is only available in <a href=\"https:\/\/www.enerjigazetesi.ist\/tr\/wp-json\/wp\/v2\/posts\/8137\" class=\"qtranxs-available-language-link qtranxs-available-language-link-tr\" title=\"Turkish\">Turkish<\/a>. For the sake of viewer convenience, the content is shown below in the alternative language. You may click the link to switch the active language.<\/p><p><strong>At\u0131k y\u00f6netimi ile birlikte enerji \u00fcretimi alan\u0131nda da ad\u0131ndan s\u0131k\u00e7a s\u00f6z ettiren \u0130ZAYDA\u015e, sanayici ve i\u015f adamlar\u0131 derneklerini a\u011f\u0131rlamaya devam ediyor.<\/strong><\/p>\n<p>Yeni projelerini bu kez KATS\u0130AD y\u00f6neticileriyle payla\u015fan \u0130ZAYDA\u015e, biyogaz tesisi ile sanayicilerden tam not ald\u0131.<\/p>\n<p>Kartepe Sanayici ve \u0130\u015fadamlar\u0131 Derne\u011fi&#8217;nin \u0130ZAYDA\u015e program\u0131, ilk olarak genel m\u00fcd\u00fcrl\u00fck toplant\u0131 salonunda ba\u015flad\u0131. KATS\u0130AD heyetinde dernek ba\u015fkan\u0131 Celalettin K\u0131rboz ile birlikte Mustafa Ert\u00fcrk, Fevzi Bay\u0131rba\u015f\u0131, Erkan Y\u0131lmaz, Emre Saliho\u011flu, Semra Harmandar, Hasan Meral, R\u00fcstem \u00d6cal, Ekrem Yurtsever, Didem K\u00f6seler, G\u00fclbur\u00e7ak Akko\u00e7, Hakan Er, Recep Deveci, Nihat Balta, Cemil Alt\u0131nkaya ve Cevat Demir yer ald\u0131.<\/p>\n<p><img loading=\"lazy\" class=\"alignleft size-medium wp-image-8138\" title=\"biyogaz-tesisi-sanayici-tam-not-aldi\" src=\"https:\/\/www.enerjigazetesi.ist\/wp-content\/uploads\/2013\/03\/biyogaz-tesisi-sanayici-tam-not-aldi-300x181.jpg\" alt=\"\" width=\"300\" height=\"181\" srcset=\"https:\/\/www.enerjigazetesi.ist\/wp-content\/uploads\/2013\/03\/biyogaz-tesisi-sanayici-tam-not-aldi-300x181.jpg 300w, https:\/\/www.enerjigazetesi.ist\/wp-content\/uploads\/2013\/03\/biyogaz-tesisi-sanayici-tam-not-aldi-80x48.jpg 80w, https:\/\/www.enerjigazetesi.ist\/wp-content\/uploads\/2013\/03\/biyogaz-tesisi-sanayici-tam-not-aldi.jpg 480w\" sizes=\"(max-width: 300px) 100vw, 300px\" \/>Teknik detaylar\u0131n anlat\u0131ld\u0131\u011f\u0131 sunum yakla\u015f\u0131k iki saat s\u00fcrerken, KATS\u0130AD heyetinin yo\u011fun sorular\u0131 dikkat \u00e7ekti. \u00dcyeleri aras\u0131nda at\u0131k y\u00f6netimi firmalar\u0131na sahip i\u015fadamlar\u0131n\u0131n da yer ald\u0131\u011f\u0131 KATS\u0130AD heyeti, \u00e7al\u0131\u015fmalar hakk\u0131nda detayl\u0131 bilgi ald\u0131. Ard\u0131ndan saha turuna ge\u00e7ildi.<\/p>\n<p>Avrupa ve D\u00fcnya&#8217;da \u00e7ok say\u0131da bulunan do\u011fa dostu biyogaz tesisi KATS\u0130AD \u00fcyeleri taraf\u0131ndan ilgi g\u00f6rd\u00fc. Biyogazdan elektrik \u00fcreten tesis ile yak\u0131ndan ilgilenen KATS\u0130AD heyeti, sistemin i\u015fleyi\u015fi, elektrik \u00fcretme kapasitesi, ya\u015fanan s\u0131k\u0131nt\u0131lar ve \u00e7\u0131kt\u0131lar\u0131n de\u011ferlendirilmesi noktas\u0131nda sorular sordu, yan\u0131tlar ald\u0131. Heyet, g\u00fcn\u00fcm\u00fczde \u00f6nemi hayli artan enerji yat\u0131r\u0131mlar\u0131 sayesinde \u0130ZAYDA\u015e&#8217;\u0131n \u00fclkemiz i\u00e7in son derece \u00f6rnek bir kurulu\u015f haline geldi\u011fini ifade etti.<\/p>\n<p>KATS\u0130AD Y\u00f6netim Kurulu Ba\u015fkan\u0131 Celalettin K\u0131rboz, ziyaret ile ilgili yapt\u0131\u011f\u0131 de\u011ferlendirmede, \u0130ZAYDA\u015e&#8217;\u0131 ve yapt\u0131\u011f\u0131 \u00e7al\u0131\u015fmalar\u0131 ilk kez bu kadar yak\u0131ndan tan\u0131d\u0131klar\u0131n\u0131 s\u00f6yledi. Biyogaz tesisini de olduk\u00e7a be\u011fendiklerini aktaran Celalettin K\u0131rboz, &#8220;\u0130ZAYDA\u015e ayn\u0131 zamanda enerji \u00fcreten bir tesis. Biyogaz, \u00e7\u00f6p gaz\u0131, r\u00fczgar, tehlikeli at\u0131k ve bu sene devreye girecek olan HES. \u00dclkemizin bu yat\u0131r\u0131mlara daha fazla \u00f6nem vermesi, bu projeleri \u00f6rnek almas\u0131 ve bu enerjileri \u00fcretebilece\u011fimiz kaynaklar olarak g\u00f6rmesi, gelece\u011fimiz a\u00e7\u0131s\u0131ndan \u00e7ok \u00f6nemli&#8221; diye konu\u015ftu.<\/p>\n<p>Kaynak: <a href=\"http:\/\/www.energyworld.com.tr\/root.vol?title=biyogaz-tesisi-sanayicilerden-tam-not-aldi&amp;exec=page&amp;nid=514551\" target=\"_blank\">Energy World<\/a><\/p>","protected":false},"excerpt":{"rendered":"<p>Sorry, this entry is only available in Turkish. For the sake of viewer convenience, the content is shown below in the alternative language. You may click the link to switch the active language.At\u0131k y\u00f6netimi ile birlikte enerji \u00fcretimi alan\u0131nda da ad\u0131ndan s\u0131k\u00e7a s\u00f6z ettiren \u0130ZAYDA\u015e, sanayici ve i\u015f adamlar\u0131 derneklerini a\u011f\u0131rlamaya devam ediyor. Yeni projelerini [&hellip;]<\/p>\n","protected":false},"author":1,"featured_media":8138,"comment_status":"open","ping_status":"open","sticky":false,"template":"","format":"standard","meta":[],"categories":[51,53],"tags":[640,641,3362,1676,1870,68,63,67,18,532,35370,1090,2861,3364,3360,69,3363,3361],"views":649,"_links":{"self":[{"href":"https:\/\/www.enerjigazetesi.ist\/en\/wp-json\/wp\/v2\/posts\/8137"}],"collection":[{"href":"https:\/\/www.enerjigazetesi.ist\/en\/wp-json\/wp\/v2\/posts"}],"about":[{"href":"https:\/\/www.enerjigazetesi.ist\/en\/wp-json\/wp\/v2\/types\/post"}],"author":[{"embeddable":true,"href":"https:\/\/www.enerjigazetesi.ist\/en\/wp-json\/wp\/v2\/users\/1"}],"replies":[{"embeddable":true,"href":"https:\/\/www.enerjigazetesi.ist\/en\/wp-json\/wp\/v2\/comments?post=8137"}],"version-history":[{"count":5,"href":"https:\/\/www.enerjigazetesi.ist\/en\/wp-json\/wp\/v2\/posts\/8137\/revisions"}],"predecessor-version":[{"id":8143,"href":"https:\/\/www.enerjigazetesi.ist\/en\/wp-json\/wp\/v2\/posts\/8137\/revisions\/8143"}],"wp:featuredmedia":[{"embeddable":true,"href":"https:\/\/www.enerjigazetesi.ist\/en\/wp-json\/wp\/v2\/media\/8138"}],"wp:attachment":[{"href":"https:\/\/www.enerjigazetesi.ist\/en\/wp-json\/wp\/v2\/media?parent=8137"}],"wp:term":[{"taxonomy":"category","embeddable":true,"href":"https:\/\/www.enerjigazetesi.ist\/en\/wp-json\/wp\/v2\/categories?post=8137"},{"taxonomy":"post_tag","embeddable":true,"href":"https:\/\/www.enerjigazetesi.ist\/en\/wp-json\/wp\/v2\/tags?post=8137"}],"curies":[{"name":"wp","href":"https:\/\/api.w.org\/{rel}","templated":true}]}}