{"id":81291,"date":"2018-10-31T14:13:25","date_gmt":"2018-10-31T11:13:25","guid":{"rendered":"https:\/\/www.enerjigazetesi.ist\/?p=81291"},"modified":"2018-10-31T14:15:46","modified_gmt":"2018-10-31T11:15:46","slug":"iicec-arastirma-direktorlugune-bora-sekip-guray-getirildi","status":"publish","type":"post","link":"https:\/\/www.enerjigazetesi.ist\/en\/iicec-arastirma-direktorlugune-bora-sekip-guray-getirildi\/","title":{"rendered":"(Turkish) IICEC Ara\u015ft\u0131rma Direkt\u00f6rl\u00fc\u011f\u00fc\u2019ne Bora \u015eekip G\u00fcray Getirildi"},"content":{"rendered":"<p class=\"qtranxs-available-languages-message qtranxs-available-languages-message-en\">Sorry, this entry is only available in <a href=\"https:\/\/www.enerjigazetesi.ist\/tr\/wp-json\/wp\/v2\/posts\/81291\" class=\"qtranxs-available-language-link qtranxs-available-language-link-tr\" title=\"Turkish\">Turkish<\/a>. For the sake of viewer convenience, the content is shown below in the alternative language. You may click the link to switch the active language.<\/p><p><strong>Sabanc\u0131 \u00dcniversitesi \u0130stanbul Uluslararas\u0131 Enerji ve \u0130klim Merkezi (IICEC) b\u00fcnyesine Ara\u015ft\u0131rma Direkt\u00f6r\u00fc olarak kat\u0131lan Bora \u015eekip G\u00fcray ile sekt\u00f6rel g\u00fcc\u00fcn\u00fc art\u0131r\u0131yor. G\u00fcray, IICEC&#8217;in t\u00fcm ara\u015ft\u0131rma faaliyetlerini, kilit payda\u015flarla yak\u0131n i\u015fbirli\u011fi ve diyalog i\u00e7erisinde y\u00f6nlendirerek, s\u00fcrd\u00fcr\u00fclebilir enerji gelece\u011fi i\u00e7in g\u00fcvenli, verimli, rekabet\u00e7i bir enerji sistemine y\u00f6nelik proje ve \u00e7al\u0131\u015fmalardan sorumlu olacak.<\/strong><\/p>\n<p>Sabanc\u0131 \u00dcniversitesi \u0130stanbul Uluslararas\u0131 Enerji ve \u0130klim Merkezi (IICEC)\u2019de Ara\u015ft\u0131rmalardan sorumlu direkt\u00f6rl\u00fc\u011fe, enerji alan\u0131nda kamu ve \u00f6zel sekt\u00f6rde 20 y\u0131ll\u0131k deneyime sahip <strong>Bora \u015eekip G\u00fcray<\/strong> <img loading=\"lazy\" class=\"alignleft size-medium wp-image-81292\" src=\"https:\/\/www.enerjigazetesi.ist\/wp-content\/uploads\/2018\/10\/iicec-arastirma-direktorlugune-bora-sekip-guray-getirildi-296x300.jpg\" alt=\"\" width=\"296\" height=\"300\" srcset=\"https:\/\/www.enerjigazetesi.ist\/wp-content\/uploads\/2018\/10\/iicec-arastirma-direktorlugune-bora-sekip-guray-getirildi-296x300.jpg 296w, https:\/\/www.enerjigazetesi.ist\/wp-content\/uploads\/2018\/10\/iicec-arastirma-direktorlugune-bora-sekip-guray-getirildi-394x400.jpg 394w, https:\/\/www.enerjigazetesi.ist\/wp-content\/uploads\/2018\/10\/iicec-arastirma-direktorlugune-bora-sekip-guray-getirildi-49x50.jpg 49w, https:\/\/www.enerjigazetesi.ist\/wp-content\/uploads\/2018\/10\/iicec-arastirma-direktorlugune-bora-sekip-guray-getirildi-100x100.jpg 100w, https:\/\/www.enerjigazetesi.ist\/wp-content\/uploads\/2018\/10\/iicec-arastirma-direktorlugune-bora-sekip-guray-getirildi.jpg 481w\" sizes=\"(max-width: 296px) 100vw, 296px\" \/>getirildi. 1 Kas\u0131m 2018 itibar\u0131yla yeni g\u00f6revine ba\u015flayacak olan G\u00fcray, son olarak Sabanc\u0131 Holding Enerji Grup Ba\u015fkanl\u0131\u011f\u0131\u2019nda g\u00f6rev yap\u0131yordu. G\u00fcray; IICEC&#8217;in t\u00fcm ara\u015ft\u0131rma faaliyetlerini \u00f6nemli payda\u015flarla yak\u0131n i\u015fbirli\u011fi ve diyalog i\u00e7erisinde y\u00f6nlendirerek, s\u00fcrd\u00fcr\u00fclebilir enerji gelece\u011fi i\u00e7in \u00e7\u00f6z\u00fcmler ve g\u00fcvenli, verimli ve rekabet\u00e7i bir enerji sistemi odakl\u0131 olarak ara\u015ft\u0131rma projeleri ve \u00e7al\u0131\u015fmalar\u0131ndan sorumlu olacak.<\/p>\n<p>IICEC Merkez Direkt\u00f6r\u00fc Prof. Carmine Difiglio konu ile ilgili olarak yapt\u0131\u011f\u0131 a\u00e7\u0131klamada; \u201cIICEC\u2019in, enerji politikas\u0131 ara\u015ft\u0131rmalar\u0131n\u0131 sekt\u00f6r dinamikleri ile birle\u015ftirme hedefleri do\u011frultusunda, Bora \u015eekip G\u00fcray akademi, kamu ve \u00f6zel sekt\u00f6rdeki deneyimleriyle IICEC\u2019in h\u0131zla b\u00fcy\u00fcyen ara\u015ft\u0131rma g\u00fcndemine liderlik edecek en iyi isim. Bu nedenle ekibimize Ara\u015ft\u0131rma Direkt\u00f6r\u00fc olarak kat\u0131lmas\u0131ndan heyecan duyuyorum. Gelecek y\u0131l i\u00e7inde kendisinden IICEC\u2019in yeni projelerinden olan T\u00fcrkiye Enerji Modelinin tamamlanmas\u0131 ve T\u00fcrkiye Enerji G\u00f6r\u00fcn\u00fcm\u00fc raporumuzun yay\u0131mlanmas\u0131 gibi projelerle ilgili bilgileri de alacaks\u0131n\u0131z. Say\u0131n G\u00fcray\u2019\u0131n ekibimize kat\u0131l\u0131m\u0131n\u0131n, IICEC\u2019in b\u00fcy\u00fcmesi ve etkinli\u011fi i\u00e7in de yeni bir a\u015fama olu\u015fturaca\u011f\u0131na inan\u0131yorum\u201d dedi.<\/p>\n<p>2011-2018 y\u0131llar\u0131 aras\u0131nda Sabanc\u0131 Holding Enerji Grup Ba\u015fkanl\u0131\u011f\u0131\u2019nda M\u00fcd\u00fcr olarak g\u00f6rev yapan G\u00fcray, \u00f6ncesinde s\u0131ras\u0131yla 2001-2011 y\u0131llar\u0131 aras\u0131nda Enerji ve Tabii Kaynaklar Bakanl\u0131\u011f\u0131 Enerji \u0130\u015fleri Genel M\u00fcd\u00fcrl\u00fc\u011f\u00fc\u2019nde Uzman, Genel M\u00fcd\u00fcr Dan\u0131\u015fman\u0131, \u015eube M\u00fcd\u00fcr\u00fc ve Daire Ba\u015fkan\u0131 Vekili, 1998-2001 y\u0131llar\u0131 aras\u0131nda T\u00fcrkiye Elektrik \u00dcretim \u0130letim A.\u015e\u2019de (TEA\u015e) Proje M\u00fchendisi ve \u015eef M\u00fchendis olarak g\u00f6rev yapt\u0131. 1997-1998 d\u00f6neminde ise Hacettepe \u00dcniversitesi M\u00fchendislik Fak\u00fcltesi\u2019nde Ara\u015ft\u0131rma G\u00f6revlisi olarak \u00e7al\u0131\u015ft\u0131. Kariyerinde enerji politika ve stratejileri, enerji planlamas\u0131, enerji piyasalar\u0131 tasar\u0131m ve i\u015fleyi\u015fi, enerji sekt\u00f6r\u00fc yat\u0131r\u0131mlar\u0131 alanlar\u0131nda \u00e7e\u015fitli projelerde aktif rol oynayan Bora \u015eekip G\u00fcray, ayn\u0131 zamanda enerji sekt\u00f6r\u00fcnde ikili ve \u00e7ok tarafl\u0131 uluslararas\u0131 ili\u015fkiler ve i\u015fbirlikleri kapsam\u0131nda da \u00e7al\u0131\u015fmalar y\u00fcr\u00fctt\u00fc.<\/p>\n<p>1997\u2019de Hacettepe \u00dcniversitesi N\u00fckleer Enerji M\u00fchendisli\u011fi B\u00f6l\u00fcm\u00fc\u2019nden b\u00f6l\u00fcm birincisi olarak mezun olan Bora \u015eekip G\u00fcray, Y\u00fcksek Lisans derecesini ayn\u0131 b\u00f6l\u00fcmde n\u00fckleer reakt\u00f6r dinami\u011fi, sim\u00fclasyonu ve yapay zeka uygulamalar\u0131 konulu y\u00fcksek lisans tezi ile 2001\u2019de tamamlad\u0131. 2003 y\u0131l\u0131nda ODT\u00dc Makine M\u00fchendisli\u011fi B\u00f6l\u00fcm\u00fc Doktora program\u0131nda enerji odakl\u0131 yeterlilik \u00e7al\u0131\u015fmalar\u0131n\u0131 tamamlad\u0131 ve bir d\u00f6nem enerji, termodinamik ve s\u00fcrd\u00fcr\u00fclebilirlik odakl\u0131 akademik \u00e7al\u0131\u015fmalara katk\u0131 sa\u011flad\u0131. .<\/p>\n<p>\u201cN\u00fckleer Elektrik \u00dcretimi\u201d (Japon Uluslararas\u0131 \u0130\u015fbirli\u011fi Ajans\u0131, JICA, 2001) ve \u201cEnerji Altyap\u0131lar\u0131 ve G\u00fcvenli\u011finin Modellenmesi\u201d (Uluslararas\u0131 Atom Enerjisi Ajans\u0131 ve ABD Enerji Bakanl\u0131\u011f\u0131 Argonne Ulusal Laboratuvar\u0131, 2009) konular\u0131nda uluslararas\u0131 sertifikalar\u0131 bulunan Bora \u015eekip G\u00fcray, bir d\u00f6nem Uluslararas\u0131 Enerji Ajans\u0131 (IEA) Uzun Vadeli \u0130\u015fbirli\u011fi Komitesi \u00e7al\u0131\u015fmalar\u0131na da T\u00fcrkiye temsilcisi olarak kat\u0131ld\u0131. Enerji politikalar\u0131 analizi faaliyetleri kapsam\u0131nda \u0130spanya ve \u00c7ek Cumhuriyeti\u2019ni inceleyen uluslararas\u0131 uzmanlar tak\u0131mlar\u0131nda yer alan G\u00fcray, 2009 y\u0131l\u0131nda T\u00fcrkiye incelemesinde ise \u00fclke koordinat\u00f6r\u00fc olarak g\u00f6rev yapt\u0131. G\u00fcray, \u00e7e\u015fitli lisans ve y\u00fcksek lisans programlar\u0131nda enerji stratejileri, enerji piyasas\u0131 i\u015fleyi\u015fi, enerji teknolojileri ve verimlili\u011fi konular\u0131nda davetli konu\u015fmac\u0131 olarak yer almakta.<\/p>","protected":false},"excerpt":{"rendered":"<p>Sorry, this entry is only available in Turkish. For the sake of viewer convenience, the content is shown below in the alternative language. You may click the link to switch the active language.Sabanc\u0131 \u00dcniversitesi \u0130stanbul Uluslararas\u0131 Enerji ve \u0130klim Merkezi (IICEC) b\u00fcnyesine Ara\u015ft\u0131rma Direkt\u00f6r\u00fc olarak kat\u0131lan Bora \u015eekip G\u00fcray ile sekt\u00f6rel g\u00fcc\u00fcn\u00fc art\u0131r\u0131yor. G\u00fcray, IICEC&#8217;in [&hellip;]<\/p>\n","protected":false},"author":1,"featured_media":81292,"comment_status":"open","ping_status":"open","sticky":false,"template":"","format":"standard","meta":[],"categories":[53,43],"tags":[40799,67,1009,5232,40798,35718,35721],"views":1030,"_links":{"self":[{"href":"https:\/\/www.enerjigazetesi.ist\/en\/wp-json\/wp\/v2\/posts\/81291"}],"collection":[{"href":"https:\/\/www.enerjigazetesi.ist\/en\/wp-json\/wp\/v2\/posts"}],"about":[{"href":"https:\/\/www.enerjigazetesi.ist\/en\/wp-json\/wp\/v2\/types\/post"}],"author":[{"embeddable":true,"href":"https:\/\/www.enerjigazetesi.ist\/en\/wp-json\/wp\/v2\/users\/1"}],"replies":[{"embeddable":true,"href":"https:\/\/www.enerjigazetesi.ist\/en\/wp-json\/wp\/v2\/comments?post=81291"}],"version-history":[{"count":1,"href":"https:\/\/www.enerjigazetesi.ist\/en\/wp-json\/wp\/v2\/posts\/81291\/revisions"}],"predecessor-version":[{"id":81293,"href":"https:\/\/www.enerjigazetesi.ist\/en\/wp-json\/wp\/v2\/posts\/81291\/revisions\/81293"}],"wp:featuredmedia":[{"embeddable":true,"href":"https:\/\/www.enerjigazetesi.ist\/en\/wp-json\/wp\/v2\/media\/81292"}],"wp:attachment":[{"href":"https:\/\/www.enerjigazetesi.ist\/en\/wp-json\/wp\/v2\/media?parent=81291"}],"wp:term":[{"taxonomy":"category","embeddable":true,"href":"https:\/\/www.enerjigazetesi.ist\/en\/wp-json\/wp\/v2\/categories?post=81291"},{"taxonomy":"post_tag","embeddable":true,"href":"https:\/\/www.enerjigazetesi.ist\/en\/wp-json\/wp\/v2\/tags?post=81291"}],"curies":[{"name":"wp","href":"https:\/\/api.w.org\/{rel}","templated":true}]}}