{"id":81288,"date":"2018-10-31T14:06:12","date_gmt":"2018-10-31T11:06:12","guid":{"rendered":"https:\/\/www.enerjigazetesi.ist\/?p=81288"},"modified":"2018-10-31T14:06:12","modified_gmt":"2018-10-31T11:06:12","slug":"mugla-yatagan-termik-santrali-basin-duyurusu","status":"publish","type":"post","link":"https:\/\/www.enerjigazetesi.ist\/en\/mugla-yatagan-termik-santrali-basin-duyurusu\/","title":{"rendered":"(Turkish) Mu\u011fla Yata\u011fan Termik Santrali Bas\u0131n Duyurusu!"},"content":{"rendered":"<p class=\"qtranxs-available-languages-message qtranxs-available-languages-message-en\">Sorry, this entry is only available in <a href=\"https:\/\/www.enerjigazetesi.ist\/tr\/wp-json\/wp\/v2\/posts\/81288\" class=\"qtranxs-available-language-link qtranxs-available-language-link-tr\" title=\"Turkish\">Turkish<\/a>. For the sake of viewer convenience, the content is shown below in the alternative language. You may click the link to switch the active language.<\/p><p><strong>Mu\u011fla\u2019daki Yata\u011fan Termik santrali \u00f6zelle\u015ftirildikten sonra il\u00e7ede hava kalitesinin iyi bir seviyeye geldi\u011fi ve do\u011fan\u0131n korunmas\u0131 amac\u0131yla a\u011fa\u00e7land\u0131rma kampanyas\u0131n\u0131n ba\u015flat\u0131ld\u0131\u011f\u0131 bildirildi.<\/strong><\/p>\n<p>Mu\u011fla Valili\u011fi Mahalli \u00c7evre Kurulu&#8217;nca yap\u0131lan denetimler ve \u00f6l\u00e7\u00fcmler sonunda, Yata\u011fan Termik Santrali&#8217;nin kulland\u0131\u011f\u0131 k\u00f6m\u00fcr miktar\u0131n\u0131n 2014 y\u0131l\u0131ndaki \u00f6zelle\u015ftirmeden sonra ge\u00e7mi\u015f d\u00f6nemlere oranla <img loading=\"lazy\" class=\"alignright size-medium wp-image-81289\" src=\"https:\/\/www.enerjigazetesi.ist\/wp-content\/uploads\/2018\/10\/yatagan-termik-santrali-nerede-hangi-sehirde-yatagan-termik-santrali-olu-yarali-1531986696-300x165.jpg\" alt=\"\" width=\"300\" height=\"165\" srcset=\"https:\/\/www.enerjigazetesi.ist\/wp-content\/uploads\/2018\/10\/yatagan-termik-santrali-nerede-hangi-sehirde-yatagan-termik-santrali-olu-yarali-1531986696-300x165.jpg 300w, https:\/\/www.enerjigazetesi.ist\/wp-content\/uploads\/2018\/10\/yatagan-termik-santrali-nerede-hangi-sehirde-yatagan-termik-santrali-olu-yarali-1531986696-500x275.jpg 500w, https:\/\/www.enerjigazetesi.ist\/wp-content\/uploads\/2018\/10\/yatagan-termik-santrali-nerede-hangi-sehirde-yatagan-termik-santrali-olu-yarali-1531986696-80x44.jpg 80w, https:\/\/www.enerjigazetesi.ist\/wp-content\/uploads\/2018\/10\/yatagan-termik-santrali-nerede-hangi-sehirde-yatagan-termik-santrali-olu-yarali-1531986696.jpg 640w\" sizes=\"(max-width: 300px) 100vw, 300px\" \/>y\u00fczde 243 artt\u0131\u011f\u0131, buna ra\u011fmen il\u00e7ede hava kalitesinin \u00f6nceki y\u0131llara g\u00f6re daha iyi bir noktaya geldi\u011fi bildirildi. Yata\u011fan\u2019da ayr\u0131ca do\u011fan\u0131n korunmas\u0131 amac\u0131yla 3 y\u0131l i\u00e7inde 1.5 milyon adet a\u011fa\u00e7 dikiminin ger\u00e7ekle\u015fti\u011fi belirtildi.<\/p>\n<p>Yata\u011fan Termik \u00dcretim A.\u015e. Bas\u0131n ve Halkla \u0130li\u015fkiler M\u00fcd\u00fcrl\u00fc\u011f\u00fc\u2019nce yap\u0131lan a\u00e7\u0131klamaya g\u00f6re, Santraldeki rehabilitasyon \u00e7al\u0131\u015fmalar\u0131 sonunda k\u00f6m\u00fcr kullan\u0131m kapasitesinin artmas\u0131na kar\u015f\u0131n b\u00f6lgedeki hava kalitesinin giderek y\u00fckseldi\u011fi bildirildi. A\u00e7\u0131klamada, &#8220;Mu\u011fla Valili\u011fi Mahalli \u00c7evre Kurulu&#8217;nca ge\u00e7en y\u0131l ger\u00e7ekle\u015ftirilen ve periyodik yap\u0131lan denetimler ve \u00f6l\u00e7\u00fcmler sonunda, \u00c7evre ve \u015eehircilik Bakanl\u0131\u011f\u0131 Yata\u011fan Hava kalitesi \u00f6l\u00e7\u00fcm istasyonun verileri bir rapor haline getirildi. Yata\u011fan Kaymakaml\u0131\u011f\u0131&#8217;nca Mu\u011fla Valili\u011fi&#8217;ne g\u00f6nderilen rapora ili\u015fin de\u011ferlendirmede, 2015 ocak ay\u0131 ve 2016 ocak ay\u0131 Yata\u011fan Termik Santrali&#8217;nin kulland\u0131\u011f\u0131 k\u00f6m\u00fcr miktar\u0131n\u0131n 2016&#8217;da bir \u00f6nceki y\u0131la oranla y\u00fczde 243 artt\u0131\u011f\u0131, buna ra\u011fmen hava kalitesinin \u00f6nceki y\u0131la g\u00f6re daha iyi bir noktaya geldi\u011fi memnuniyetle g\u00f6r\u00fclm\u00fc\u015ft\u00fcr&#8221; denildi. Yata\u011fan genelinde, konut ve i\u015fyerleri ile birlikte termik santralin verilerinin de\u011ferlendirildi\u011fi raporda, 2016 y\u0131l\u0131nda k\u00fck\u00fcrtdioksit oran\u0131n\u0131n bir \u00f6nceki y\u0131la oranla y\u00fczde 41 d\u00fc\u015ft\u00fc\u011f\u00fc vurguland\u0131.<\/p>\n<p>Bas\u0131n ve Halkla \u0130li\u015fkiler M\u00fcd\u00fcrl\u00fc\u011f\u00fc\u2019n\u00fcn a\u00e7\u0131klamas\u0131nda, Yata\u011fan\u2019da insan\u0131 ya\u015fatan ve \u00e7evreyi koruyan bir anlay\u0131\u015f\u0131n ilke kabul edildi\u011fi belirtildi. Enerji sekt\u00f6r\u00fcnde 22 y\u0131ld\u0131r faaliyet g\u00f6sterdiklerini, \u00e7evre duyarl\u0131l\u0131\u011f\u0131 nedeniyle S\u00fcrd\u00fcr\u00fclebilir \u00dcretim ve T\u00fcketim Derne\u011fi (S\u00dcT) taraf\u0131ndan Bereket Enerji&#8217;nin &#8216;d\u00fc\u015f\u00fck karbon kahraman\u0131\u2019 \u00f6d\u00fcl\u00fc verilerek \u2018\u2019\u00c7evreci \u015firket\u2019\u2019 ilan edildi\u011finin vurguland\u0131\u011f\u0131 a\u00e7\u0131klamada, devamla \u015fu g\u00f6r\u00fc\u015flere yer verildi:<\/p>\n<p>&#8220;Enerji Bakanl\u0131\u011f\u0131 ile \u00c7evre ve \u015eehircilik Bakanl\u0131\u011f\u0131&#8217;n\u0131n katk\u0131lar\u0131, Mu\u011fla Valili\u011fi, Yata\u011fan Kaymakaml\u0131\u011f\u0131 ve Mahalli \u0130dare Kurulu&#8217;nun yo\u011fun gayretleri sonucunda b\u00f6lgede hava kalitesi y\u00fckselmi\u015ftir. \u015eirketimiz, \u00f6zelle\u015ftirmeden sonra Yata\u011fan&#8217;da 3 y\u0131l i\u00e7inde i\u00e7inde toplam 1 milyon 550 bin adet akasya, zeytin, f\u0131st\u0131k \u00e7am\u0131 ve di\u011fer a\u011fa\u00e7 t\u00fcrlerinin dikimi ger\u00e7ekle\u015ftirilmi\u015ftir. Amac\u0131m\u0131z ekonomiye katk\u0131 sa\u011flarken havas\u0131 temiz, dokusu ye\u015fil bir Yata\u011fan \u00e7abalar\u0131na katk\u0131 sa\u011flamakt\u0131r. Yata\u011fan art\u0131k eski Yata\u011fan de\u011fildir. Ge\u00e7mi\u015fte ya\u015fanan olumsuzluklar art\u0131k geride kald\u0131. Devlet, \u00f6zel sekt\u00f6r i\u015f birli\u011fiyle ger\u00e7ekle\u015ftirilen ve \u00f6rnek te\u015fkil edebilecek bir termik santral Yata\u011fan&#8217;a ve \u00fclkemize kazand\u0131r\u0131lm\u0131\u015ft\u0131r. \u0130klim de\u011fi\u015fikli\u011fi ulusal eylem plan\u0131nda mevcut elektrik \u00fcretim santrallerinde yeni teknolojiler kullan\u0131larak verimi y\u00fckseltmek ve \u00fcretim kapasitesini artt\u0131rmak i\u00e7in bak\u0131m, iyile\u015ftirme ve modernizasyon \u00e7al\u0131\u015fmalar\u0131 aral\u0131ks\u0131z s\u00fcrd\u00fcr\u00fclecektir. Santralde devir sonras\u0131 yap\u0131lan bak\u0131mlar sayesinde MWh ba\u015f\u0131na karbon emisyonlar\u0131 ciddi oranlarda d\u00fc\u015f\u00fcr\u00fclm\u00fc\u015ft\u00fcr. Bununla birlikte, santralimizde \u00f6n\u00fcm\u00fczdeki y\u0131l yapaca\u011f\u0131m\u0131z modernizasyonlarla 2019 y\u0131l\u0131 sonras\u0131 y\u00fcr\u00fcrl\u00fc\u011fe girecek olan yeni emisyon s\u0131n\u0131r de\u011ferlerini sa\u011flayacak \u015fekilde \u00e7al\u0131\u015f\u0131lacakt\u0131r. B\u00f6ylece santralimizin verimi artacak olup, Avrupa standartlar\u0131nda i\u015fletmecilik yap\u0131lacak, sera gaz\u0131 sal\u0131n\u0131m\u0131 azalt\u0131larak iklim dostu bir yol izlenecektir.&#8221;<\/p>","protected":false},"excerpt":{"rendered":"<p>Sorry, this entry is only available in Turkish. For the sake of viewer convenience, the content is shown below in the alternative language. You may click the link to switch the active language.Mu\u011fla\u2019daki Yata\u011fan Termik santrali \u00f6zelle\u015ftirildikten sonra il\u00e7ede hava kalitesinin iyi bir seviyeye geldi\u011fi ve do\u011fan\u0131n korunmas\u0131 amac\u0131yla a\u011fa\u00e7land\u0131rma kampanyas\u0131n\u0131n ba\u015flat\u0131ld\u0131\u011f\u0131 bildirildi. Mu\u011fla Valili\u011fi [&hellip;]<\/p>\n","protected":false},"author":1,"featured_media":81289,"comment_status":"open","ping_status":"open","sticky":false,"template":"","format":"standard","meta":[],"categories":[51,53,24649],"tags":[4720,67,1009,7181,3089,18344,16386,40797,10619],"views":1177,"_links":{"self":[{"href":"https:\/\/www.enerjigazetesi.ist\/en\/wp-json\/wp\/v2\/posts\/81288"}],"collection":[{"href":"https:\/\/www.enerjigazetesi.ist\/en\/wp-json\/wp\/v2\/posts"}],"about":[{"href":"https:\/\/www.enerjigazetesi.ist\/en\/wp-json\/wp\/v2\/types\/post"}],"author":[{"embeddable":true,"href":"https:\/\/www.enerjigazetesi.ist\/en\/wp-json\/wp\/v2\/users\/1"}],"replies":[{"embeddable":true,"href":"https:\/\/www.enerjigazetesi.ist\/en\/wp-json\/wp\/v2\/comments?post=81288"}],"version-history":[{"count":1,"href":"https:\/\/www.enerjigazetesi.ist\/en\/wp-json\/wp\/v2\/posts\/81288\/revisions"}],"predecessor-version":[{"id":81290,"href":"https:\/\/www.enerjigazetesi.ist\/en\/wp-json\/wp\/v2\/posts\/81288\/revisions\/81290"}],"wp:featuredmedia":[{"embeddable":true,"href":"https:\/\/www.enerjigazetesi.ist\/en\/wp-json\/wp\/v2\/media\/81289"}],"wp:attachment":[{"href":"https:\/\/www.enerjigazetesi.ist\/en\/wp-json\/wp\/v2\/media?parent=81288"}],"wp:term":[{"taxonomy":"category","embeddable":true,"href":"https:\/\/www.enerjigazetesi.ist\/en\/wp-json\/wp\/v2\/categories?post=81288"},{"taxonomy":"post_tag","embeddable":true,"href":"https:\/\/www.enerjigazetesi.ist\/en\/wp-json\/wp\/v2\/tags?post=81288"}],"curies":[{"name":"wp","href":"https:\/\/api.w.org\/{rel}","templated":true}]}}