{"id":81267,"date":"2018-10-30T14:45:55","date_gmt":"2018-10-30T11:45:55","guid":{"rendered":"https:\/\/www.enerjigazetesi.ist\/?p=81267"},"modified":"2018-10-30T14:46:22","modified_gmt":"2018-10-30T11:46:22","slug":"kuresel-yenilenebilir-enerji-kapasitesi-5-yilda-1-3-tw-artis-gosterecek","status":"publish","type":"post","link":"https:\/\/www.enerjigazetesi.ist\/en\/kuresel-yenilenebilir-enerji-kapasitesi-5-yilda-1-3-tw-artis-gosterecek\/","title":{"rendered":"(Turkish) K\u00fcresel Yenilenebilir Enerji Kapasitesi 5 Y\u0131lda 1.3 TW Art\u0131\u015f G\u00f6sterecek!"},"content":{"rendered":"<p class=\"qtranxs-available-languages-message qtranxs-available-languages-message-en\">Sorry, this entry is only available in <a href=\"https:\/\/www.enerjigazetesi.ist\/tr\/wp-json\/wp\/v2\/posts\/81267\" class=\"qtranxs-available-language-link qtranxs-available-language-link-tr\" title=\"Turkish\">Turkish<\/a>. For the sake of viewer convenience, the content is shown below in the alternative language. You may click the link to switch the active language.<\/p><p><strong>2015&#8217;ten g\u00fcn\u00fcm\u00fcze t\u00fcm d\u00fcnyada fosil yak\u0131tlardan \u00e7ok daha fazla say\u0131da yenilenebilir enerji santralleri devreye al\u0131nmaktad\u0131r. Uluslararas\u0131 Enerji Ajans\u0131\u2019n\u0131n (IEA) yenilenebilir enerji kaynaklar\u0131na ili\u015fkin en son y\u0131ll\u0131k raporuna g\u00f6re g\u00fcne\u015f enerjisinde\u00a0artan politika deste\u011fiyle k\u00fcresel yenilenebilir enerji kapasitesinin 1.3 terawatta kadar artaca\u011f\u0131 \u00f6ng\u00f6r\u00fclmektedir.<\/strong><\/p>\n<p>IEA\u2019ya g\u00f6re, do\u011falgaz ve ucuz k\u00f6m\u00fcr yat\u0131r\u0131mlar\u0131 at\u0131k \u00e7ok daha rekabet\u00e7i olan g\u00fcne\u015f, r\u00fczgar teknolojileri ve hidroelektrik enerji ile k\u0131s\u0131tlanacak. D\u00fcnyan\u0131n \u00f6n\u00fcm\u00fczdeki be\u015f y\u0131lda, Avrupa Birli\u011fi\u2019nin mevcut <img loading=\"lazy\" class=\"alignleft size-medium wp-image-81268\" src=\"https:\/\/www.enerjigazetesi.ist\/wp-content\/uploads\/2018\/10\/kuresel-yenilenebilir-enerji-kapasitesi-5-yilda-1-3-tw-artis-gosterecek-300x200.jpg\" alt=\"\" width=\"300\" height=\"200\" srcset=\"https:\/\/www.enerjigazetesi.ist\/wp-content\/uploads\/2018\/10\/kuresel-yenilenebilir-enerji-kapasitesi-5-yilda-1-3-tw-artis-gosterecek-300x200.jpg 300w, https:\/\/www.enerjigazetesi.ist\/wp-content\/uploads\/2018\/10\/kuresel-yenilenebilir-enerji-kapasitesi-5-yilda-1-3-tw-artis-gosterecek-768x512.jpg 768w, https:\/\/www.enerjigazetesi.ist\/wp-content\/uploads\/2018\/10\/kuresel-yenilenebilir-enerji-kapasitesi-5-yilda-1-3-tw-artis-gosterecek-500x334.jpg 500w, https:\/\/www.enerjigazetesi.ist\/wp-content\/uploads\/2018\/10\/kuresel-yenilenebilir-enerji-kapasitesi-5-yilda-1-3-tw-artis-gosterecek-75x50.jpg 75w, https:\/\/www.enerjigazetesi.ist\/wp-content\/uploads\/2018\/10\/kuresel-yenilenebilir-enerji-kapasitesi-5-yilda-1-3-tw-artis-gosterecek-450x300.jpg 450w, https:\/\/www.enerjigazetesi.ist\/wp-content\/uploads\/2018\/10\/kuresel-yenilenebilir-enerji-kapasitesi-5-yilda-1-3-tw-artis-gosterecek.jpg 847w\" sizes=\"(max-width: 300px) 100vw, 300px\" \/>\u00fcretim kapasitesinden daha fazla yenilenebilir g\u00fcce sahip olaca\u011f\u0131 tahmin ediliyor.<\/p>\n<p><strong>Fosil Yak\u0131tlar\u0131n Pay\u0131 Giderek Azal\u0131yor<\/strong><\/p>\n<p>Yenilenebilir enerjinin 2023 y\u0131l\u0131na kadar k\u00fcresel elektrik \u00fcretimindeki pay\u0131n\u0131n y\u00fczde 30\u2019a \u00e7\u0131kmas\u0131na ra\u011fmen, Asya\u2019daki artan k\u00f6m\u00fcr \u00fcretimi nedeni ile en kirli fosil yak\u0131t olan k\u00f6m\u00fcr, \u00f6n\u00fcm\u00fczdeki 5 y\u0131l i\u00e7inde en b\u00fcy\u00fck paya sahip olmay\u0131 s\u00fcrd\u00fcrecek.<\/p>\n<p>IEA\u2019n\u0131n tahmini \u00e7er\u00e7evesinde \u00c7in, d\u00fcnyadaki en b\u00fcy\u00fck ye\u015fil enerji t\u00fcketicisi haline gelme hedefi kapsam\u0131nda 438 GW yenilenebilir enerji kapasitesi ilave ederek AB\u2019yi geride b\u0131rak\u0131p k\u00fcresel yenilenebilir enerjideki b\u00fcy\u00fcmenin y\u00fczde 41\u2019ini temsil edecek&#8230;<\/p>\n<p>Kaynak: <a href=\"https:\/\/www.solar.ist\/kuresel-yenilenebilir-enerji-kapasitesi-5-yil-icinde-1-3-terawatt-artacak\/\" target=\"_blank\" rel=\"noopener\">SolarIst<\/a><\/p>","protected":false},"excerpt":{"rendered":"<p>Sorry, this entry is only available in Turkish. For the sake of viewer convenience, the content is shown below in the alternative language. You may click the link to switch the active language.2015&#8217;ten g\u00fcn\u00fcm\u00fcze t\u00fcm d\u00fcnyada fosil yak\u0131tlardan \u00e7ok daha fazla say\u0131da yenilenebilir enerji santralleri devreye al\u0131nmaktad\u0131r. Uluslararas\u0131 Enerji Ajans\u0131\u2019n\u0131n (IEA) yenilenebilir enerji kaynaklar\u0131na ili\u015fkin [&hellip;]<\/p>\n","protected":false},"author":1,"featured_media":81268,"comment_status":"open","ping_status":"open","sticky":false,"template":"","format":"standard","meta":[],"categories":[51,53,49,47,50],"tags":[1192,2132,886,67,1009,35038,23416,40777,1023,32222,40775,40779,35002,24949,40776,1022,26829,29074,6532,39177,40780,40778],"views":1051,"_links":{"self":[{"href":"https:\/\/www.enerjigazetesi.ist\/en\/wp-json\/wp\/v2\/posts\/81267"}],"collection":[{"href":"https:\/\/www.enerjigazetesi.ist\/en\/wp-json\/wp\/v2\/posts"}],"about":[{"href":"https:\/\/www.enerjigazetesi.ist\/en\/wp-json\/wp\/v2\/types\/post"}],"author":[{"embeddable":true,"href":"https:\/\/www.enerjigazetesi.ist\/en\/wp-json\/wp\/v2\/users\/1"}],"replies":[{"embeddable":true,"href":"https:\/\/www.enerjigazetesi.ist\/en\/wp-json\/wp\/v2\/comments?post=81267"}],"version-history":[{"count":1,"href":"https:\/\/www.enerjigazetesi.ist\/en\/wp-json\/wp\/v2\/posts\/81267\/revisions"}],"predecessor-version":[{"id":81269,"href":"https:\/\/www.enerjigazetesi.ist\/en\/wp-json\/wp\/v2\/posts\/81267\/revisions\/81269"}],"wp:featuredmedia":[{"embeddable":true,"href":"https:\/\/www.enerjigazetesi.ist\/en\/wp-json\/wp\/v2\/media\/81268"}],"wp:attachment":[{"href":"https:\/\/www.enerjigazetesi.ist\/en\/wp-json\/wp\/v2\/media?parent=81267"}],"wp:term":[{"taxonomy":"category","embeddable":true,"href":"https:\/\/www.enerjigazetesi.ist\/en\/wp-json\/wp\/v2\/categories?post=81267"},{"taxonomy":"post_tag","embeddable":true,"href":"https:\/\/www.enerjigazetesi.ist\/en\/wp-json\/wp\/v2\/tags?post=81267"}],"curies":[{"name":"wp","href":"https:\/\/api.w.org\/{rel}","templated":true}]}}