{"id":81013,"date":"2018-10-26T14:00:44","date_gmt":"2018-10-26T11:00:44","guid":{"rendered":"https:\/\/www.enerjigazetesi.ist\/?p=81013"},"modified":"2018-10-26T14:01:00","modified_gmt":"2018-10-26T11:01:00","slug":"ogrenciler-ruzgar-gulu-ile-enerji-uretti","status":"publish","type":"post","link":"https:\/\/www.enerjigazetesi.ist\/en\/ogrenciler-ruzgar-gulu-ile-enerji-uretti\/","title":{"rendered":"(Turkish) \u00d6\u011frenciler R\u00fczgar G\u00fcl\u00fc ile Enerji \u00dcretti"},"content":{"rendered":"<p class=\"qtranxs-available-languages-message qtranxs-available-languages-message-en\">Sorry, this entry is only available in <a href=\"https:\/\/www.enerjigazetesi.ist\/tr\/wp-json\/wp\/v2\/posts\/81013\" class=\"qtranxs-available-language-link qtranxs-available-language-link-tr\" title=\"Turkish\">Turkish<\/a>. For the sake of viewer convenience, the content is shown below in the alternative language. You may click the link to switch the active language.<\/p><p><strong>Tekirda\u011f&#8217;\u0131n Hayrabolu il\u00e7esinde ya\u015fayan Mesleki ve Teknik Anadolu Lisesi \u00f6\u011frencileri ger\u00e7ekle\u015ftirdikleri r\u00fczgar g\u00fcl\u00fc&#8217; projesi ile okullar\u0131n\u0131n bah\u00e7esinin gece ayd\u0131nlatmas\u0131n\u0131 \u00fccretsiz hale getirdi.<\/strong><\/p>\n<p>Okul M\u00fcd\u00fcr\u00fc Ali \u00dclk\u00fc, yapt\u0131\u011f\u0131 a\u00e7\u0131klamada, alternatif enerji kaynaklar\u0131n\u0131n zor olmad\u0131\u011f\u0131n\u0131 g\u00f6stermek amac\u0131yla yap\u0131lan r\u00fczgar t\u00fcrbininin \u00f6\u011frencilerin uygulama kapasitelerini art\u0131rmada \u00f6nemli bir ilerleme <img loading=\"lazy\" class=\"alignleft size-medium wp-image-81014\" src=\"https:\/\/www.enerjigazetesi.ist\/wp-content\/uploads\/2018\/10\/ruzgar-ingiltere-elektrik-uretiminde-ilk-defa-lider-oldu-1-300x163.jpg\" alt=\"\" width=\"300\" height=\"163\" srcset=\"https:\/\/www.enerjigazetesi.ist\/wp-content\/uploads\/2018\/10\/ruzgar-ingiltere-elektrik-uretiminde-ilk-defa-lider-oldu-1-300x163.jpg 300w, https:\/\/www.enerjigazetesi.ist\/wp-content\/uploads\/2018\/10\/ruzgar-ingiltere-elektrik-uretiminde-ilk-defa-lider-oldu-1-80x43.jpg 80w, https:\/\/www.enerjigazetesi.ist\/wp-content\/uploads\/2018\/10\/ruzgar-ingiltere-elektrik-uretiminde-ilk-defa-lider-oldu-1.jpg 460w\" sizes=\"(max-width: 300px) 100vw, 300px\" \/>oldu\u011funu ifade etti.<\/p>\n<p>T\u00fcrbinin kapasite art\u0131r\u0131labilir opsiyonda oldu\u011funa dikkati \u00e7eken Ali\u00a0 \u00dclk\u00fc,\u00a0&#8220;Elektrik, metal ve mobilya b\u00f6l\u00fcmlerimizin i\u015f birli\u011fi ile 9 metre y\u00fcksekli\u011findeki r\u00fczgar g\u00fcl\u00fcn\u00fcn montaj\u0131n\u0131 okulumuzun bah\u00e7esine yapt\u0131k. Kapasiteli r\u00fczgar g\u00fcl\u00fc sayesinde elde etti\u011fimiz enerji ile okulumuzun ayd\u0131nlatmas\u0131n\u0131 sa\u011fl\u0131yoruz. \u00d6\u011frencilerimiz bunu g\u00f6rd\u00fc\u011f\u00fcnde uygulanabilir oldu\u011funu da g\u00f6rmekte. \u0130stenirse kapasite art\u0131r\u0131m\u0131 da yap\u0131labilir&#8221;\u00a0dedi.<\/p>\n<p>Projede g\u00f6rev alan \u00f6\u011frencilerden G\u00f6khan Sara\u00e7o\u011flu,&#8221;Mobilya at\u00f6lyemizde bobin kal\u0131plar\u0131m\u0131z haz\u0131rland\u0131. Metal b\u00f6l\u00fcm\u00fcm\u00fczde de t\u00fcrbinin ana g\u00f6vde, kanat ve direk \u00fcretimi yap\u0131ld\u0131. Elektrik at\u00f6lyemizde 12 bobin sararak saten olu\u015fturduk. 16 m\u0131knat\u0131sl\u0131 2 motor diski olu\u015fturduk. Daha sonra \u00f6\u011fretmenlerimiz ile birlikte test ve \u00f6l\u00e7\u00fcmlerini yapt\u0131ktan sonra yeralt\u0131 kablosuyla ak\u00fc \u015farj kontrol \u00fcnitesi ve ba\u011flant\u0131lar\u0131n\u0131 yapt\u0131k&#8221;\u00a0diye konu\u015ftu.<\/p>\n<p>Hatice K\u00fcbra G\u00fcney \u2013 Elektrik Elektronik M\u00fchendisi\u00a0 \u2013 kubraguney036@gmail.com<\/p>","protected":false},"excerpt":{"rendered":"<p>Sorry, this entry is only available in Turkish. For the sake of viewer convenience, the content is shown below in the alternative language. You may click the link to switch the active language.Tekirda\u011f&#8217;\u0131n Hayrabolu il\u00e7esinde ya\u015fayan Mesleki ve Teknik Anadolu Lisesi \u00f6\u011frencileri ger\u00e7ekle\u015ftirdikleri r\u00fczgar g\u00fcl\u00fc&#8217; projesi ile okullar\u0131n\u0131n bah\u00e7esinin gece ayd\u0131nlatmas\u0131n\u0131 \u00fccretsiz hale getirdi. Okul [&hellip;]<\/p>\n","protected":false},"author":1,"featured_media":81014,"comment_status":"open","ping_status":"open","sticky":false,"template":"","format":"standard","meta":[],"categories":[51,53,50],"tags":[40625,67,1009,40624,40626,24949,119,23318,34960,4513,26829],"views":1178,"_links":{"self":[{"href":"https:\/\/www.enerjigazetesi.ist\/en\/wp-json\/wp\/v2\/posts\/81013"}],"collection":[{"href":"https:\/\/www.enerjigazetesi.ist\/en\/wp-json\/wp\/v2\/posts"}],"about":[{"href":"https:\/\/www.enerjigazetesi.ist\/en\/wp-json\/wp\/v2\/types\/post"}],"author":[{"embeddable":true,"href":"https:\/\/www.enerjigazetesi.ist\/en\/wp-json\/wp\/v2\/users\/1"}],"replies":[{"embeddable":true,"href":"https:\/\/www.enerjigazetesi.ist\/en\/wp-json\/wp\/v2\/comments?post=81013"}],"version-history":[{"count":1,"href":"https:\/\/www.enerjigazetesi.ist\/en\/wp-json\/wp\/v2\/posts\/81013\/revisions"}],"predecessor-version":[{"id":81015,"href":"https:\/\/www.enerjigazetesi.ist\/en\/wp-json\/wp\/v2\/posts\/81013\/revisions\/81015"}],"wp:featuredmedia":[{"embeddable":true,"href":"https:\/\/www.enerjigazetesi.ist\/en\/wp-json\/wp\/v2\/media\/81014"}],"wp:attachment":[{"href":"https:\/\/www.enerjigazetesi.ist\/en\/wp-json\/wp\/v2\/media?parent=81013"}],"wp:term":[{"taxonomy":"category","embeddable":true,"href":"https:\/\/www.enerjigazetesi.ist\/en\/wp-json\/wp\/v2\/categories?post=81013"},{"taxonomy":"post_tag","embeddable":true,"href":"https:\/\/www.enerjigazetesi.ist\/en\/wp-json\/wp\/v2\/tags?post=81013"}],"curies":[{"name":"wp","href":"https:\/\/api.w.org\/{rel}","templated":true}]}}