{"id":80927,"date":"2018-10-25T12:17:24","date_gmt":"2018-10-25T09:17:24","guid":{"rendered":"https:\/\/www.enerjigazetesi.ist\/?p=80927"},"modified":"2018-10-25T12:17:24","modified_gmt":"2018-10-25T09:17:24","slug":"akkuyu-ngs-deprem-riski-acisindan-en-guvenilir-bolgede-yer-aliyor","status":"publish","type":"post","link":"https:\/\/www.enerjigazetesi.ist\/en\/akkuyu-ngs-deprem-riski-acisindan-en-guvenilir-bolgede-yer-aliyor\/","title":{"rendered":"(Turkish) &#8217;Akkuyu NGS&#8217;, Deprem Riski A\u00e7\u0131s\u0131ndan En G\u00fcvenilir B\u00f6lgede Yer Al\u0131yor"},"content":{"rendered":"<p class=\"qtranxs-available-languages-message qtranxs-available-languages-message-en\">Sorry, this entry is only available in <a href=\"https:\/\/www.enerjigazetesi.ist\/tr\/wp-json\/wp\/v2\/posts\/80927\" class=\"qtranxs-available-language-link qtranxs-available-language-link-tr\" title=\"Turkish\">Turkish<\/a>. For the sake of viewer convenience, the content is shown below in the alternative language. You may click the link to switch the active language.<\/p><p><strong>Hacettepe \u00dcniversitesi N\u00fckleer Enerji M\u00fchendisli\u011fi \u00d6\u011fretim \u00dcyesi Do\u00e7. Dr. \u015eule Erg\u00fcn taraf\u0131ndan Akkuyu sahas\u0131n\u0131n deprem riski a\u00e7\u0131s\u0131ndan en g\u00fcvenilir b\u00f6lgeler aras\u0131nda yer ald\u0131\u011f\u0131 ve T\u00fcrkiye\u2019nin sismik haritas\u0131na g\u00f6re Akkuyu sahas\u0131 merkez al\u0131nd\u0131\u011f\u0131nda 100 kilometrelik \u00e7apta herhangi bir diri fay hatt\u0131 bulunmad\u0131\u011f\u0131 dile getirildi.<\/strong><\/p>\n<p>Akkuyu NGS\u2019ye 1\u2019inci \u00fcnite i\u00e7in in\u015faat lisans\u0131 verilirken dan\u0131\u015f\u0131lan komitede yer alan Hacettepe \u00dcniversitesi N\u00fckleer Enerji M\u00fchendisli\u011fi \u00d6\u011fretim \u00dcyesi Do\u00e7. Dr. \u015eule Erg\u00fcn, santralin g\u00fcvenli\u011fi i\u00e7in <img loading=\"lazy\" class=\"alignleft size-medium wp-image-80928\" src=\"https:\/\/www.enerjigazetesi.ist\/wp-content\/uploads\/2018\/10\/akkuyu-ngs-deprem-riski-acisindan-en-guvenilir-bolgede-yer-aliyor-300x150.jpg\" alt=\"\" width=\"300\" height=\"150\" srcset=\"https:\/\/www.enerjigazetesi.ist\/wp-content\/uploads\/2018\/10\/akkuyu-ngs-deprem-riski-acisindan-en-guvenilir-bolgede-yer-aliyor-300x150.jpg 300w, https:\/\/www.enerjigazetesi.ist\/wp-content\/uploads\/2018\/10\/akkuyu-ngs-deprem-riski-acisindan-en-guvenilir-bolgede-yer-aliyor-500x250.jpg 500w, https:\/\/www.enerjigazetesi.ist\/wp-content\/uploads\/2018\/10\/akkuyu-ngs-deprem-riski-acisindan-en-guvenilir-bolgede-yer-aliyor-80x40.jpg 80w, https:\/\/www.enerjigazetesi.ist\/wp-content\/uploads\/2018\/10\/akkuyu-ngs-deprem-riski-acisindan-en-guvenilir-bolgede-yer-aliyor.jpg 650w\" sizes=\"(max-width: 300px) 100vw, 300px\" \/>at\u0131lan ad\u0131mlara ili\u015fkin bilgi verdi. Santralin kurulaca\u011f\u0131 saha belirlenirken ba\u015fl\u0131ca kriterin santralin g\u00fcvenli\u011fi oldu\u011funu dile getiren Erg\u00fcn, bu kriterdeki ilk \u00f6l\u00e7\u00fct\u00fcn ise \u2018do\u011fal tehlikelerin olu\u015fturaca\u011f\u0131 potansiyel etkiler\u2019 oldu\u011funu, fay hatlar\u0131, depremler nedeniyle olu\u015fan titre\u015fimli yer hareketleri ve \u015fiddetli r\u00fczgarlar\u0131n \u00f6ncelikli olarak incelendi\u011fini belirtti.<\/p>\n<p>Erg\u00fcn, 26 Haziran 2014 tarihinde a\u00e7\u0131klanan \u00c7ED raporunda da belirtildi\u011fi gibi, santralin 9 \u015fiddetindeki bir depreme dayan\u0131kl\u0131 olacak \u015fekilde tasarland\u0131\u011f\u0131n\u0131 ve herhangi bir sismik tehlikenin bulunmad\u0131\u011f\u0131n\u0131n da vurgusunu yapt\u0131. Akkuyu sahas\u0131na y\u00f6nelik g\u00fcn\u00fcm\u00fcze kadar \u00e7o\u011fu depreme y\u00f6nelik 200\u2019\u00fcn \u00fczerinde rapor haz\u0131rland\u0131. 19861989 y\u0131llar\u0131 aras\u0131nda 4 y\u0131l boyunca sahan\u0131n depremselli\u011fi ve tektoni\u011fine y\u00f6nelik \u00e7al\u0131\u015fmalar yap\u0131lm\u0131\u015f olup. Bu \u00e7al\u0131\u015fmalar\u0131n 1989 1990 y\u0131llar\u0131 aras\u0131nda ODT\u00dc ve Bo\u011fazi\u00e7i \u00dcniversitesi taraf\u0131ndan de\u011ferlendirmesi yap\u0131ld\u0131.<\/p>","protected":false},"excerpt":{"rendered":"<p>Sorry, this entry is only available in Turkish. For the sake of viewer convenience, the content is shown below in the alternative language. You may click the link to switch the active language.Hacettepe \u00dcniversitesi N\u00fckleer Enerji M\u00fchendisli\u011fi \u00d6\u011fretim \u00dcyesi Do\u00e7. Dr. \u015eule Erg\u00fcn taraf\u0131ndan Akkuyu sahas\u0131n\u0131n deprem riski a\u00e7\u0131s\u0131ndan en g\u00fcvenilir b\u00f6lgeler aras\u0131nda yer ald\u0131\u011f\u0131 [&hellip;]<\/p>\n","protected":false},"author":1,"featured_media":80928,"comment_status":"open","ping_status":"open","sticky":false,"template":"","format":"standard","meta":[],"categories":[51,53,43],"tags":[3019,40552,40554,5465,40553,14893,63,67,1009,36443,21,23134,4090,25480,34930],"views":850,"_links":{"self":[{"href":"https:\/\/www.enerjigazetesi.ist\/en\/wp-json\/wp\/v2\/posts\/80927"}],"collection":[{"href":"https:\/\/www.enerjigazetesi.ist\/en\/wp-json\/wp\/v2\/posts"}],"about":[{"href":"https:\/\/www.enerjigazetesi.ist\/en\/wp-json\/wp\/v2\/types\/post"}],"author":[{"embeddable":true,"href":"https:\/\/www.enerjigazetesi.ist\/en\/wp-json\/wp\/v2\/users\/1"}],"replies":[{"embeddable":true,"href":"https:\/\/www.enerjigazetesi.ist\/en\/wp-json\/wp\/v2\/comments?post=80927"}],"version-history":[{"count":1,"href":"https:\/\/www.enerjigazetesi.ist\/en\/wp-json\/wp\/v2\/posts\/80927\/revisions"}],"predecessor-version":[{"id":80929,"href":"https:\/\/www.enerjigazetesi.ist\/en\/wp-json\/wp\/v2\/posts\/80927\/revisions\/80929"}],"wp:featuredmedia":[{"embeddable":true,"href":"https:\/\/www.enerjigazetesi.ist\/en\/wp-json\/wp\/v2\/media\/80928"}],"wp:attachment":[{"href":"https:\/\/www.enerjigazetesi.ist\/en\/wp-json\/wp\/v2\/media?parent=80927"}],"wp:term":[{"taxonomy":"category","embeddable":true,"href":"https:\/\/www.enerjigazetesi.ist\/en\/wp-json\/wp\/v2\/categories?post=80927"},{"taxonomy":"post_tag","embeddable":true,"href":"https:\/\/www.enerjigazetesi.ist\/en\/wp-json\/wp\/v2\/tags?post=80927"}],"curies":[{"name":"wp","href":"https:\/\/api.w.org\/{rel}","templated":true}]}}