{"id":80864,"date":"2018-10-23T17:47:48","date_gmt":"2018-10-23T14:47:48","guid":{"rendered":"https:\/\/www.enerjigazetesi.ist\/?p=80864"},"modified":"2018-10-23T17:47:48","modified_gmt":"2018-10-23T14:47:48","slug":"dogalgaz-faturalarina-karsi-onleminizi-aldiniz-mi","status":"publish","type":"post","link":"https:\/\/www.enerjigazetesi.ist\/en\/dogalgaz-faturalarina-karsi-onleminizi-aldiniz-mi\/","title":{"rendered":"(Turkish) Do\u011falgaz Faturalar\u0131na Kar\u015f\u0131 \u00d6nleminizi Ald\u0131n\u0131z m\u0131?"},"content":{"rendered":"<p class=\"qtranxs-available-languages-message qtranxs-available-languages-message-en\">Sorry, this entry is only available in <a href=\"https:\/\/www.enerjigazetesi.ist\/tr\/wp-json\/wp\/v2\/posts\/80864\" class=\"qtranxs-available-language-link qtranxs-available-language-link-tr\" title=\"Turkish\">Turkish<\/a>. For the sake of viewer convenience, the content is shown below in the alternative language. You may click the link to switch the active language.<\/p><p><strong>Meteoroloji uzmanlar\u0131, bu k\u0131\u015f\u0131n sert ge\u00e7ece\u011fi konusunda uyar\u0131da bulunuyor. Yap\u0131larda do\u011falgaz ve di\u011fer yak\u0131t giderleri artacak. Artan do\u011falgaz fiyatlar\u0131 ile birlikte daha da y\u00fckselecek faturalara kar\u015f\u0131 \u00f6nlem i\u00e7in en etkili yol ise enerji tasarrufu&#8230;<\/strong><\/p>\n<p><strong>Yap\u0131larda Enerji Verimlili\u011fi Derne\u011fi \u2013 VER\u0130MDER, konutlarda ger\u00e7ekle\u015ftirilecek en \u00f6nemli enerji tasarrufunun \u0131s\u0131 yal\u0131t\u0131m\u0131 ile sa\u011flanabilece\u011fi konusunda uyar\u0131da bulunuyor ve vatanda\u015flar tasarrufa \u00e7a\u011f\u0131r\u0131yor. \u00a0<\/strong><\/p>\n<p>Enerjinin yakla\u015f\u0131k y\u00fczde 37\u2019si konut gibi ya\u015fam alanlar\u0131nda t\u00fcketiliyor. Ayr\u0131ca t\u00fcketilen toplam enerjisinin yakla\u015f\u0131k y\u00fczde 80\u2019i \u0131s\u0131tma ve so\u011futma i\u00e7in harcan\u0131yor. Y\u00fckselen do\u011falgaz fiyatlar\u0131 ile birlikte evlerin enerji ihtiyac\u0131 bu k\u0131\u015f faturalar\u0131n da \u0131s\u0131s\u0131n\u0131 art\u0131racak. VER\u0130MDER ara\u015ft\u0131rma departman\u0131n\u0131n yapt\u0131\u011f\u0131 <img loading=\"lazy\" class=\"alignleft size-medium wp-image-80865\" src=\"https:\/\/www.enerjigazetesi.ist\/wp-content\/uploads\/2018\/10\/dogalgaz-faturalarina-karsi-onleminizi-aldiniz-mi-276x300.jpg\" alt=\"\" width=\"276\" height=\"300\" srcset=\"https:\/\/www.enerjigazetesi.ist\/wp-content\/uploads\/2018\/10\/dogalgaz-faturalarina-karsi-onleminizi-aldiniz-mi-276x300.jpg 276w, https:\/\/www.enerjigazetesi.ist\/wp-content\/uploads\/2018\/10\/dogalgaz-faturalarina-karsi-onleminizi-aldiniz-mi-368x400.jpg 368w, https:\/\/www.enerjigazetesi.ist\/wp-content\/uploads\/2018\/10\/dogalgaz-faturalarina-karsi-onleminizi-aldiniz-mi-46x50.jpg 46w, https:\/\/www.enerjigazetesi.ist\/wp-content\/uploads\/2018\/10\/dogalgaz-faturalarina-karsi-onleminizi-aldiniz-mi.jpg 449w\" sizes=\"(max-width: 276px) 100vw, 276px\" \/>hesaplamalarda, \u201c\u0131s\u0131 yal\u0131t\u0131m\u0131 uygulayan yap\u0131larda\u201d konut ba\u015f\u0131na faturalarda 500 TL\u2019ye varan tasarruf sa\u011flamak m\u00fcmk\u00fcn.<\/p>\n<p>VER\u0130MDER \u0130cra Kurulu Ba\u015fkan\u0131 <strong>Prof. Dr. Emre Alkin;<\/strong> \u201cEnerji Bakanl\u0131\u011f\u0131m\u0131z\u0131n da sadece kamu binalar\u0131 de\u011fil T\u00fcrkiye\u2019deki t\u00fcm konutlar\u0131 enerji verimlili\u011fi ve enerji tasarrufu konusunda uyard\u0131\u011f\u0131 ve bu konuda \u00f6nlemler almak amac\u0131yla projeler geli\u015ftirdi\u011fi bir ger\u00e7ek. Enerji verimlili\u011fini ba\u015fta yap\u0131larda olmak \u00fczere hayat\u0131n her alan\u0131nda birincil \u00f6ncelik olarak belirleyen VER\u0130MDER olarak t\u00fcm bireyleri enerji ve \u0131s\u0131 tasarrufunda etkin olmaya davet ediyoruz. <em>Ulusal ve uluslararas\u0131 standartlara uygun kalitede malzeme ve kaliteli i\u015f\u00e7ilik ile yap\u0131lacak \u0131s\u0131 yal\u0131t\u0131m\u0131 uygulamas\u0131 sayesinde, binalar\u0131n \u0131s\u0131t\u0131lmas\u0131 ya da so\u011futulmas\u0131 i\u00e7in harcanacak enerjide ve enerji i\u00e7in ayr\u0131lan b\u00fct\u00e7ede %35 &#8211; %50 aras\u0131nda tasarruf sa\u011flanabilir. \u00dclkemizde \u0131s\u0131tma i\u00e7in kullan\u0131lan yak\u0131t ve elektrik t\u00fcketimine ba\u011fl\u0131 olarak, sera gaz\u0131 sal\u0131m miktar\u0131n\u0131n ve \u00e7evre kirlili\u011finin azalt\u0131lmas\u0131na da yard\u0131mc\u0131 olunur<\/em>\u201d dedi.<\/p>\n<p>Prof. Alkin s\u00f6zlerine \u015funlar\u0131 da ekledi: \u201c<em>Is\u0131 yal\u0131t\u0131m\u0131 sayesinde d\u0131\u015f cephenin s\u0131cakl\u0131\u011f\u0131 ile i\u00e7 cephenin s\u0131cakl\u0131\u011f\u0131 birbirine kar\u0131\u015fmayaca\u011f\u0131ndan, yap\u0131lar\u0131 \u0131s\u0131tmak i\u00e7in kullan\u0131lacak enerji miktar\u0131 d\u00fc\u015fer. Dolay\u0131s\u0131yla ay sonu gelecek do\u011falgaz faturalar\u0131nda da g\u00f6zle g\u00f6r\u00fcl\u00fcr bir d\u00fc\u015f\u00fc\u015f g\u00f6zlenir<\/em>\u201d.<\/p>\n<p><strong>VER\u0130MDER UYARIYOR: \u201cNEDEN ISI YALITIMI YAPMALIYIZ?\u201d<\/strong><\/p>\n<p>Yap\u0131larda Enerji Verimlili\u011fi Derne\u011fi \u2013 VER\u0130MDER vatanda\u015flar\u0131 \u0131s\u0131 yal\u0131t\u0131m\u0131 vas\u0131tas\u0131yla tasarrufa \u00e7a\u011f\u0131r\u0131rken bu bilinci toplumun her alan\u0131nda yaymak \u00fczere <strong>\u201cAnadolu Bulu\u015fmalar\u0131\u201d<\/strong> ad\u0131 alt\u0131nda seminer ve toplant\u0131lar d\u00fczenliyor. VER\u0130MDER bu toplant\u0131larda \u00f6zetle \u015fu ana ba\u015fl\u0131klar\u0131 vurguluyor:<\/p>\n<p>&#8211; K\u0131\u015f aylar\u0131nda evi \u0131s\u0131tmak i\u00e7in kullan\u0131lan enerjinin %50\u2019si d\u0131\u015f cephenin yal\u0131t\u0131ms\u0131z olmas\u0131 nedeniyle bo\u015fa gidiyor. Her ay \u00f6dedi\u011finiz do\u011falgaz faturas\u0131n\u0131n yar\u0131s\u0131 \u0131s\u0131 kayb\u0131 nedeniyle buharla\u015f\u0131yor.<\/p>\n<p>&#8211; Y\u00fcksek do\u011falgaz faturalar\u0131n\u0131 d\u00fc\u015f\u00fcrmek ancak ve ancak \u0131s\u0131 yal\u0131t\u0131m\u0131 ile m\u00fcmk\u00fcn.<\/p>\n<p>&#8211; D\u0131\u015f cephe \u0131s\u0131 yal\u0131t\u0131m\u0131, tasarrufun yan\u0131 s\u0131ra binan\u0131n d\u0131\u015f y\u00fczeyinde olu\u015fabilecek yo\u011fu\u015fman\u0131n neden oldu\u011fu bakteri, mantar, siyah leke ve k\u00fcflenmenin de \u00f6n\u00fcne ge\u00e7iyor.<\/p>\n<p>&#8211; Is\u0131 yal\u0131t\u0131m\u0131, binan\u0131n ta\u015f\u0131y\u0131c\u0131 sistemini rutubetten uzak tutarak, \u00f6mr\u00fcn\u00fc uzat\u0131yor, de\u011ferini y\u00fckseltiyor.<\/p>\n<table width=\"643\">\n<tbody>\n<tr>\n<td width=\"643\"><strong>10 MADDEDE ISI YALITIMININ AVANTAJLARI<\/strong><\/p>\n<p>1- Is\u0131 yal\u0131t\u0131m\u0131 \u0131s\u0131 kayb\u0131n\u0131 minimuma indirerek, evinizin yaz\u0131n so\u011fuk, k\u0131\u015f\u0131n s\u0131cak kalmas\u0131n\u0131 sa\u011flar.<\/p>\n<p>2- Evinizin b\u00f6l\u00fcmleri aras\u0131nda dengeli oda s\u0131cakl\u0131klar\u0131 yarat\u0131r. Ya\u015fad\u0131\u011f\u0131n\u0131z mek\u00e2n\u0131n daha sa\u011fl\u0131kl\u0131 ve konforlu olmas\u0131na yard\u0131mc\u0131 olur.<\/p>\n<p>3- Hem kendi ekonominize hem de \u00fclke ekonomisine katk\u0131 sa\u011flar.<\/p>\n<p>4- \u00dclkemizin d\u0131\u015fa ba\u011f\u0131ml\u0131l\u0131\u011f\u0131n\u0131 azalt\u0131r.<\/p>\n<p>5- Binalarda k\u00fcf ve mantar olu\u015fumunun \u00f6n\u00fcne ge\u00e7ilir.<\/p>\n<p>6- D\u0131\u015f mek\u00e2n uygulamas\u0131 oldu\u011fu i\u00e7in i\u00e7 mekanda alan kayb\u0131 ya\u015fanmaz.<\/p>\n<p>7- D\u0131\u015f cephede estetik bir g\u00f6r\u00fcnt\u00fc elde edilir.<\/p>\n<p>8- Binalar\u0131 d\u0131\u015f etkenlerden koruyarak; onar\u0131m masraflar\u0131n\u0131 d\u00fc\u015f\u00fcr\u00fcr.<\/p>\n<p>9- Binan\u0131n beton i\u00e7indeki demirlerin paslanmas\u0131n\u0131 \u00f6nleyerek, binan\u0131z\u0131n depreme kar\u015f\u0131 daha dayan\u0131kl\u0131 olmas\u0131n\u0131 sa\u011flar.<\/p>\n<p>10.\u00a0\u00a0 Yak\u0131t t\u00fcketimini azaltarak, \u00e7evre kirlili\u011fi ve k\u00fcresel \u0131s\u0131nmaya kar\u015f\u0131 pozitif y\u00f6nde etkisi bulunur.<\/td>\n<\/tr>\n<\/tbody>\n<\/table>\n<p><\/p>","protected":false},"excerpt":{"rendered":"<p>Sorry, this entry is only available in Turkish. For the sake of viewer convenience, the content is shown below in the alternative language. You may click the link to switch the active language.Meteoroloji uzmanlar\u0131, bu k\u0131\u015f\u0131n sert ge\u00e7ece\u011fi konusunda uyar\u0131da bulunuyor. Yap\u0131larda do\u011falgaz ve di\u011fer yak\u0131t giderleri artacak. Artan do\u011falgaz fiyatlar\u0131 ile birlikte daha da [&hellip;]<\/p>\n","protected":false},"author":1,"featured_media":80865,"comment_status":"open","ping_status":"open","sticky":false,"template":"","format":"standard","meta":[],"categories":[46,53,52],"tags":[1251,35935,40501,67,1009,103,40499,911,380,40500,37827,37793],"views":808,"_links":{"self":[{"href":"https:\/\/www.enerjigazetesi.ist\/en\/wp-json\/wp\/v2\/posts\/80864"}],"collection":[{"href":"https:\/\/www.enerjigazetesi.ist\/en\/wp-json\/wp\/v2\/posts"}],"about":[{"href":"https:\/\/www.enerjigazetesi.ist\/en\/wp-json\/wp\/v2\/types\/post"}],"author":[{"embeddable":true,"href":"https:\/\/www.enerjigazetesi.ist\/en\/wp-json\/wp\/v2\/users\/1"}],"replies":[{"embeddable":true,"href":"https:\/\/www.enerjigazetesi.ist\/en\/wp-json\/wp\/v2\/comments?post=80864"}],"version-history":[{"count":1,"href":"https:\/\/www.enerjigazetesi.ist\/en\/wp-json\/wp\/v2\/posts\/80864\/revisions"}],"predecessor-version":[{"id":80866,"href":"https:\/\/www.enerjigazetesi.ist\/en\/wp-json\/wp\/v2\/posts\/80864\/revisions\/80866"}],"wp:featuredmedia":[{"embeddable":true,"href":"https:\/\/www.enerjigazetesi.ist\/en\/wp-json\/wp\/v2\/media\/80865"}],"wp:attachment":[{"href":"https:\/\/www.enerjigazetesi.ist\/en\/wp-json\/wp\/v2\/media?parent=80864"}],"wp:term":[{"taxonomy":"category","embeddable":true,"href":"https:\/\/www.enerjigazetesi.ist\/en\/wp-json\/wp\/v2\/categories?post=80864"},{"taxonomy":"post_tag","embeddable":true,"href":"https:\/\/www.enerjigazetesi.ist\/en\/wp-json\/wp\/v2\/tags?post=80864"}],"curies":[{"name":"wp","href":"https:\/\/api.w.org\/{rel}","templated":true}]}}