{"id":80670,"date":"2018-10-19T14:26:10","date_gmt":"2018-10-19T11:26:10","guid":{"rendered":"https:\/\/www.enerjigazetesi.ist\/?p=80670"},"modified":"2018-10-19T14:30:53","modified_gmt":"2018-10-19T11:30:53","slug":"jesderin-yeni-baskani-ali-kindap-oldu","status":"publish","type":"post","link":"https:\/\/www.enerjigazetesi.ist\/en\/jesderin-yeni-baskani-ali-kindap-oldu\/","title":{"rendered":"(Turkish) JESDER\u2019in Yeni Ba\u015fkan\u0131 Ali K\u0131ndap Oldu"},"content":{"rendered":"<p class=\"qtranxs-available-languages-message qtranxs-available-languages-message-en\">Sorry, this entry is only available in <a href=\"https:\/\/www.enerjigazetesi.ist\/tr\/wp-json\/wp\/v2\/posts\/80670\" class=\"qtranxs-available-language-link qtranxs-available-language-link-tr\" title=\"Turkish\">Turkish<\/a>. For the sake of viewer convenience, the content is shown below in the alternative language. You may click the link to switch the active language.<\/p><p><strong>Jeotermal Elektrik Santral Yat\u0131r\u0131mc\u0131lar\u0131 Derne\u011fi\u2019nin (JESDER) zirvesinde bayrak de\u011fi\u015fimi ya\u015fand\u0131: Zorlu Enerji Yat\u0131r\u0131mlar, \u0130\u015fletme ve Bak\u0131mdan Sorumlu Genel M\u00fcd\u00fcr\u00fc Ali K\u0131ndap, JESDER Y\u00f6netim Kurulu Ba\u015fkanl\u0131\u011f\u0131\u2019n\u0131 \u00fcstlendi.<\/strong><\/p>\n<p>Jeotermal Elektrik Santral Yat\u0131r\u0131mc\u0131lar\u0131 Derne\u011fi\u2019nin (JESDER) y\u00f6netim kurulu yeniden \u015fekillendi. Zorlu Enerji Yat\u0131r\u0131mlar, \u0130\u015fletme ve Bak\u0131mdan Sorumlu Genel M\u00fcd\u00fcr\u00fc Ali K\u0131ndap, JESDER\u2019in yeni Y\u00f6netim Kurulu Ba\u015fkan\u0131 oldu.<\/p>\n<p><img loading=\"lazy\" class=\"alignright size-medium wp-image-80671\" src=\"https:\/\/www.enerjigazetesi.ist\/wp-content\/uploads\/2018\/10\/jesderin-yeni-baskani-ali-kindap-oldu-300x295.jpg\" alt=\"\" width=\"300\" height=\"295\" srcset=\"https:\/\/www.enerjigazetesi.ist\/wp-content\/uploads\/2018\/10\/jesderin-yeni-baskani-ali-kindap-oldu-300x295.jpg 300w, https:\/\/www.enerjigazetesi.ist\/wp-content\/uploads\/2018\/10\/jesderin-yeni-baskani-ali-kindap-oldu-407x400.jpg 407w, https:\/\/www.enerjigazetesi.ist\/wp-content\/uploads\/2018\/10\/jesderin-yeni-baskani-ali-kindap-oldu-51x50.jpg 51w, https:\/\/www.enerjigazetesi.ist\/wp-content\/uploads\/2018\/10\/jesderin-yeni-baskani-ali-kindap-oldu.jpg 496w\" sizes=\"(max-width: 300px) 100vw, 300px\" \/>\u00dc\u00e7 y\u0131ld\u0131r JESDER Y\u00f6netim Kurulu Ba\u015fkan\u0131 olarak g\u00f6rev yapan Ufuk \u015eent\u00fcrk ise g\u00f6revine Y\u00f6netim Kurulu Ba\u015fkan Vekili ve Sayman olarak devam edecek.<\/p>\n<p>JESDER\u2019in yeni Y\u00f6netim Kurulu \u015f\u00f6yle olu\u015ftu: Ali K\u0131ndap (Y\u00f6netim Kurulu Ba\u015fkan\u0131), Ufuk \u015eent\u00fcrk (Y\u00f6netim Kurulu Ba\u015fkan Vekili ve Sayman), Mehmet \u015ei\u015fman (Y\u00f6netim Kurulu Ba\u015fkan Yard\u0131mc\u0131s\u0131) Serhat Din\u00e7 (Y\u00f6netim Kurulu Ba\u015fkan Yard\u0131mc\u0131s\u0131), Murat Solmaz (Y\u00f6netim Kurulu Sekreteri).<\/p>\n<p>JESDER Y\u00f6netim Kurulu Ba\u015fkan\u0131 Ali K\u0131ndap, Ufuk \u015eent\u00fcrk\u2019e te\u015fekk\u00fcr ederek \u015funlar\u0131 s\u00f6yledi: \u201cJeotermal enerji, yerli, yenilenebilir, temiz bir enerji kayna\u011f\u0131 olarak T\u00fcrkiye i\u00e7in ya\u015famsal \u00f6neme sahiptir. \u00dclkemiz bunun bilinciyle son y\u0131llarda jeotermal enerjide b\u00fcy\u00fck bir at\u0131l\u0131m ger\u00e7ekle\u015ftirerek kurulu g\u00fcc\u00fcn\u00fc 1.212 MW\u2019ye \u00e7\u0131kard\u0131. JESDER\u2019in hedefi, 4.000 MW\u2019l\u0131k potansiyeli T\u00fcrkiye\u2019nin hizmetine sokarak jeotermal enerjide d\u00fcnya liderli\u011fine y\u00fckselmektir. Devletimizin destekleriyle bu hedefe ula\u015faca\u011f\u0131m\u0131za olan inanc\u0131m tamd\u0131r.\u201d<\/p>\n<p>JESDER eski Ba\u015fkan\u0131 Ufuk \u015eent\u00fcrk ise Ali K\u0131ndap\u2019a ba\u015far\u0131 dileyerek \u015f\u00f6yle dedi: \u201cJESDER, kurulu\u015fundan bu yana ge\u00e7en \u00fc\u00e7 y\u0131l gibi k\u0131sa s\u00fcrede, T\u00fcrkiye\u2019nin jeotermal elektrik enerjisi potansiyelini ger\u00e7e\u011fe d\u00f6n\u00fc\u015ft\u00fcrmekte b\u00fcy\u00fck ad\u0131mlar att\u0131. Genel Ba\u015fkan olarak g\u00f6rev yapt\u0131\u011f\u0131m d\u00f6nemde T\u00fcrkiye\u2019nin jeotermal elektrik enerjisinde d\u00fcnya d\u00f6rd\u00fcnc\u00fcl\u00fc\u011f\u00fcne y\u00fckseldi\u011fi g\u00f6rmenin onurunu ya\u015f\u0131yorum. G\u00f6revimi devretti\u011fi Say\u0131n Ali K\u0131ndap\u2019\u0131n liderli\u011finde sekt\u00f6r\u00fcn daha da b\u00fcy\u00fcyerek T\u00fcrkiye\u2019yi gelece\u011fe ta\u015f\u0131yaca\u011f\u0131na inan\u0131yorum.\u201d<\/p>\n<p>JESDER Y\u00f6netim Kurulu Ba\u015fkan\u0131 Ali K\u0131ndap, 1968 y\u0131l\u0131nda \u00c7ank\u0131r\u0131\u2019da do\u011fdu. Orta Do\u011fu Teknik \u00dcniversitesi Makina M\u00fchendisli\u011fi B\u00f6l\u00fcm\u00fc\u2019nden 1990 y\u0131l\u0131nda mezun oldu. \u00c7al\u0131\u015fma hayat\u0131na GAMA \u015eirketler Grubu\u2019nda ba\u015flayan K\u0131ndap, Meteksan A\u015e ve G\u00fcri\u015f M\u00fchendislik \u0130n\u015faat ve M\u00fchendislik A\u015e\u2019de g\u00f6rev yapt\u0131. 2008 y\u0131l\u0131nda Zorlu End\u00fcstriyel ve Enerji Tesisleri \u0130n\u015faat Ticaret A\u015e\u2019de Genel M\u00fcd\u00fcr Yard\u0131mc\u0131s\u0131 olarak Zorlu Enerji Grubu\u2019na kat\u0131lan Ali K\u0131ndap, 2011 y\u0131l\u0131ndan itibaren Zorlu Enerji Elektrik \u00dcretim A\u015e\u2019de Termik Yat\u0131r\u0131mlardan Sorumlu Genel M\u00fcd\u00fcr Yard\u0131mc\u0131s\u0131 olarak g\u00f6rev yapt\u0131. 1 Ocak 2017 tarihi itibar\u0131yla ise Yat\u0131r\u0131mlar, \u0130\u015fletme ve Bak\u0131mdan Sorumlu Genel M\u00fcd\u00fcr olarak atand\u0131.<\/p>","protected":false},"excerpt":{"rendered":"<p>Sorry, this entry is only available in Turkish. For the sake of viewer convenience, the content is shown below in the alternative language. You may click the link to switch the active language.Jeotermal Elektrik Santral Yat\u0131r\u0131mc\u0131lar\u0131 Derne\u011fi\u2019nin (JESDER) zirvesinde bayrak de\u011fi\u015fimi ya\u015fand\u0131: Zorlu Enerji Yat\u0131r\u0131mlar, \u0130\u015fletme ve Bak\u0131mdan Sorumlu Genel M\u00fcd\u00fcr\u00fc Ali K\u0131ndap, JESDER Y\u00f6netim [&hellip;]<\/p>\n","protected":false},"author":1,"featured_media":80671,"comment_status":"open","ping_status":"open","sticky":false,"template":"","format":"standard","meta":[],"categories":[51,53,48],"tags":[34312,67,1009,29545,16077,23226,34985,26929,26829,20902,38104],"views":1297,"_links":{"self":[{"href":"https:\/\/www.enerjigazetesi.ist\/en\/wp-json\/wp\/v2\/posts\/80670"}],"collection":[{"href":"https:\/\/www.enerjigazetesi.ist\/en\/wp-json\/wp\/v2\/posts"}],"about":[{"href":"https:\/\/www.enerjigazetesi.ist\/en\/wp-json\/wp\/v2\/types\/post"}],"author":[{"embeddable":true,"href":"https:\/\/www.enerjigazetesi.ist\/en\/wp-json\/wp\/v2\/users\/1"}],"replies":[{"embeddable":true,"href":"https:\/\/www.enerjigazetesi.ist\/en\/wp-json\/wp\/v2\/comments?post=80670"}],"version-history":[{"count":2,"href":"https:\/\/www.enerjigazetesi.ist\/en\/wp-json\/wp\/v2\/posts\/80670\/revisions"}],"predecessor-version":[{"id":80673,"href":"https:\/\/www.enerjigazetesi.ist\/en\/wp-json\/wp\/v2\/posts\/80670\/revisions\/80673"}],"wp:featuredmedia":[{"embeddable":true,"href":"https:\/\/www.enerjigazetesi.ist\/en\/wp-json\/wp\/v2\/media\/80671"}],"wp:attachment":[{"href":"https:\/\/www.enerjigazetesi.ist\/en\/wp-json\/wp\/v2\/media?parent=80670"}],"wp:term":[{"taxonomy":"category","embeddable":true,"href":"https:\/\/www.enerjigazetesi.ist\/en\/wp-json\/wp\/v2\/categories?post=80670"},{"taxonomy":"post_tag","embeddable":true,"href":"https:\/\/www.enerjigazetesi.ist\/en\/wp-json\/wp\/v2\/tags?post=80670"}],"curies":[{"name":"wp","href":"https:\/\/api.w.org\/{rel}","templated":true}]}}