{"id":80623,"date":"2018-10-19T09:07:05","date_gmt":"2018-10-19T06:07:05","guid":{"rendered":"https:\/\/www.enerjigazetesi.ist\/?p=80623"},"modified":"2018-10-19T09:07:05","modified_gmt":"2018-10-19T06:07:05","slug":"cindeki-elektrikli-araclar-kac-milyona-ulasacak","status":"publish","type":"post","link":"https:\/\/www.enerjigazetesi.ist\/en\/cindeki-elektrikli-araclar-kac-milyona-ulasacak\/","title":{"rendered":"(Turkish) \u00c7in\u2019deki Elektrikli Ara\u00e7lar Ka\u00e7 Milyona Ula\u015facak?"},"content":{"rendered":"<p class=\"qtranxs-available-languages-message qtranxs-available-languages-message-en\">Sorry, this entry is only available in <a href=\"https:\/\/www.enerjigazetesi.ist\/tr\/wp-json\/wp\/v2\/posts\/80623\" class=\"qtranxs-available-language-link qtranxs-available-language-link-tr\" title=\"Turkish\">Turkish<\/a>. For the sake of viewer convenience, the content is shown below in the alternative language. You may click the link to switch the active language.<\/p><p><strong>Elektrikli ara\u00e7lar g\u00fcnden g\u00fcne pop\u00fclerli\u011fini art\u0131r\u0131rken d\u00fcnya genelinde sat\u0131lan elektrikli ara\u00e7 say\u0131s\u0131 4 milyona ula\u015ft\u0131. \u00c7in y\u00fczde 37 ile d\u00fcnyada en fazla paya sahip olan \u00fclke konumunda. Fitch Solutions taraf\u0131ndan yap\u0131lan bir ara\u015ft\u0131rmaya g\u00f6re 2027 y\u0131l\u0131nda \u00c7in&#8217;deki elektrikli ara\u00e7 say\u0131s\u0131 11 milyona, bu ara\u00e7lar\u0131n sahip olduklar\u0131 pillerin elektrik depolama kapasitesi ise 1,138GWh seviyesine kadar y\u00fckselecek.<img loading=\"lazy\" class=\"alignright size-medium wp-image-80624\" src=\"https:\/\/www.enerjigazetesi.ist\/wp-content\/uploads\/2018\/10\/\u00e7indeki-elektrikli-ara\u00e7alr-300x187.jpg\" alt=\"\" width=\"300\" height=\"187\" srcset=\"https:\/\/www.enerjigazetesi.ist\/wp-content\/uploads\/2018\/10\/\u00e7indeki-elektrikli-ara\u00e7alr-300x187.jpg 300w, https:\/\/www.enerjigazetesi.ist\/wp-content\/uploads\/2018\/10\/\u00e7indeki-elektrikli-ara\u00e7alr-500x311.jpg 500w, https:\/\/www.enerjigazetesi.ist\/wp-content\/uploads\/2018\/10\/\u00e7indeki-elektrikli-ara\u00e7alr-80x50.jpg 80w, https:\/\/www.enerjigazetesi.ist\/wp-content\/uploads\/2018\/10\/\u00e7indeki-elektrikli-ara\u00e7alr.jpg 610w\" sizes=\"(max-width: 300px) 100vw, 300px\" \/><\/strong><\/p>\n<p>Elektrikli ara\u00e7 sat\u0131\u015f grafi\u011fine bak\u0131ld\u0131\u011f\u0131nda h\u0131zl\u0131 art\u0131\u015f\u0131n 2016 y\u0131l\u0131 ile birlikte ba\u015flad\u0131\u011f\u0131 g\u00f6r\u00fcl\u00fcyor. 2011&#8217;den bu yana sat\u0131lan elektrikli 4 milyon arac\u0131n 421 binini ise elektrikli otob\u00fcsler olu\u015fturdu. D\u00fcnya genelinde y\u00fczde 37 paya sahip olan \u00c7in, elektrikli otob\u00fcs sat\u0131\u015f\u0131nda da y\u00fczde 99 paya sahip. T\u00fcrkiye&#8217;deki durum ise 2017 y\u0131l\u0131n\u0131n ilk 10 ay\u0131nda ger\u00e7ekle\u015fen 49 adetlik elektrikli otomobil sat\u0131\u015f\u0131yla 475 adede ula\u015ft\u0131. 2027 y\u0131l\u0131nda \u00c7in&#8217;deki elektrikli ara\u00e7 say\u0131s\u0131 11 milyona ula\u015facak olmas\u0131, \u00fclkedeki yenilenebilir enerji yat\u0131r\u0131mlar\u0131n\u0131n da artaca\u011f\u0131 y\u00f6n\u00fcnde yorumland\u0131. Bu durum ise ara\u00e7tan-\u015febekeye (V2G\/ vehicle-to-grid) teknolojileri alan\u0131ndaki \u00e7\u00f6z\u00fcmlerin \u00c7in&#8217;de d\u00fcnyan\u0131n di\u011fer b\u00f6lgelerine g\u00f6re \u00e7ok daha h\u0131zl\u0131 \u015fekilde devreye girmesini sa\u011flayacak.<\/p>\n<p>Teknolojik geli\u015fmeler ve ula\u015ft\u0131rmadaki d\u00fc\u015f\u00fck karbon sal\u0131n\u0131m\u0131 ile dikkatleri \u00fczerine \u00e7eken elektrikli ara\u00e7lar\u0131n kullan\u0131m\u0131n\u0131n artmas\u0131 hem \u00e7evre hem de teknoloji alan\u0131nda \u00f6nemli ve b\u00fcy\u00fck bir ad\u0131m. \u00c7in bu geli\u015fmeleri do\u011fru y\u00f6nlendirirken \u00fclkemizden de b\u00fcy\u00fck ad\u0131mlar bekliyoruz.<\/p>\n<p>Selin Telci &#8211; Enerji Sistemleri M\u00fchendisi &#8211;\u00a0selintelci@hotmail.com<\/p>","protected":false},"excerpt":{"rendered":"<p>Sorry, this entry is only available in Turkish. For the sake of viewer convenience, the content is shown below in the alternative language. You may click the link to switch the active language.Elektrikli ara\u00e7lar g\u00fcnden g\u00fcne pop\u00fclerli\u011fini art\u0131r\u0131rken d\u00fcnya genelinde sat\u0131lan elektrikli ara\u00e7 say\u0131s\u0131 4 milyona ula\u015ft\u0131. \u00c7in y\u00fczde 37 ile d\u00fcnyada en fazla paya [&hellip;]<\/p>\n","protected":false},"author":6,"featured_media":80624,"comment_status":"open","ping_status":"open","sticky":false,"template":"","format":"standard","meta":[],"categories":[51,53],"tags":[886,2542,40312,215,13859,67,1009,40311,1245],"views":739,"_links":{"self":[{"href":"https:\/\/www.enerjigazetesi.ist\/en\/wp-json\/wp\/v2\/posts\/80623"}],"collection":[{"href":"https:\/\/www.enerjigazetesi.ist\/en\/wp-json\/wp\/v2\/posts"}],"about":[{"href":"https:\/\/www.enerjigazetesi.ist\/en\/wp-json\/wp\/v2\/types\/post"}],"author":[{"embeddable":true,"href":"https:\/\/www.enerjigazetesi.ist\/en\/wp-json\/wp\/v2\/users\/6"}],"replies":[{"embeddable":true,"href":"https:\/\/www.enerjigazetesi.ist\/en\/wp-json\/wp\/v2\/comments?post=80623"}],"version-history":[{"count":1,"href":"https:\/\/www.enerjigazetesi.ist\/en\/wp-json\/wp\/v2\/posts\/80623\/revisions"}],"predecessor-version":[{"id":80625,"href":"https:\/\/www.enerjigazetesi.ist\/en\/wp-json\/wp\/v2\/posts\/80623\/revisions\/80625"}],"wp:featuredmedia":[{"embeddable":true,"href":"https:\/\/www.enerjigazetesi.ist\/en\/wp-json\/wp\/v2\/media\/80624"}],"wp:attachment":[{"href":"https:\/\/www.enerjigazetesi.ist\/en\/wp-json\/wp\/v2\/media?parent=80623"}],"wp:term":[{"taxonomy":"category","embeddable":true,"href":"https:\/\/www.enerjigazetesi.ist\/en\/wp-json\/wp\/v2\/categories?post=80623"},{"taxonomy":"post_tag","embeddable":true,"href":"https:\/\/www.enerjigazetesi.ist\/en\/wp-json\/wp\/v2\/tags?post=80623"}],"curies":[{"name":"wp","href":"https:\/\/api.w.org\/{rel}","templated":true}]}}