{"id":80606,"date":"2018-10-18T14:41:34","date_gmt":"2018-10-18T11:41:34","guid":{"rendered":"https:\/\/www.enerjigazetesi.ist\/?p=80606"},"modified":"2018-10-18T14:41:34","modified_gmt":"2018-10-18T11:41:34","slug":"manisada-yenilenebilir-enerji-ve-kaynak-verimliligi-semineri-yapildi","status":"publish","type":"post","link":"https:\/\/www.enerjigazetesi.ist\/en\/manisada-yenilenebilir-enerji-ve-kaynak-verimliligi-semineri-yapildi\/","title":{"rendered":"(Turkish) Manisa\u2019da Yenilenebilir Enerji ve Kaynak Verimlili\u011fi Semineri Yap\u0131ld\u0131"},"content":{"rendered":"<p class=\"qtranxs-available-languages-message qtranxs-available-languages-message-en\">Sorry, this entry is only available in <a href=\"https:\/\/www.enerjigazetesi.ist\/tr\/wp-json\/wp\/v2\/posts\/80606\" class=\"qtranxs-available-language-link qtranxs-available-language-link-tr\" title=\"Turkish\">Turkish<\/a>. For the sake of viewer convenience, the content is shown below in the alternative language. You may click the link to switch the active language.<\/p><p><strong>TURSEFF Yenilenebilir Enerji ve Kaynak Verimlili\u011fi Semineri Manisa B\u00fcy\u00fck\u015fehir Belediyesi\u2019nin ev sahipli\u011finde \u0130kiz Kuleler Konferans Salonunda yap\u0131ld\u0131.<\/strong><\/p>\n<p>Seminerde konu\u015fan Manisa B\u00fcy\u00fck\u015fehir Belediyesi Genel Sekreteri Ayta\u00e7 Yal\u00e7\u0131nkaya, \u201cK\u00fcresel d\u00fcnyada artan n\u00fcfus oran\u0131na ba\u011fl\u0131 olarak iklim de\u011fi\u015fikli\u011fi ya\u015fanmakta ve bu da baz\u0131 sorunlar\u0131 beraberinde <img loading=\"lazy\" class=\"alignright size-medium wp-image-80607\" src=\"https:\/\/www.enerjigazetesi.ist\/wp-content\/uploads\/2018\/10\/manisada-yenilenebilir-enerji-ve-kaynak-verimliligi-semineri-yapildi1-300x200.jpeg\" alt=\"\" width=\"300\" height=\"200\" srcset=\"https:\/\/www.enerjigazetesi.ist\/wp-content\/uploads\/2018\/10\/manisada-yenilenebilir-enerji-ve-kaynak-verimliligi-semineri-yapildi1-300x200.jpeg 300w, https:\/\/www.enerjigazetesi.ist\/wp-content\/uploads\/2018\/10\/manisada-yenilenebilir-enerji-ve-kaynak-verimliligi-semineri-yapildi1-768x511.jpeg 768w, https:\/\/www.enerjigazetesi.ist\/wp-content\/uploads\/2018\/10\/manisada-yenilenebilir-enerji-ve-kaynak-verimliligi-semineri-yapildi1-500x333.jpeg 500w, https:\/\/www.enerjigazetesi.ist\/wp-content\/uploads\/2018\/10\/manisada-yenilenebilir-enerji-ve-kaynak-verimliligi-semineri-yapildi1-75x50.jpeg 75w, https:\/\/www.enerjigazetesi.ist\/wp-content\/uploads\/2018\/10\/manisada-yenilenebilir-enerji-ve-kaynak-verimliligi-semineri-yapildi1.jpeg 1000w\" sizes=\"(max-width: 300px) 100vw, 300px\" \/>getirmektedir. Bu bilin\u00e7ten hareketle yenilenebilir ve s\u00fcrd\u00fcr\u00fclebilir enerjinin \u00f6nemi ortaya \u00e7\u0131km\u0131\u015f, kaynaklar\u0131n verimli kullan\u0131lmas\u0131 gerekti\u011fi ne yaz\u0131k ki ge\u00e7 de olsa insanlar taraf\u0131ndan kavran\u0131r duruma gelmi\u015ftir. Bu noktada r\u00fczg\u00e2r, jeotermal ve g\u00fcne\u015f enerjisi a\u00e7\u0131s\u0131ndan \u00f6nemli kaynaklara sahip olan \u00fclkemizin bu kaynaklar\u0131n\u0131n geli\u015ftirilmesi, gerek iklim de\u011fi\u015fikli\u011fiyle m\u00fccadele, gerekse enerjide ithal ve fosil yak\u0131t ba\u011f\u0131ml\u0131l\u0131\u011f\u0131n\u0131n a\u015f\u0131lmas\u0131 a\u00e7\u0131lar\u0131ndan hayati \u00f6neme sahiptir. G\u00fcn\u00fcm\u00fcz teknolojisi ile de bu hedefi ger\u00e7ekle\u015ftirmek m\u00fcmk\u00fcnd\u00fcr. Bu ba\u011flamda bu t\u00fcr \u00e7al\u0131\u015fmalar\u0131n yan\u0131 s\u0131ra yenilenebilir ve s\u00fcrd\u00fcr\u00fclebilir \u00e7evre projelerine b\u00fcy\u00fck \u00f6nem veriyoruz\u201d dedi.<\/p>\n<p>Seminere, Manisa B\u00fcy\u00fck\u015fehir Belediyesi Genel Sekreteri Ayta\u00e7 Yal\u00e7\u0131nkaya, MASK\u0130 Genel M\u00fcd\u00fcr\u00fc Ya\u015far Co\u015fkun, MASK\u0130 Genel M\u00fcd\u00fcr Yard\u0131mc\u0131lar\u0131 \u015eehnaz Ba\u015faran, Mahmut Bilgen, B\u00fcy\u00fck\u015fehir ve MASK\u0130 Daire Ba\u015fkanlar\u0131, B\u00fcy\u00fck\u015fehir Belediyesi ve MASK\u0130 \u00c7evre Koruma ve Kontrol Dairesi Ba\u015fkanl\u0131\u011f\u0131 \u015fube m\u00fcd\u00fcrleri ile personelleri, TURSEFF yetkilileri ve G\u00dcNDER kat\u0131ld\u0131.<\/p>","protected":false},"excerpt":{"rendered":"<p>Sorry, this entry is only available in Turkish. For the sake of viewer convenience, the content is shown below in the alternative language. You may click the link to switch the active language.TURSEFF Yenilenebilir Enerji ve Kaynak Verimlili\u011fi Semineri Manisa B\u00fcy\u00fck\u015fehir Belediyesi\u2019nin ev sahipli\u011finde \u0130kiz Kuleler Konferans Salonunda yap\u0131ld\u0131. Seminerde konu\u015fan Manisa B\u00fcy\u00fck\u015fehir Belediyesi Genel [&hellip;]<\/p>\n","protected":false},"author":1,"featured_media":80607,"comment_status":"open","ping_status":"open","sticky":false,"template":"","format":"standard","meta":[],"categories":[51,53,49,48,50],"tags":[40299,67,1009,1382,40300,23133,23131,1999,40303,2191,40079,24949,23318,34960,40302,1296,2711,40298,40301,26829,40304],"views":1135,"_links":{"self":[{"href":"https:\/\/www.enerjigazetesi.ist\/en\/wp-json\/wp\/v2\/posts\/80606"}],"collection":[{"href":"https:\/\/www.enerjigazetesi.ist\/en\/wp-json\/wp\/v2\/posts"}],"about":[{"href":"https:\/\/www.enerjigazetesi.ist\/en\/wp-json\/wp\/v2\/types\/post"}],"author":[{"embeddable":true,"href":"https:\/\/www.enerjigazetesi.ist\/en\/wp-json\/wp\/v2\/users\/1"}],"replies":[{"embeddable":true,"href":"https:\/\/www.enerjigazetesi.ist\/en\/wp-json\/wp\/v2\/comments?post=80606"}],"version-history":[{"count":1,"href":"https:\/\/www.enerjigazetesi.ist\/en\/wp-json\/wp\/v2\/posts\/80606\/revisions"}],"predecessor-version":[{"id":80608,"href":"https:\/\/www.enerjigazetesi.ist\/en\/wp-json\/wp\/v2\/posts\/80606\/revisions\/80608"}],"wp:featuredmedia":[{"embeddable":true,"href":"https:\/\/www.enerjigazetesi.ist\/en\/wp-json\/wp\/v2\/media\/80607"}],"wp:attachment":[{"href":"https:\/\/www.enerjigazetesi.ist\/en\/wp-json\/wp\/v2\/media?parent=80606"}],"wp:term":[{"taxonomy":"category","embeddable":true,"href":"https:\/\/www.enerjigazetesi.ist\/en\/wp-json\/wp\/v2\/categories?post=80606"},{"taxonomy":"post_tag","embeddable":true,"href":"https:\/\/www.enerjigazetesi.ist\/en\/wp-json\/wp\/v2\/tags?post=80606"}],"curies":[{"name":"wp","href":"https:\/\/api.w.org\/{rel}","templated":true}]}}