{"id":80552,"date":"2018-10-17T15:13:44","date_gmt":"2018-10-17T12:13:44","guid":{"rendered":"https:\/\/www.enerjigazetesi.ist\/?p=80552"},"modified":"2018-10-17T15:13:44","modified_gmt":"2018-10-17T12:13:44","slug":"dunya-ekonomik-forumu-2018-kuresel-rekabetcilik-raporunu-acikladi","status":"publish","type":"post","link":"https:\/\/www.enerjigazetesi.ist\/en\/dunya-ekonomik-forumu-2018-kuresel-rekabetcilik-raporunu-acikladi\/","title":{"rendered":"(Turkish) D\u00fcnya Ekonomik Forumu, 2018 K\u00fcresel Rekabet\u00e7ilik Raporu\u2019nu A\u00e7\u0131klad\u0131"},"content":{"rendered":"<p class=\"qtranxs-available-languages-message qtranxs-available-languages-message-en\">Sorry, this entry is only available in <a href=\"https:\/\/www.enerjigazetesi.ist\/tr\/wp-json\/wp\/v2\/posts\/80552\" class=\"qtranxs-available-language-link qtranxs-available-language-link-tr\" title=\"Turkish\">Turkish<\/a>. For the sake of viewer convenience, the content is shown below in the alternative language. You may click the link to switch the active language.<\/p><p><strong>\u0130svi\u00e7re\u2019de yerle\u015fik olan D\u00fcnya Ekonomik Forumu\u2019nun (DEF) 2018 K\u00fcresel Rekabet\u00e7ilik Raporu (KRR) yay\u0131nlanm\u0131\u015ft\u0131r. Raporda \u00fclkelerin rekabet g\u00fcc\u00fc s\u0131ralamalar\u0131nda ilk kez bu y\u0131l yay\u0131nlanan yeni bir endeks temel al\u0131nmaktad\u0131r. Raporda, K\u00fcresel Rekabet\u00e7ilik Endeksi 4.0 (Global Competitiveness Index 4.0) ad\u0131 verilen bu endeksin temel amac\u0131n\u0131n, bir <img loading=\"lazy\" class=\"alignright size-medium wp-image-80553\" src=\"https:\/\/www.enerjigazetesi.ist\/wp-content\/uploads\/2018\/10\/dunya-ekonomik-forumu-2018-kuresel-rekabetcilik-raporunu-acikladi-300x205.png\" alt=\"\" width=\"300\" height=\"205\" srcset=\"https:\/\/www.enerjigazetesi.ist\/wp-content\/uploads\/2018\/10\/dunya-ekonomik-forumu-2018-kuresel-rekabetcilik-raporunu-acikladi-300x205.png 300w, https:\/\/www.enerjigazetesi.ist\/wp-content\/uploads\/2018\/10\/dunya-ekonomik-forumu-2018-kuresel-rekabetcilik-raporunu-acikladi-768x524.png 768w, https:\/\/www.enerjigazetesi.ist\/wp-content\/uploads\/2018\/10\/dunya-ekonomik-forumu-2018-kuresel-rekabetcilik-raporunu-acikladi-500x341.png 500w, https:\/\/www.enerjigazetesi.ist\/wp-content\/uploads\/2018\/10\/dunya-ekonomik-forumu-2018-kuresel-rekabetcilik-raporunu-acikladi-73x50.png 73w, https:\/\/www.enerjigazetesi.ist\/wp-content\/uploads\/2018\/10\/dunya-ekonomik-forumu-2018-kuresel-rekabetcilik-raporunu-acikladi.png 800w\" sizes=\"(max-width: 300px) 100vw, 300px\" \/>yandan 2008 krizinin, bir yandan da 4. Sanayi Devriminin harekete ge\u00e7irdi\u011fi uzun d\u00f6nemli dinamikleri rekabet g\u00fcc\u00fc tan\u0131m\u0131na katmak ve b\u00f6ylece ekonomi politikalar\u0131 i\u00e7in yeni bir k\u0131yaslama amac\u0131 yaratmak oldu\u011fu vurgulanmaktad\u0131r.<\/strong><\/p>\n<p>Sanayi Devrimi\u2019nin d\u00f6rt ana kavram\u0131 olan <strong>esneklik<\/strong> (resiliance), <strong>\u00e7eviklik<\/strong> (agility), <strong>inovasyon ekosistemleri<\/strong> (innovation ecosystems) ve <strong>insan odakl\u0131 yakla\u015f\u0131m<\/strong> (human centric approach) do\u011frultusunda 12 yeni bile\u015fen kullan\u0131lm\u0131\u015ft\u0131r. Ge\u00e7en senelere k\u0131yasla, bu bile\u015fenler a\u015fa\u011f\u0131daki tabloda g\u00f6sterilmektedir:<\/p>\n<table>\n<tbody>\n<tr>\n<td><strong>K\u00fcresel Rekabet\u00e7ilik Endeksi 4.0<\/strong><\/td>\n<td><\/td>\n<td><\/td>\n<td colspan=\"2\"><strong>K\u00fcresel Rekabet\u00e7ilik Endeksi, \u00f6nceki y\u0131llar<\/strong><\/td>\n<\/tr>\n<tr>\n<td>Kategori<\/td>\n<td><\/td>\n<td><\/td>\n<td><\/td>\n<td><\/td>\n<\/tr>\n<tr>\n<td><em>Etkinle\u015ftirici \u00c7evre<\/em><\/td>\n<td>Bile\u015fen 1<\/td>\n<td>Kurumsal Yap\u0131lanma<\/td>\n<td>Bile\u015fen 1<\/td>\n<td>Kurumsal Yap\u0131lanma<\/td>\n<\/tr>\n<tr>\n<td><\/td>\n<td>Bile\u015fen 2<\/td>\n<td>Altyap\u0131<\/td>\n<td>Bile\u015fen 2<\/td>\n<td>Altyap\u0131<\/td>\n<\/tr>\n<tr>\n<td><\/td>\n<td>Bile\u015fen 3<\/td>\n<td>Bilgi ve \u0130leti\u015fim Teknolojileri<\/td>\n<td>Bile\u015fen 3<\/td>\n<td>Makroekonomik Ortam<\/td>\n<\/tr>\n<tr>\n<td><\/td>\n<td>Bile\u015fen 4<\/td>\n<td>Makroekonomik Ortam<\/td>\n<td>Bile\u015fen 4<\/td>\n<td>Sa\u011fl\u0131k ve \u0130lk\u00f6\u011fretim<\/td>\n<\/tr>\n<tr>\n<td><em>Be\u015feri Sermaye<\/em><\/td>\n<td>Bile\u015fen 5<\/td>\n<td>Sa\u011fl\u0131k<\/td>\n<td>Bile\u015fen 5<\/td>\n<td>Y\u00fcksek\u00f6\u011fretim ve i\u015f ba\u015f\u0131nda e\u011fitimi<\/td>\n<\/tr>\n<tr>\n<td><\/td>\n<td>Bile\u015fen 6<\/td>\n<td>Beceriler<\/td>\n<td>Bile\u015fen 6<\/td>\n<td>Mal Piyasas\u0131n\u0131n Etkinli\u011fi<\/td>\n<\/tr>\n<tr>\n<td><em>Piyasalar<\/em><\/td>\n<td>Bile\u015fen 7<\/td>\n<td>Mal Piyasas\u0131<\/td>\n<td>Bile\u015fen 7<\/td>\n<td>\u0130\u015fg\u00fcc\u00fc Piyasas\u0131n\u0131n Etkinli\u011fi<\/td>\n<\/tr>\n<tr>\n<td><\/td>\n<td>Bile\u015fen 8<\/td>\n<td>\u0130\u015fg\u00fcc\u00fc Piyasas\u0131<\/td>\n<td>Bile\u015fen 8<\/td>\n<td>Mali Piyasan\u0131n Geli\u015fmi\u015fli\u011fi<\/td>\n<\/tr>\n<tr>\n<td><\/td>\n<td>Bile\u015fen 9<\/td>\n<td>Mali Sistem<\/td>\n<td>Bile\u015fen 9<\/td>\n<td>Teknolojik Haz\u0131rl\u0131k<\/td>\n<\/tr>\n<tr>\n<td><\/td>\n<td>Bile\u015fen 10<\/td>\n<td>Pazar B\u00fcy\u00fckl\u00fc\u011f\u00fc<\/td>\n<td>Bile\u015fen 10<\/td>\n<td>Pazar B\u00fcy\u00fckl\u00fc\u011f\u00fc<\/td>\n<\/tr>\n<tr>\n<td><em>Inovasyon Ekosistemi<\/em><\/td>\n<td>Bile\u015fen 11<\/td>\n<td>\u0130\u015f D\u00fcnyas\u0131n\u0131n Dinamizmi<\/td>\n<td>Bile\u015fen 11<\/td>\n<td>\u0130\u015f D\u00fcnyas\u0131n\u0131n Yetkinli\u011fi<\/td>\n<\/tr>\n<tr>\n<td><\/td>\n<td>Bile\u015fen 12<\/td>\n<td>Inovasyon Kabiliyeti<\/td>\n<td>Bile\u015fen 12<\/td>\n<td>Inovasyon<\/td>\n<\/tr>\n<\/tbody>\n<\/table>\n<p>Tabloda da g\u00f6r\u00fcld\u00fc\u011f\u00fc gibi baz\u0131 bile\u015fenlerin isimleri de\u011fi\u015fmemi\u015f gibi g\u00f6z\u00fckse de, raporda daha \u00f6nceki senelerde kullan\u0131lm\u0131\u015f endekslerle KRE 4.0 aras\u0131nda \u00f6nemli kavramsal ve y\u00f6ntemsel farklar\u0131n bulundu\u011fu vurgulanm\u0131\u015ft\u0131r. Bunun yan\u0131 s\u0131ra ge\u00e7en senelerde farkl\u0131 \u00fclke kategorileri i\u00e7in bile\u015fenlere farkl\u0131 a\u011f\u0131rl\u0131klar kullan\u0131lm\u0131\u015f iken, bu sene t\u00fcm \u00fclkeler i\u00e7in ayn\u0131 a\u011f\u0131rl\u0131klar kullan\u0131lm\u0131\u015ft\u0131r. <strong><u>Bu nedenle bu seneki endeks sonu\u00e7lar\u0131n\u0131n ge\u00e7en seneler ile kar\u015f\u0131la\u015ft\u0131r\u0131lmas\u0131 m\u00fcmk\u00fcn de\u011fildir.<\/u><\/strong> Ancak, 2017 y\u0131l\u0131 KRR\u2019nin haz\u0131rlanmas\u0131nda kullan\u0131lan veriler yeni endeks i\u00e7inde yeniden yorumlanarak (\u2018backcasting\u2019) geriye d\u00f6n\u00fck olarak sadece 2017 y\u0131l\u0131 i\u00e7in KRE 4.0 hesaplanm\u0131\u015ft\u0131r.Dolay\u0131s\u0131yla KRE 4.0 sadece 2017 ve 2018 y\u0131llar\u0131 i\u00e7in mevcuttur.<\/p>\n<p><strong><em>Raporda vurgulanan temel bulgular \u015funlard\u0131r:<\/em><\/strong><\/p>\n<p><strong>&#8211; Rekabet\u00e7ilik \u00fclkeler aras\u0131nda s\u0131f\u0131r toplaml\u0131 oyun de\u011fildir. Her \u00fclke rekabet\u00e7ili\u011fe eri\u015febilir.<\/strong><\/p>\n<p><strong>&#8211; Mevcut durumda \u00fclkeler aras\u0131nda rekabet\u00e7ilik bak\u0131m\u0131ndan b\u00fcy\u00fck u\u00e7urumlar vard\u0131r ve bu u\u00e7urumlar\u0131n daha da b\u00fcy\u00fcme riski y\u00fcksektir. <\/strong><\/p>\n<p><strong>&#8211; 4. Sanayi Devrimi\u2019nde her ekonominin rekabet\u00e7ili\u011fe ula\u015fma olana\u011f\u0131 vard\u0131r.<\/strong><\/p>\n<p><strong>&#8211; Ekonomik s\u0131\u00e7rama yapabilmek i\u00e7in teknolojiyi bir kald\u0131ra\u00e7 olarak kullanabilme kabiliyeti \u00e7ok say\u0131da \u00fclkede s\u0131n\u0131rl\u0131 kalm\u0131\u015ft\u0131r. Bunun temel nedeni kurumlar, altyap\u0131 ve becerilerdeki yetersizliktir. <\/strong><\/p>\n<p><strong>&#8211; \u0130novasyonu te\u015fvik etmek i\u00e7in b\u00fct\u00fcnsel stratejiler gereklidir. Bir \u00e7ok \u00fclke bu stratejileri hayata ge\u00e7irmekte yetersiz kalmaktad\u0131r.<\/strong><\/p>\n<p><strong>&#8211; Rekabet\u00e7ili\u011fin temellerini g\u00fc\u00e7lendirmek \u015foklara kar\u015f\u0131 olan direnci y\u00fckseltir.<\/strong><\/p>\n<p><strong>&#8211; E\u015fitlik, s\u00fcrd\u00fcr\u00fclebilir kalk\u0131nma ve b\u00fcy\u00fcme hedeflerine ula\u015fabilmek i\u00e7in proaktif ve ileri g\u00f6r\u00fc\u015fl\u00fc \u00f6nderli\u011fe ihtiya\u00e7 vard\u0131r. <\/strong><\/p>\n<p>2018 K\u00fcresel Rekabet\u00e7ilik Raporu\u2019nun rekabet g\u00fcc\u00fc s\u0131ralamas\u0131nda yer alan 140 \u00fclke aras\u0131nda ilk \u00fc\u00e7 s\u0131ray\u0131 bu sene ABD, Singapur ve Almanya ald\u0131. Rekabet g\u00fcc\u00fc s\u0131ralamas\u0131ndaki ilk 10 \u00fclke ise a\u015fa\u011f\u0131daki gibidir:<\/p>\n<table>\n<tbody>\n<tr>\n<td><strong>\u0130lk 10 \u00dclke<\/strong><\/td>\n<td><strong>K\u00fcresel Rekabet\u00e7ilik Endeksi 4.0\u2019a G\u00f6re 2018 S\u0131ralamas\u0131<\/strong><\/td>\n<td><strong>K\u00fcresel Rekabet\u00e7ilik Endeksi 4.0\u2019aG\u00f6re 2017 S\u0131ralamas\u0131<\/strong><\/td>\n<\/tr>\n<tr>\n<td>ABD<\/td>\n<td>1<\/td>\n<td>1<\/td>\n<\/tr>\n<tr>\n<td>Singapur<\/td>\n<td>2<\/td>\n<td>2<\/td>\n<\/tr>\n<tr>\n<td>Almanya<\/td>\n<td>3<\/td>\n<td>3<\/td>\n<\/tr>\n<tr>\n<td>\u0130svi\u00e7re<\/td>\n<td>4<\/td>\n<td>4<\/td>\n<\/tr>\n<tr>\n<td>Japonya<\/td>\n<td>5<\/td>\n<td>8<\/td>\n<\/tr>\n<tr>\n<td>Hollanda<\/td>\n<td>6<\/td>\n<td>5<\/td>\n<\/tr>\n<tr>\n<td>Hong Kong<\/td>\n<td>7<\/td>\n<td>7<\/td>\n<\/tr>\n<tr>\n<td>\u0130ngiltere<\/td>\n<td>8<\/td>\n<td>6<\/td>\n<\/tr>\n<tr>\n<td>\u0130sve\u00e7<\/td>\n<td>9<\/td>\n<td>9<\/td>\n<\/tr>\n<tr>\n<td>Danimarka<\/td>\n<td>10<\/td>\n<td>11<\/td>\n<\/tr>\n<\/tbody>\n<\/table>\n<p>Daha \u00f6nceki endekse k\u0131yasla, KRE 4.0\u2019a g\u00f6re 1. s\u0131ray\u0131 2017 i\u00e7in \u0130svi\u00e7re de\u011fil ABD alm\u0131\u015ft\u0131r ve s\u0131ras\u0131n\u0131 2018 y\u0131l\u0131nda da korumu\u015ftur. 7 bile\u015fende ilk \u00fc\u00e7 s\u0131rada ve i\u015f d\u00fcnyas\u0131n\u0131n dinamizmi, i\u015fg\u00fcc\u00fc piyasas\u0131 ve mali sistem bile\u015fenlerinde birinci s\u0131rada olmas\u0131 ABD\u2019nin s\u0131ralamadaki yerini etkilemi\u015ftir.<\/p>\n<p>Singapur, Almanya ve \u0130svi\u00e7re ge\u00e7en seneki yerlerini korumu\u015f, Japonya ise 2017 s\u0131ralamas\u0131na g\u00f6re \u00fc\u00e7 basamak ilerleyerek 5. s\u0131raya oturmu\u015ftur. Bu Japonya\u2019y\u0131 en b\u00fcy\u00fck 10 ekonomi aras\u0131ndan en fazla ilerleme g\u00f6steren ekonomi yapm\u0131\u015ft\u0131r.<\/p>\n<p>Hong Kong 2017 s\u0131ramas\u0131na g\u00f6re yerini korurken, \u0130ngiltere iki basamak geriliyerek 8. s\u0131raya oturmu\u015ftur. Bu s\u0131ralamay\u0131, bilgi ve ileti\u015fim teknolojileri bile\u015fenindeki di\u011fer b\u00fcy\u00fck \u00fclkelere g\u00f6re geri (28. s\u0131ra) olmas\u0131 etkilemi\u015ftir. Ayr\u0131ca Brexit ba\u015fka etkilerinin yan\u0131 s\u0131ra, AB ile olan entegrasyonu geri \u00e7ektik\u00e7e, \u0130ngiltere\u2019nin \u201cpazarlar\u201d kategorisinde de olumsuz bir etki yaratacakt\u0131r.<\/p>\n<p>Baz\u0131 di\u011fer b\u00fcy\u00fck \u00fclkelere bak\u0131ld\u0131\u011f\u0131nda i\u015f kanunlar\u0131nda ve kamu hizmetlerinde kapsaml\u0131 reformlar yapm\u0131\u015f olan Fransa, 2017\u2019ye g\u00f6re bir basamak ilerleyerek 17. s\u0131raya yerle\u015fmi\u015ftir. GSY\u0130H\u2019si %1,5 ile 2008 krizinden bu yana en fazla b\u00fcy\u00fcyen \u0130talya ise, 31. s\u0131rada yer alm\u0131\u015ft\u0131r.<\/p>\n<p>BRICS \u00fclkelerinden en y\u00fcksek s\u0131ralamay\u0131 ge\u00e7en seneki yerini koruyarak 28. s\u0131raya yerle\u015fen \u00c7in alm\u0131\u015ft\u0131r. Rusya 2 basamak ilerleyerek 43. s\u0131raya, Brezilya ise 3 basamak gerileyerek 72. s\u0131raya yerle\u015fmi\u015ftir. Hindistan 2017\u2019deki s\u0131ralamas\u0131ndan 5 basamak ilerleyerek 58. s\u0131rada yer alm\u0131\u015ft\u0131r. G\u00fcney Afrika ise 5 basamak gerileyerek 67. s\u0131raya oturmu\u015ftur.<\/p>\n<p><strong>T\u00fcrkiye De\u011ferlendirmesi: <\/strong><\/p>\n<p>Raporda T\u00fcrkiye ile ilgili de\u011ferlendirmeye gelince, T\u00fcrkiye\u2019nin 2018 itibariyle, ki\u015fi ba\u015f\u0131na d\u00fc\u015fen 10512,0 ABD dolarl\u0131k bir gelire, T\u00fcrkiye\u2019nin GSY\u0130H\u2019sinin d\u00fcnya toplam\u0131nda %1,71\u2019lik bir paya sahip oldu\u011fu hat\u0131rlat\u0131lmaktad\u0131r. 10 y\u0131ll\u0131k ortalama GSY\u0130H b\u00fcy\u00fcmesi %4,8 olmu\u015ftur. \u0130\u015fsizlik oran\u0131 %11,3 ve 5 y\u0131ll\u0131k ortalama dolays\u0131z d\u0131\u015f yat\u0131r\u0131m GSY\u0130H\u2019sinin %1,5\u2019idir.<\/p>\n<p>2018 d\u00f6nemi K\u00fcresel Rekabet\u00e7ilik Endeksi hesaplamalar\u0131na g\u00f6re, T\u00fcrkiye 140 \u00fclke aras\u0131ndan 61. s\u0131raya gerilemi\u015ftir. T\u00fcrkiye, 2017\u2019de ise KRE 4.0\u2019ya g\u00f6re 58. s\u0131rada idi.<\/p>\n<p>G\u00f6receli olarak T\u00fcrkiye\u2019nin iyi performans g\u00f6sterdi\u011fi bile\u015fenler <strong>altyap\u0131<\/strong> (72,6 puan), <strong>halk sa\u011fl\u0131\u011f\u0131<\/strong> (86,2 puan) ve <strong>inovasyon ekosistemidir<\/strong> (50,6 puan). Rapor T\u00fcrkiye\u2019deki g\u00fc\u00e7l\u00fc ara\u015ft\u0131rma kurumlar\u0131 ve yay\u0131nlama performans\u0131yla inovasyon puan\u0131n\u0131n y\u00fcksek olmas\u0131na ra\u011fmen (19. s\u0131ra), giri\u015fimcilik ve pazar i\u015fle\u015fiyinde olan sorunlardan dolay\u0131, \u00fcretilen fikirlerin de\u011fere d\u00f6n\u00fc\u015fmesinde \u00f6nemli k\u0131s\u0131tlarla kar\u015f\u0131la\u015f\u0131ld\u0131\u011f\u0131 vurgusu yap\u0131lm\u0131\u015ft\u0131r.<\/p>\n<p>\u00d6te yandan, T\u00fcrkiye\u2019nin y\u00fcksek enflasyon ve olumsuz bor\u00e7 dinamikleri ile bo\u011fu\u015ftu\u011fu vurgulanm\u0131\u015f, ABD\u2019nin uygulad\u0131\u011f\u0131 ticari yapt\u0131r\u0131mlar\u0131n tetikledi\u011fi d\u00f6viz krizinin T\u00fcrkiye\u2019nin makroekonomik ortam bile\u015fenini olumsuz etkiledi\u011fi belirtilmi\u015ftir: T\u00fcrkiye <strong>makroekonomik ortam<\/strong> bile\u015feninde 67 puanla 116. s\u0131radad\u0131r.<\/p>\n<p>Ayr\u0131ca T\u00fcrkiye, 12 bile\u015fenin 11\u2019inde Avrupa ve Kuzey Amerika ortalamas\u0131n\u0131n gerisindedir. \u0130leri oldu\u011fu bile\u015fen 13. s\u0131rada oldu\u011fu <strong>pazar b\u00fcy\u00fckl\u00fc\u011f\u00fc<\/strong> bile\u015fenidir.<\/p>\n<p>Raporda T\u00fcrkiye\u2019nin i\u015fg\u00fcc\u00fc piyasas\u0131 bile\u015fenindeki s\u0131ralamas\u0131n\u0131n da d\u00fc\u015f\u00fck oldu\u011funa dikkat \u00e7ekilmi\u015ftir. \u00d6zellikle, i\u015f\u00e7i-i\u015fveren ili\u015fkilerindeki kat\u0131l\u0131k (113. S\u0131ra), s\u00f6zle\u015fmeler (112. s\u0131ra ve \u00f6zellikle i\u015ften \u00e7\u0131kartma maliyetleri kaleminde 46,3 puan ile) ve meritokrasi (116. s\u0131ra) bile\u015fenlerindeki d\u00fc\u015f\u00fck s\u0131ralamas\u0131 dikkate de\u011ferdir. Kad\u0131nlar\u0131n i\u015fg\u00fcc\u00fc piyasas\u0131na kat\u0131l\u0131m\u0131 \u00f6zellikle d\u00fc\u015f\u00fckt\u00fcr. Her \u00e7al\u0131\u015fan 100 erke\u011fe kar\u015f\u0131l\u0131k 39 kad\u0131n i\u015fg\u00fcc\u00fc piyasas\u0131nda temsil edilmektedir. A\u015fa\u011f\u0131daki tablo, K\u00fcresel Rekabet\u00e7ilik Endeksi\u2019nin hesaplanmas\u0131nda kullan\u0131lan ana bile\u015fenlerde T\u00fcrkiye\u2019nin yerini g\u00f6stermektedir.<\/p>\n<table>\n<tbody>\n<tr>\n<td><strong><em>K\u00fcresel Rekabet\u00e7ilik Endeksi 4.0 Bile\u015feni<\/em><\/strong><\/td>\n<td><strong><em>140 \u00fclke aras\u0131nda T\u00fcrkiye\u2019nin s\u0131ralamas\u0131 (2018)<\/em><\/strong><\/td>\n<td><strong><em>140 \u00fclke aras\u0131nda T\u00fcrkiye\u2019nin s\u0131ralamas\u0131 (2017)<\/em><\/strong><\/td>\n<\/tr>\n<tr>\n<td><strong>Kurumsal Yap\u0131lanma<\/strong><\/td>\n<td>71<\/td>\n<td>76<\/td>\n<\/tr>\n<tr>\n<td><strong>Altyap\u0131<\/strong><\/td>\n<td>50<\/td>\n<td>48<\/td>\n<\/tr>\n<tr>\n<td><strong>Bilgi ve \u0130leti\u015fim Teknolojileri<\/strong><\/td>\n<td>71<\/td>\n<td>70<\/td>\n<\/tr>\n<tr>\n<td><strong>Makroekonomik Ortam<\/strong><\/td>\n<td>116<\/td>\n<td>104<\/td>\n<\/tr>\n<tr>\n<td><strong>Sa\u011fl\u0131k<\/strong><\/td>\n<td>48<\/td>\n<td>48<\/td>\n<\/tr>\n<tr>\n<td><strong>Beceriler<\/strong><\/td>\n<td>77<\/td>\n<td>76<\/td>\n<\/tr>\n<tr>\n<td><strong>Mal Piyasas\u0131<\/strong><\/td>\n<td>76<\/td>\n<td>50<\/td>\n<\/tr>\n<tr>\n<td><strong>\u0130\u015fg\u00fcc\u00fc Piyasas\u0131<\/strong><\/td>\n<td>111<\/td>\n<td>114<\/td>\n<\/tr>\n<tr>\n<td><strong>Mali Sistem<\/strong><\/td>\n<td>65<\/td>\n<td>60<\/td>\n<\/tr>\n<tr>\n<td><strong>Pazar B\u00fcy\u00fckl\u00fc\u011f\u00fc<\/strong><\/td>\n<td>13<\/td>\n<td>14<\/td>\n<\/tr>\n<tr>\n<td><strong>\u0130\u015f D\u00fcnyas\u0131n\u0131n Dinamizmi<\/strong><\/td>\n<td>76<\/td>\n<td>85<\/td>\n<\/tr>\n<tr>\n<td><strong>\u0130novasyon Kabiliyeti<\/strong><\/td>\n<td>47<\/td>\n<td>47<\/td>\n<\/tr>\n<\/tbody>\n<\/table>\n<p><\/p>","protected":false},"excerpt":{"rendered":"<p>Sorry, this entry is only available in Turkish. For the sake of viewer convenience, the content is shown below in the alternative language. You may click the link to switch the active language.\u0130svi\u00e7re\u2019de yerle\u015fik olan D\u00fcnya Ekonomik Forumu\u2019nun (DEF) 2018 K\u00fcresel Rekabet\u00e7ilik Raporu (KRR) yay\u0131nlanm\u0131\u015ft\u0131r. Raporda \u00fclkelerin rekabet g\u00fcc\u00fc s\u0131ralamalar\u0131nda ilk kez bu y\u0131l yay\u0131nlanan [&hellip;]<\/p>\n","protected":false},"author":1,"featured_media":80553,"comment_status":"open","ping_status":"open","sticky":false,"template":"","format":"standard","meta":[],"categories":[53],"tags":[40243,20214,1979,67,1009,40246,40244,40245,40242],"views":1634,"_links":{"self":[{"href":"https:\/\/www.enerjigazetesi.ist\/en\/wp-json\/wp\/v2\/posts\/80552"}],"collection":[{"href":"https:\/\/www.enerjigazetesi.ist\/en\/wp-json\/wp\/v2\/posts"}],"about":[{"href":"https:\/\/www.enerjigazetesi.ist\/en\/wp-json\/wp\/v2\/types\/post"}],"author":[{"embeddable":true,"href":"https:\/\/www.enerjigazetesi.ist\/en\/wp-json\/wp\/v2\/users\/1"}],"replies":[{"embeddable":true,"href":"https:\/\/www.enerjigazetesi.ist\/en\/wp-json\/wp\/v2\/comments?post=80552"}],"version-history":[{"count":2,"href":"https:\/\/www.enerjigazetesi.ist\/en\/wp-json\/wp\/v2\/posts\/80552\/revisions"}],"predecessor-version":[{"id":80555,"href":"https:\/\/www.enerjigazetesi.ist\/en\/wp-json\/wp\/v2\/posts\/80552\/revisions\/80555"}],"wp:featuredmedia":[{"embeddable":true,"href":"https:\/\/www.enerjigazetesi.ist\/en\/wp-json\/wp\/v2\/media\/80553"}],"wp:attachment":[{"href":"https:\/\/www.enerjigazetesi.ist\/en\/wp-json\/wp\/v2\/media?parent=80552"}],"wp:term":[{"taxonomy":"category","embeddable":true,"href":"https:\/\/www.enerjigazetesi.ist\/en\/wp-json\/wp\/v2\/categories?post=80552"},{"taxonomy":"post_tag","embeddable":true,"href":"https:\/\/www.enerjigazetesi.ist\/en\/wp-json\/wp\/v2\/tags?post=80552"}],"curies":[{"name":"wp","href":"https:\/\/api.w.org\/{rel}","templated":true}]}}