{"id":80482,"date":"2018-10-16T13:47:43","date_gmt":"2018-10-16T10:47:43","guid":{"rendered":"https:\/\/www.enerjigazetesi.ist\/?p=80482"},"modified":"2018-10-16T14:04:07","modified_gmt":"2018-10-16T11:04:07","slug":"iklim-degisikliginin-yikici-etkisini-engelleyebilecek-son-yillar-icindeyiz","status":"publish","type":"post","link":"https:\/\/www.enerjigazetesi.ist\/en\/iklim-degisikliginin-yikici-etkisini-engelleyebilecek-son-yillar-icindeyiz\/","title":{"rendered":"(Turkish) &#8221;\u0130klim De\u011fi\u015fikli\u011finin Y\u0131k\u0131c\u0131 Etkisini Engelleyebilecek Son Y\u0131llar \u0130\u00e7indeyiz&#8221;"},"content":{"rendered":"<p class=\"qtranxs-available-languages-message qtranxs-available-languages-message-en\">Sorry, this entry is only available in <a href=\"https:\/\/www.enerjigazetesi.ist\/tr\/wp-json\/wp\/v2\/posts\/80482\" class=\"qtranxs-available-language-link qtranxs-available-language-link-tr\" title=\"Turkish\">Turkish<\/a>. For the sake of viewer convenience, the content is shown below in the alternative language. You may click the link to switch the active language.<\/p><p><strong>2030 y\u0131l\u0131na kadar sal\u0131mlar\u0131n \u00e7ok h\u0131zl\u0131 \u015fekilde gerilemesi gerekiyor.\u00a0H\u00fck\u00fcmetleraras\u0131 \u0130klim De\u011fi\u015fikli\u011fi Paneli (IPCC) \u201dK\u00fcresel Is\u0131nma 1,5 Derece \u00d6zel Raporu\u201d ba\u015fl\u0131kl\u0131 \u00e7al\u0131\u015fmas\u0131n\u0131 yay\u0131nlad\u0131.<\/strong><\/p>\n<p>41 \u00fclkeden 90 uzman\u0131n kat\u0131l\u0131m\u0131yla \u00fc\u00e7 y\u0131ldan fazla s\u00fcren \u00e7al\u0131\u015fma ile haz\u0131rlanan raporda k\u00fcresel s\u0131cakl\u0131k art\u0131\u015f\u0131n\u0131n, sanayile\u015fme \u00f6ncesine g\u00f6re 1 derece artt\u0131\u011f\u0131 ve art\u0131\u015f e\u011filiminin ciddi bir boyutta devam etti\u011fini vurguluyor.<\/p>\n<p><img loading=\"lazy\" class=\"alignright wp-image-80483 size-medium\" src=\"https:\/\/www.enerjigazetesi.ist\/wp-content\/uploads\/2018\/10\/iklim-degisikliginin-yikici-etkisini-engelleyebilecek-son-yillar-icindeyiz1-300x200.jpg\" alt=\"\" width=\"300\" height=\"200\" srcset=\"https:\/\/www.enerjigazetesi.ist\/wp-content\/uploads\/2018\/10\/iklim-degisikliginin-yikici-etkisini-engelleyebilecek-son-yillar-icindeyiz1-300x200.jpg 300w, https:\/\/www.enerjigazetesi.ist\/wp-content\/uploads\/2018\/10\/iklim-degisikliginin-yikici-etkisini-engelleyebilecek-son-yillar-icindeyiz1-768x512.jpg 768w, https:\/\/www.enerjigazetesi.ist\/wp-content\/uploads\/2018\/10\/iklim-degisikliginin-yikici-etkisini-engelleyebilecek-son-yillar-icindeyiz1-500x334.jpg 500w, https:\/\/www.enerjigazetesi.ist\/wp-content\/uploads\/2018\/10\/iklim-degisikliginin-yikici-etkisini-engelleyebilecek-son-yillar-icindeyiz1-75x50.jpg 75w, https:\/\/www.enerjigazetesi.ist\/wp-content\/uploads\/2018\/10\/iklim-degisikliginin-yikici-etkisini-engelleyebilecek-son-yillar-icindeyiz1.jpg 1000w\" sizes=\"(max-width: 300px) 100vw, 300px\" \/>\u00c7al\u0131\u015fmaya g\u00f6re art\u0131\u015f d\u00fczeyi \u015fu anki e\u011filim ile 2030 y\u0131l\u0131nda 1,5 dereceye ula\u015fm\u0131\u015f olacak. \u00dclke y\u00f6netimlerinin 2015 y\u0131l\u0131nda kabul edilen Paris \u0130klim Anla\u015fmas\u0131\u2019ndaki taahh\u00fctlerinin tamam\u0131n\u0131 yerine getirse dahi 2 derecelik art\u0131\u015fa da ula\u015fabilecek oldu\u011fu g\u00f6r\u00fcl\u00fcyor.<\/p>\n<p>Rapora g\u00f6re bu olumsuz duruma ra\u011fmen t\u00fcm\u00a0 bu k\u00f6t\u00fcye gidi\u015f teknik olarak halen s\u0131n\u0131rland\u0131r\u0131labilir. Ancak bunun i\u00e7in toplumlar\u0131n t\u00fcm kesimlerinin kat\u0131l\u0131m\u0131yla, geni\u015f kapsaml\u0131 ve \u00e7ok h\u0131zl\u0131 ad\u0131mlar at\u0131lmas\u0131 gerekmektedir.<\/p>\n<p>Rapora g\u00f6re 1,5 derecelik bir art\u0131\u015f dahi d\u00fcnyadaki deniz seviyelerinin y\u00fckselmesine, biyo\u00e7e\u015fitlili\u011fin azalmas\u0131na, a\u015f\u0131r\u0131 iklim olaylar\u0131na ve s\u0131cak dalgalar\u0131n\u0131n daha s\u0131k ve yo\u011fun ya\u015fanmas\u0131na neden olacakt\u0131r. 2 derecelik bir art\u0131\u015fta ise, d\u00fcnyan\u0131n eko sistemi \u00fczerinden daha y\u0131k\u0131c\u0131 etkiler g\u00f6r\u00fclecek ve milyonlarca insan bu etkilerden daha k\u00f6t\u00fc derecede etkilenecek ve ve bu insanlar \u00e7ok ciddi derecelerde fakirle\u015fecek.<\/p>\n<p>\u00c7al\u0131\u015fmaya g\u00f6re k\u00fcresel \u0131s\u0131nmay\u0131 1,5 derece ile s\u0131n\u0131rland\u0131rmak i\u00e7in 2030 y\u0131l\u0131ndaki sera gaz\u0131 emisyonlar\u0131n\u0131n 2010 seviyesine g\u00f6re %45 d\u00fczeyinde indirilmesi, 2050 y\u0131l\u0131nda ise s\u0131f\u0131ra \u00e7ekilmesi gerekmektedir.<\/p>\n<p>2 derecelik s\u0131n\u0131r i\u00e7in ise 2030\u2019a kadar indirilmesi gereken y\u0131ll\u0131k emisyon miktar\u0131 y\u00fczde 20 iken, s\u0131f\u0131r emisyon i\u00e7in son tarih 2075 olarak g\u00f6r\u00fcl\u00fcyor..<\/p>\n<p>1,5 derece s\u0131n\u0131r hedefi i\u00e7in 2030 y\u0131l\u0131na kadar her y\u0131l k\u00fcresel gayri safi has\u0131lan\u0131n %2,5\u2019unun karbon azalt\u0131m amac\u0131 ile kullan\u0131lmas\u0131 gerekiyor.<\/p>\n<p>Ayr\u0131ca 2050 y\u0131l\u0131 k\u00fcresel elektrik \u00fcretiminin %85 oran\u0131nda yenilenebilir kaynaklardan sa\u011flanmal\u0131, elektrik \u00fcretiminde k\u00f6m\u00fcr kullan\u0131m\u0131n\u0131n da ayn\u0131 tarihte s\u0131f\u0131ra inmesi gerekmektedir.<\/p>\n<p>\u00d6zge G\u00dcZEN &#8211;\u00a0Elektrik Elektronik M\u00fchendis &#8211; Yenilenebilir Enerji Y\u00fcksek Lisans<\/p>","protected":false},"excerpt":{"rendered":"<p>Sorry, this entry is only available in Turkish. For the sake of viewer convenience, the content is shown below in the alternative language. You may click the link to switch the active language.2030 y\u0131l\u0131na kadar sal\u0131mlar\u0131n \u00e7ok h\u0131zl\u0131 \u015fekilde gerilemesi gerekiyor.\u00a0H\u00fck\u00fcmetleraras\u0131 \u0130klim De\u011fi\u015fikli\u011fi Paneli (IPCC) \u201dK\u00fcresel Is\u0131nma 1,5 Derece \u00d6zel Raporu\u201d ba\u015fl\u0131kl\u0131 \u00e7al\u0131\u015fmas\u0131n\u0131 yay\u0131nlad\u0131. 41 [&hellip;]<\/p>\n","protected":false},"author":1,"featured_media":80483,"comment_status":"open","ping_status":"open","sticky":false,"template":"","format":"standard","meta":[],"categories":[53,52],"tags":[40187,67,1009,1776,1999,4522,1471,11614,39910,2246,39911],"views":892,"_links":{"self":[{"href":"https:\/\/www.enerjigazetesi.ist\/en\/wp-json\/wp\/v2\/posts\/80482"}],"collection":[{"href":"https:\/\/www.enerjigazetesi.ist\/en\/wp-json\/wp\/v2\/posts"}],"about":[{"href":"https:\/\/www.enerjigazetesi.ist\/en\/wp-json\/wp\/v2\/types\/post"}],"author":[{"embeddable":true,"href":"https:\/\/www.enerjigazetesi.ist\/en\/wp-json\/wp\/v2\/users\/1"}],"replies":[{"embeddable":true,"href":"https:\/\/www.enerjigazetesi.ist\/en\/wp-json\/wp\/v2\/comments?post=80482"}],"version-history":[{"count":2,"href":"https:\/\/www.enerjigazetesi.ist\/en\/wp-json\/wp\/v2\/posts\/80482\/revisions"}],"predecessor-version":[{"id":80485,"href":"https:\/\/www.enerjigazetesi.ist\/en\/wp-json\/wp\/v2\/posts\/80482\/revisions\/80485"}],"wp:featuredmedia":[{"embeddable":true,"href":"https:\/\/www.enerjigazetesi.ist\/en\/wp-json\/wp\/v2\/media\/80483"}],"wp:attachment":[{"href":"https:\/\/www.enerjigazetesi.ist\/en\/wp-json\/wp\/v2\/media?parent=80482"}],"wp:term":[{"taxonomy":"category","embeddable":true,"href":"https:\/\/www.enerjigazetesi.ist\/en\/wp-json\/wp\/v2\/categories?post=80482"},{"taxonomy":"post_tag","embeddable":true,"href":"https:\/\/www.enerjigazetesi.ist\/en\/wp-json\/wp\/v2\/tags?post=80482"}],"curies":[{"name":"wp","href":"https:\/\/api.w.org\/{rel}","templated":true}]}}