{"id":80422,"date":"2018-10-15T10:58:49","date_gmt":"2018-10-15T07:58:49","guid":{"rendered":"https:\/\/www.enerjigazetesi.ist\/?p=80422"},"modified":"2018-10-15T10:58:49","modified_gmt":"2018-10-15T07:58:49","slug":"sanliurfada-gunes-enerjisine-yatirim-mujdesi","status":"publish","type":"post","link":"https:\/\/www.enerjigazetesi.ist\/en\/sanliurfada-gunes-enerjisine-yatirim-mujdesi\/","title":{"rendered":"(Turkish) \u015eanl\u0131urfa\u2019da G\u00fcne\u015f Enerjisine Yat\u0131r\u0131m M\u00fcjdesi!"},"content":{"rendered":"<p class=\"qtranxs-available-languages-message qtranxs-available-languages-message-en\">Sorry, this entry is only available in <a href=\"https:\/\/www.enerjigazetesi.ist\/tr\/wp-json\/wp\/v2\/posts\/80422\" class=\"qtranxs-available-language-link qtranxs-available-language-link-tr\" title=\"Turkish\">Turkish<\/a>. For the sake of viewer convenience, the content is shown below in the alternative language. You may click the link to switch the active language.<\/p><p><strong>Enerji t\u00fcketimindeki b\u00fcy\u00fcme, h\u0131zla geli\u015fmekte olan \u00fclkemizin ekonomisini olduk\u00e7a etkiliyor. 2040 y\u0131l\u0131na kadar d\u00fcnyadaki enerji pazar\u0131n\u0131n h\u0131zla b\u00fcy\u00fcyece\u011fi d\u00fc\u015f\u00fcn\u00fcl\u00fcyor. Bu d\u00fc\u015f\u00fcnce ile birlikte \u00fclkemizin de bu pazara katk\u0131da bulunarak enerji talebini kar\u015f\u0131lamada rol oynayaca\u011f\u0131 \u00f6ng\u00f6r\u00fclmektedir.<\/strong><\/p>\n<p>\u00dclkemizde zaman i\u00e7inde enerji santrallerinin toplam \u00fcretimindeki pay\u0131n\u0131n artaca\u011f\u0131, ithal yak\u0131tlar\u0131n ve fosil yak\u0131tlar\u0131n\u0131n pay\u0131n\u0131n d\u00fc\u015fece\u011fi, enerjide d\u0131\u015fa ba\u011f\u0131ml\u0131l\u0131\u011f\u0131m\u0131z\u0131n azalaca\u011f\u0131 ula\u015f\u0131lmak istenen politikalar <img loading=\"lazy\" class=\"alignleft size-medium wp-image-80423\" src=\"https:\/\/www.enerjigazetesi.ist\/wp-content\/uploads\/2018\/10\/sanliurfada-gunes-enerjisine-yatirim-mujdesi-300x169.jpg\" alt=\"\" width=\"300\" height=\"169\" srcset=\"https:\/\/www.enerjigazetesi.ist\/wp-content\/uploads\/2018\/10\/sanliurfada-gunes-enerjisine-yatirim-mujdesi-300x169.jpg 300w, https:\/\/www.enerjigazetesi.ist\/wp-content\/uploads\/2018\/10\/sanliurfada-gunes-enerjisine-yatirim-mujdesi-768x432.jpg 768w, https:\/\/www.enerjigazetesi.ist\/wp-content\/uploads\/2018\/10\/sanliurfada-gunes-enerjisine-yatirim-mujdesi-500x281.jpg 500w, https:\/\/www.enerjigazetesi.ist\/wp-content\/uploads\/2018\/10\/sanliurfada-gunes-enerjisine-yatirim-mujdesi-80x45.jpg 80w, https:\/\/www.enerjigazetesi.ist\/wp-content\/uploads\/2018\/10\/sanliurfada-gunes-enerjisine-yatirim-mujdesi.jpg 864w\" sizes=\"(max-width: 300px) 100vw, 300px\" \/>aras\u0131ndad\u0131r. \u00dclkemizde yenilenebilir enerji kaynaklar\u0131na talebin artmas\u0131n\u0131 sa\u011flamak amac\u0131yla yap\u0131lan GES yat\u0131r\u0131m maliyetlerinin d\u00fc\u015f\u00fcr\u00fclmesi sa\u011flanarak yerli enerji \u00fcretim te\u015fviki sa\u011flanm\u0131\u015f oldu.<\/p>\n<p>T\u00fcrkiye\u2019nin do\u011falgaz\u0131 b\u00fcy\u00fck oranda ithal, fosil yak\u0131tlar\u0131 s\u0131n\u0131rl\u0131, linyit k\u00f6m\u00fcr\u00fc d\u00fc\u015f\u00fck kalorifik de\u011ferde fakat t\u00fcm bu olumsuzluklara ra\u011fmen m\u00fcthi\u015f bir g\u00fcne\u015f enerjisi potansiyelimiz var. Bu potansiyele y\u00fcksek oranda sahip olan illerimizde biri olan \u015eanl\u0131urfa\u2019da g\u00fcne\u015f enerjisine 500 milyonluk dev yat\u0131r\u0131m yap\u0131larak b\u00fcy\u00fck bir ad\u0131m at\u0131lm\u0131\u015f oldu. \u015eanl\u0131urfa b\u00f6lge \u00e7ift\u00e7isinin g\u00fcne\u015ften alaca\u011f\u0131 elektrik enerjisini verimli topraklarla bulu\u015fturmas\u0131n\u0131 kolayla\u015ft\u0131racak. Ayr\u0131ca bu yat\u0131r\u0131m\u0131n \u015eanl\u0131urfa ve \u00e7evresindeki halka ciddi bir istihdam kap\u0131s\u0131 olaca\u011f\u0131 \u00f6ng\u00f6r\u00fcl\u00fcyor.<\/p>\n<p>Merve Karaku\u015f \u2013 Enerji Sistemleri M\u00fchendisi \u2013\u00a0mervekarakus34@gmail.com<\/p>","protected":false},"excerpt":{"rendered":"<p>Sorry, this entry is only available in Turkish. For the sake of viewer convenience, the content is shown below in the alternative language. You may click the link to switch the active language.Enerji t\u00fcketimindeki b\u00fcy\u00fcme, h\u0131zla geli\u015fmekte olan \u00fclkemizin ekonomisini olduk\u00e7a etkiliyor. 2040 y\u0131l\u0131na kadar d\u00fcnyadaki enerji pazar\u0131n\u0131n h\u0131zla b\u00fcy\u00fcyece\u011fi d\u00fc\u015f\u00fcn\u00fcl\u00fcyor. Bu d\u00fc\u015f\u00fcnce ile birlikte [&hellip;]<\/p>\n","protected":false},"author":1,"featured_media":80423,"comment_status":"open","ping_status":"open","sticky":false,"template":"","format":"standard","meta":[],"categories":[53,49],"tags":[67,1009,35038,29013,23416,35039,23133,23131,2097],"views":785,"_links":{"self":[{"href":"https:\/\/www.enerjigazetesi.ist\/en\/wp-json\/wp\/v2\/posts\/80422"}],"collection":[{"href":"https:\/\/www.enerjigazetesi.ist\/en\/wp-json\/wp\/v2\/posts"}],"about":[{"href":"https:\/\/www.enerjigazetesi.ist\/en\/wp-json\/wp\/v2\/types\/post"}],"author":[{"embeddable":true,"href":"https:\/\/www.enerjigazetesi.ist\/en\/wp-json\/wp\/v2\/users\/1"}],"replies":[{"embeddable":true,"href":"https:\/\/www.enerjigazetesi.ist\/en\/wp-json\/wp\/v2\/comments?post=80422"}],"version-history":[{"count":1,"href":"https:\/\/www.enerjigazetesi.ist\/en\/wp-json\/wp\/v2\/posts\/80422\/revisions"}],"predecessor-version":[{"id":80424,"href":"https:\/\/www.enerjigazetesi.ist\/en\/wp-json\/wp\/v2\/posts\/80422\/revisions\/80424"}],"wp:featuredmedia":[{"embeddable":true,"href":"https:\/\/www.enerjigazetesi.ist\/en\/wp-json\/wp\/v2\/media\/80423"}],"wp:attachment":[{"href":"https:\/\/www.enerjigazetesi.ist\/en\/wp-json\/wp\/v2\/media?parent=80422"}],"wp:term":[{"taxonomy":"category","embeddable":true,"href":"https:\/\/www.enerjigazetesi.ist\/en\/wp-json\/wp\/v2\/categories?post=80422"},{"taxonomy":"post_tag","embeddable":true,"href":"https:\/\/www.enerjigazetesi.ist\/en\/wp-json\/wp\/v2\/tags?post=80422"}],"curies":[{"name":"wp","href":"https:\/\/api.w.org\/{rel}","templated":true}]}}