{"id":80368,"date":"2020-05-02T13:17:31","date_gmt":"2020-05-02T10:17:31","guid":{"rendered":"https:\/\/www.enerjigazetesi.ist\/?p=80368"},"modified":"2020-05-02T13:21:59","modified_gmt":"2020-05-02T10:21:59","slug":"gunumuz-ekonomi-kosullarinda-isletmelerin-enerji-maliyetleri-nasil-azaltilir","status":"publish","type":"post","link":"https:\/\/www.enerjigazetesi.ist\/en\/gunumuz-ekonomi-kosullarinda-isletmelerin-enerji-maliyetleri-nasil-azaltilir\/","title":{"rendered":"(Turkish) G\u00fcn\u00fcm\u00fcz Ekonomisinde \u0130\u015fletmelerde Enerji Maliyetleri Nas\u0131l Azalt\u0131l\u0131r?"},"content":{"rendered":"<p class=\"qtranxs-available-languages-message qtranxs-available-languages-message-en\">Sorry, this entry is only available in <a href=\"https:\/\/www.enerjigazetesi.ist\/tr\/wp-json\/wp\/v2\/posts\/80368\" class=\"qtranxs-available-language-link qtranxs-available-language-link-tr\" title=\"Turkish\">Turkish<\/a>. For the sake of viewer convenience, the content is shown below in the alternative language. You may click the link to switch the active language.<\/p><p><\/p>\n<h1>T\u00fcrkiye&#8217;de elektrik enerjisi t\u00fcketiminde en b\u00fcy\u00fck pay sanayi kurulu\u015flar\u0131na aittir. Ayn\u0131 zamanda sanayide \u00fcretim maliyetlerinin b\u00fcy\u00fck b\u00f6l\u00fcm\u00fcn\u00fc \u00e7o\u011fu zaman enerji giderleri olu\u015fturmaktad\u0131r. \u0130\u015fletmelerimizde genellikle k\u00fc\u00e7\u00fck enerji tasarruflar\u0131 uygulayarak k\u0131sa vadede \u00e7\u00f6z\u00fcm aray\u0131\u015f\u0131na girmek yerine planl\u0131 bir \u015fekilde uzun vadeli \u00e7\u00f6z\u00fcmler sunarak kar elde etmek ve rekabet ko\u015fullar\u0131nda ciddi bir \u015fekilde avantaj kazanmak \u00fcretim potansiyelinizin artmas\u0131na sebep olur. Fakat enerji tasarrufu konusuna yaln\u0131zca &#8220;elektrik enerjisi&#8221; olarak d\u00fc\u015f\u00fcn\u00fclmemesi gerekir. \u00d6ncelikle uygulanmas\u0131 gereken aktif enerji tasarrufudur.<\/h1>\n<p><em>Sizde Enerji Verimlili\u011fi Uygulamalar\u0131yla birlikte Reaktif g\u00fc\u00e7 kompanzasyonu uygulamas\u0131 da yapt\u0131rarak\u00a0reaktif g\u00fc\u00e7 t\u00fcketimini d\u00fc\u015f\u00fcr\u00fcp daha kaliteli ve verimli enerji kullan\u0131m\u0131 elde etmek i\u00e7in\u00a0<strong>SD Enerji<\/strong>\u00a0ile ileti\u015fime ge\u00e7ebilirsiniz.<\/em><\/p>\n<p>Aktif enerji tasarrufu neredeyse t\u00fcm hayat\u0131m\u0131z\u0131n par\u00e7as\u0131 haline gelebilecek geni\u015flikte unsurlar i\u00e7erir. Akaryak\u0131ttan tutunda, yedi\u011fimiz ekme\u011fe\u00a0kadar b\u00fct\u00fcn her\u015fey &#8220;aktif enerji tasarrufu&#8221; konusunun i\u00e7inde yer al\u0131r ama ak\u0131ll\u0131ca kullan\u0131ld\u0131\u011f\u0131 zaman amac\u0131na ula\u015f\u0131lm\u0131\u015f olur. \u00d6rne\u011fin \u00a0bo\u015f bir odada a\u00e7\u0131k b\u0131rak\u0131lm\u0131\u015f <img loading=\"lazy\" class=\"alignright wp-image-80373 size-medium\" src=\"https:\/\/www.enerjigazetesi.ist\/wp-content\/uploads\/2018\/10\/01-5-300x134.jpg\" alt=\"\" width=\"300\" height=\"134\" srcset=\"https:\/\/www.enerjigazetesi.ist\/wp-content\/uploads\/2018\/10\/01-5-300x134.jpg 300w, https:\/\/www.enerjigazetesi.ist\/wp-content\/uploads\/2018\/10\/01-5-500x223.jpg 500w, https:\/\/www.enerjigazetesi.ist\/wp-content\/uploads\/2018\/10\/01-5-80x36.jpg 80w, https:\/\/www.enerjigazetesi.ist\/wp-content\/uploads\/2018\/10\/01-5.jpg 541w\" sizes=\"(max-width: 300px) 100vw, 300px\" \/>olan y\u00fcksek verimli bir ampul\u00fc d\u00fc\u015f\u00fcn\u00fcn. Kazan\u0131lan tek \u015fey, s\u0131radan bir\u00a0lamba kullan\u0131ld\u0131\u011f\u0131nda bo\u015fa gidecek enerjiden daha az enerjinin bo\u015fa gitmi\u015f olmas\u0131d\u0131r. Asl\u0131nda yap\u0131lmas\u0131 gereken ger\u00e7ek verimlili\u011fin sa\u011flanmas\u0131 ve s\u00fcrekli olmas\u0131n\u0131 sa\u011flayan \u00f6l\u00e7\u00fcm, izleme ve kontrol arac\u0131l\u0131\u011f\u0131 ile enerjinin verimli kullan\u0131m\u0131 sa\u011flanabilir. End\u00fcstride\u00a0elektrik motorlar\u0131\u00a0taraf\u0131ndan t\u00fcketilen g\u00fcc\u00fcn azalt\u0131lmas\u0131 ve bir fabrikada\u00a0elektrik enerjisi kullan\u0131m\u0131n\u0131n daha iyi kontrol\u00fc i\u00e7in kan\u0131tlanm\u0131\u015f sistemler vard\u0131r.\u00a0End\u00fcstride kullan\u0131lan elektrik enerjisinin \u00fc\u00e7te ikisi motorlar\u0131 \u00e7al\u0131\u015ft\u0131rmak i\u00e7in kullan\u0131lmaktad\u0131r. \u00c7o\u011fu \u00fclkede, end\u00fcstride kullan\u0131lan motorlar\u0131n\u00a0sadece %10&#8217;u\u00a0herhangi bir kontrole sahiptir,\u00a0yava\u015flat\u0131lamaz veya otomatik olarak kapat\u0131lamazlar. Motorlar, kompres\u00f6rler, fanlar vb. gibi, i\u015fletmelerde y\u00fcksek enerji harcayan elemanlar\u0131, inverter yard\u0131m\u0131yla h\u0131zlar\u0131n\u0131 kontrol alt\u0131na alarak istenilen h\u0131zda minimum enerji harcamas\u0131 sa\u011flan\u0131r. End\u00fcstrile\u015fmi\u015f b\u00f6lgelerde hem\u00a0elektrik enerjisi kullan\u0131m\u0131 artmakta hem de yetersiz\u00a0prosesler\u00a0y\u00fcz\u00fcnden\u00a0motorlar ve \u0131s\u0131tma-so\u011futma-iklimlendirme sistemleri verimsiz kullan\u0131lmaktad\u0131r. Enerji maliyetini azaltmak i\u00e7in kontrol sistemlerinin yan\u0131nda reaktif g\u00fc\u00e7 kompanzasyonu sistemi kurarak, enerjinin kaliteli bir \u015fekilde kullan\u0131lmas\u0131n\u0131, daha ucuz ve daha verimli enerji t\u00fcketilmesine olanak sa\u011flar. Enerjinin ekonomik ve maksimum verimle \u00fcretilmesi, enerji nakil hatlar\u0131nda minimum kay\u0131pla iletilmesi, da\u011f\u0131t\u0131lmas\u0131 ve t\u00fcketilmesi reaktif g\u00fc\u00e7 kompanzasyonunun \u00f6nemini g\u00f6stermektedir.<\/p>\n<p style=\"text-align: center;\"><img loading=\"lazy\" class=\"aligncenter size-full wp-image-80372\" src=\"https:\/\/www.enerjigazetesi.ist\/wp-content\/uploads\/2018\/10\/02-7.jpg\" alt=\"\" width=\"548\" height=\"238\" srcset=\"https:\/\/www.enerjigazetesi.ist\/wp-content\/uploads\/2018\/10\/02-7.jpg 548w, https:\/\/www.enerjigazetesi.ist\/wp-content\/uploads\/2018\/10\/02-7-300x130.jpg 300w, https:\/\/www.enerjigazetesi.ist\/wp-content\/uploads\/2018\/10\/02-7-500x217.jpg 500w, https:\/\/www.enerjigazetesi.ist\/wp-content\/uploads\/2018\/10\/02-7-80x35.jpg 80w\" sizes=\"(max-width: 548px) 100vw, 548px\" \/><\/p>\n<p>Enerji t\u00fcketimde makinalar taraf\u0131ndan t\u00fcketilen g\u00fc\u00e7 aktif g\u00fc\u00e7 olarak adland\u0131r\u0131l\u0131r ve i\u015fimize yarayan g\u00fc\u00e7 aktif g\u00fc\u00e7t\u00fcr. As\u0131l olarak elektriksel g\u00fc\u00e7 g\u00f6r\u00fcn\u00fcr g\u00fc\u00e7 olarak ifade edilir. G\u00f6r\u00fcn\u00fcr g\u00fc\u00e7 aktif ve reaktif bile\u015fenlerden olu\u015fmaktad\u0131r. Aktif g\u00fc\u00e7 (P) esas olarak i\u015fe yarayan k\u0131s\u0131md\u0131r. Aktif g\u00fc\u00e7 gerilim (V) ile ak\u0131m (I) aras\u0131ndaki faz fark\u0131ndan dolay\u0131 olu\u015fan a\u00e7\u0131n\u0131n kosin\u00fcs\u00fc ile gerilim ve ak\u0131m b\u00fcy\u00fckl\u00fcklerinin \u00e7arp\u0131m\u0131d\u0131r(P=V*I*cos\u03c6).Reaktif g\u00fc\u00e7(Q) ise i\u015fe yaramayan k\u0131s\u0131md\u0131r. Manyetik alan olu\u015fturan motor, trafo vb. ile kapasite nitelikli cihazlar reaktif g\u00fc\u00e7 kullan\u0131r.Ger\u00e7ek hayattan \u00f6rnek vermek gerekirse;Bu terimleri daha iyi anlamak i\u00e7in basit bir benzetme yapal\u0131m. \u00d6rne\u011fin s\u0131cak bir yaz g\u00fcn\u00fc so\u011fuk k\u00f6p\u00fckl\u00fc bir ayran i\u00e7eceksiniz. Ayran\u0131n k\u00f6p\u00fck olmayan yani as\u0131l serinletici k\u0131sm\u0131 aktif g\u00fc\u00e7 (kW) ile temsil edilir. Di\u011fer yandan k\u00f6p\u00fck k\u0131sm\u0131 reaktif g\u00fc\u00e7(kVAR) ile temsil edilir. Bu durumda ayran\u0131n tamam\u0131 g\u00f6r\u00fcn\u00fcr g\u00fc\u00e7 (kVA), kW ile kVAR\u0131n toplam\u0131 olmu\u015f olur.End\u00fcktif ve kapasitifdevrelerde faz fark\u0131na g\u00f6re\u00a0 reaktif g\u00fc\u00e7 meydana gelir. Bu da i\u015fe \u00e7evrilebilen aktif g\u00fcc\u00fcn azalmas\u0131na dolay\u0131s\u0131yla verimin d\u00fc\u015fmesine ve kullan\u0131lmayan bir reaktif g\u00fc\u00e7 meydana gelmesine sebep olur. Aktif g\u00fcc\u00fcn maksimum duruma getirilip, g\u00fc\u00e7 fakt\u00f6r\u00fcn\u00fcn d\u00fczeltilmesi ve verimin en b\u00fcy\u00fck halini almas\u0131 i\u015flemine kompanzasyon denir. \u0130\u015fletmelerde kompanzasyon, \u015febekeden \u00e7ekilen reaktif g\u00fcc\u00fc d\u00fc\u015f\u00fcrmek, elektrik kay\u0131plar\u0131n\u0131 \u00f6nlemek amac\u0131yla yap\u0131l\u0131r ve i\u015fletmelerin enerji maliyetini azaltmas\u0131nda en \u00f6nemli uygulamalardan bir tanesidir. Enerji maliyetlerini d\u00fc\u015f\u00fcrmek i\u00e7in kullan\u0131lan bu sistemler,sahip oldu\u011funuz elemanlar\u0131 analiz ederek ve i\u015fletmenizde gerekli alanlardaki enerji tasarruflar\u0131n\u0131 belirleyerek, uzun vadeli ve planl\u0131 bir \u015fekilde hareket edilmesi gerekmektedir.Yap\u0131labilir di\u011fer sistemler ise kojenerasyon sistemleri, trijenerasyon sistemleri, sens\u00f6rler vb. gibi bir\u00e7ok farkl\u0131 sistemlerin birlikte entegre bi\u00e7imde kullan\u0131lmas\u0131 i\u015fletmelerin enerji maliyetlerini d\u00fc\u015f\u00fcrmek a\u00e7\u0131s\u0131nda b\u00fcy\u00fck oranda s\u0131\u00e7rama yapmalar\u0131n\u0131 sa\u011flayabilir.<\/p>\n<p>Aktif enerji verimlili\u011fi, enerji kontrol\u00fc ve enerjiyi kaliteli kullanmak i\u015fletmelerde\u00a0c\u00fczi bir fiyat ve \u00e7ok k\u0131sa bir geri kazan\u0131m s\u00fcresi ile ger\u00e7ekle\u015ftirilebilir. Bu durum, \u00f6zellikle artan enerji fiyatlar\u0131 g\u00f6z \u00f6n\u00fcne al\u0131narak\u00a0hesapland\u0131\u011f\u0131nda\u00a0 uygulanmas\u0131 gereken sistemlerdir ve enerji t\u00fcketimini azaltmaya y\u00f6nelik \u00e7\u00f6z\u00fcmler bir ka\u00e7 y\u0131l i\u00e7erisinde\u00a0kendini amorti etmektedir. G\u00fcn\u00fcm\u00fczde i\u015fletmelerin en \u00f6nemli gideri haline gelen enerji t\u00fcketimi, planl\u0131 bir \u015fekilde do\u011fru hamlelerde bulunarak azalt\u0131l\u0131p i\u015fletmelere kar girdisi sa\u011flanabilir ve ayn\u0131 zamanda \u00fclkemizin bo\u015fa giden enerji t\u00fcketimlerini minimuma \u00e7ekip kalk\u0131nmas\u0131na yard\u0131mc\u0131 olur.<\/p>\n<p><em>Sizde Enerji Verimlili\u011fi Uygulamalar\u0131yla birlitek Reaktif g\u00fc\u00e7 kompanzasyonu uygulamas\u0131 da yapt\u0131rarak\u00a0reaktif g\u00fc\u00e7 t\u00fcketimini d\u00fc\u015f\u00fcr\u00fcp daha kaliteli ve verimli enerji kullan\u0131m\u0131 elde etmek i\u00e7in\u00a0<strong>SD Enerji<\/strong>\u00a0ile ileti\u015fime ge\u00e7ebilirsiniz.<\/em><\/p>\n<p><strong>Yay\u0131na Haz\u0131rlayan:<\/strong> Onur Ayg\u00fcn \/ Enerji Sistemleri M\u00fchendisi \u2013\u00a0onuray6767@gmail.com<\/p>\n<p><strong><span style=\"color: #993300;\">Detayl\u0131 Bilgi Almak \u0130\u00e7in \u0130leti\u015fim Formunu Doldurun Biz Sizi Arayal\u0131m!<\/span><\/strong><\/p>\n<div role=\"form\" class=\"wpcf7\" id=\"wpcf7-f112046-o1\" lang=\"tr-TR\" dir=\"ltr\">\n<div class=\"screen-reader-response\"><p role=\"status\" aria-live=\"polite\" aria-atomic=\"true\"><\/p> <ul><\/ul><\/div>\n<form action=\"\/en\/wp-json\/wp\/v2\/posts\/80368#wpcf7-f112046-o1\" method=\"post\" class=\"wpcf7-form init\" novalidate=\"novalidate\" data-status=\"init\">\n<div style=\"display: none;\">\n<input type=\"hidden\" name=\"_wpcf7\" value=\"112046\" \/>\n<input type=\"hidden\" name=\"_wpcf7_version\" value=\"5.5.6.1\" \/>\n<input type=\"hidden\" name=\"_wpcf7_locale\" value=\"tr_TR\" \/>\n<input type=\"hidden\" name=\"_wpcf7_unit_tag\" value=\"wpcf7-f112046-o1\" \/>\n<input type=\"hidden\" name=\"_wpcf7_container_post\" value=\"0\" \/>\n<input type=\"hidden\" name=\"_wpcf7_posted_data_hash\" value=\"\" \/>\n<\/div>\n<p><label> Ad\u0131n\u0131z (gerekli)<br \/>\n    <span class=\"wpcf7-form-control-wrap your-name\"><input type=\"text\" name=\"your-name\" value=\"\" size=\"40\" class=\"wpcf7-form-control wpcf7-text wpcf7-validates-as-required\" aria-required=\"true\" aria-invalid=\"false\" \/><\/span> <\/label><\/p>\n<p><label> E-posta adresiniz (gerekli)<br \/>\n    <span class=\"wpcf7-form-control-wrap your-email\"><input type=\"email\" name=\"your-email\" value=\"\" size=\"40\" class=\"wpcf7-form-control wpcf7-text wpcf7-email wpcf7-validates-as-required wpcf7-validates-as-email\" aria-required=\"true\" aria-invalid=\"false\" \/><\/span> <\/label><\/p>\n<p><label> Konu<br \/>\n    <span class=\"wpcf7-form-control-wrap your-subject\"><input type=\"text\" name=\"your-subject\" value=\"\" size=\"40\" class=\"wpcf7-form-control wpcf7-text\" aria-invalid=\"false\" \/><\/span> <\/label><\/p>\n<p><label> \u0130letiniz<br \/>\n    <span class=\"wpcf7-form-control-wrap your-message\"><textarea name=\"your-message\" cols=\"40\" rows=\"10\" class=\"wpcf7-form-control wpcf7-textarea\" aria-invalid=\"false\"><\/textarea><\/span> <\/label><\/p>\n<p><input type=\"submit\" value=\"G\u00f6nder\" class=\"wpcf7-form-control has-spinner wpcf7-submit\" \/><\/p>\n<p style=\"display: none !important;\" class=\"akismet-fields-container\" data-prefix=\"_wpcf7_ak_\"><label>&#916;<textarea name=\"_wpcf7_ak_hp_textarea\" cols=\"45\" rows=\"8\" maxlength=\"100\"><\/textarea><\/label><input type=\"hidden\" id=\"ak_js_1\" name=\"_wpcf7_ak_js\" value=\"148\"\/><script>document.getElementById( \"ak_js_1\" ).setAttribute( \"value\", ( new Date() ).getTime() );<\/script><\/p><div class=\"wpcf7-response-output\" aria-hidden=\"true\"><\/div><\/form><\/div>\n<p><em>Etkin M\u00fc\u015fteri Memnuniyeti Politikalar\u0131 Kapsam\u0131nda Taraf\u0131n\u0131za 24 Saat \u0130\u00e7erisinde Geri D\u00f6n\u00fc\u015f Yap\u0131lmaktad\u0131r.<\/em><\/p>","protected":false},"excerpt":{"rendered":"<p>Sorry, this entry is only available in Turkish. For the sake of viewer convenience, the content is shown below in the alternative language. You may click the link to switch the active language. T\u00fcrkiye&#8217;de elektrik enerjisi t\u00fcketiminde en b\u00fcy\u00fck pay sanayi kurulu\u015flar\u0131na aittir. Ayn\u0131 zamanda sanayide \u00fcretim maliyetlerinin b\u00fcy\u00fck b\u00f6l\u00fcm\u00fcn\u00fc \u00e7o\u011fu zaman enerji giderleri olu\u015fturmaktad\u0131r. [&hellip;]<\/p>\n","protected":false},"author":1,"featured_media":80373,"comment_status":"open","ping_status":"open","sticky":false,"template":"","format":"standard","meta":[],"categories":[51,53,52],"tags":[39859,40099,40109,39154,3804,13236,19638,26353,39860,40103,774,67,1009,40102,402,13762,103,148,12,486,40108,40110,40106,40104,1974,11246,1099,39825,39826,39828,2239,40105,3689,40101,39824,487,40107,32539,39827,27349,793],"views":3027,"_links":{"self":[{"href":"https:\/\/www.enerjigazetesi.ist\/en\/wp-json\/wp\/v2\/posts\/80368"}],"collection":[{"href":"https:\/\/www.enerjigazetesi.ist\/en\/wp-json\/wp\/v2\/posts"}],"about":[{"href":"https:\/\/www.enerjigazetesi.ist\/en\/wp-json\/wp\/v2\/types\/post"}],"author":[{"embeddable":true,"href":"https:\/\/www.enerjigazetesi.ist\/en\/wp-json\/wp\/v2\/users\/1"}],"replies":[{"embeddable":true,"href":"https:\/\/www.enerjigazetesi.ist\/en\/wp-json\/wp\/v2\/comments?post=80368"}],"version-history":[{"count":9,"href":"https:\/\/www.enerjigazetesi.ist\/en\/wp-json\/wp\/v2\/posts\/80368\/revisions"}],"predecessor-version":[{"id":80382,"href":"https:\/\/www.enerjigazetesi.ist\/en\/wp-json\/wp\/v2\/posts\/80368\/revisions\/80382"}],"wp:featuredmedia":[{"embeddable":true,"href":"https:\/\/www.enerjigazetesi.ist\/en\/wp-json\/wp\/v2\/media\/80373"}],"wp:attachment":[{"href":"https:\/\/www.enerjigazetesi.ist\/en\/wp-json\/wp\/v2\/media?parent=80368"}],"wp:term":[{"taxonomy":"category","embeddable":true,"href":"https:\/\/www.enerjigazetesi.ist\/en\/wp-json\/wp\/v2\/categories?post=80368"},{"taxonomy":"post_tag","embeddable":true,"href":"https:\/\/www.enerjigazetesi.ist\/en\/wp-json\/wp\/v2\/tags?post=80368"}],"curies":[{"name":"wp","href":"https:\/\/api.w.org\/{rel}","templated":true}]}}