{"id":80306,"date":"2018-10-12T14:01:24","date_gmt":"2018-10-12T11:01:24","guid":{"rendered":"https:\/\/www.enerjigazetesi.ist\/?p=80306"},"modified":"2018-10-12T14:24:10","modified_gmt":"2018-10-12T11:24:10","slug":"vanda-kacak-elektrik-kullanimi-artis-gostererek-trafolari-patlatti","status":"publish","type":"post","link":"https:\/\/www.enerjigazetesi.ist\/en\/vanda-kacak-elektrik-kullanimi-artis-gostererek-trafolari-patlatti\/","title":{"rendered":"(Turkish) Van\u2019da Ka\u00e7ak Elektrik Kullan\u0131m\u0131 Art\u0131\u015f G\u00f6stererek Trafolar\u0131 Patlatt\u0131"},"content":{"rendered":"<p class=\"qtranxs-available-languages-message qtranxs-available-languages-message-en\">Sorry, this entry is only available in <a href=\"https:\/\/www.enerjigazetesi.ist\/tr\/wp-json\/wp\/v2\/posts\/80306\" class=\"qtranxs-available-language-link qtranxs-available-language-link-tr\" title=\"Turkish\">Turkish<\/a>. For the sake of viewer convenience, the content is shown below in the alternative language. You may click the link to switch the active language.<\/p><p><strong>Van\u2019da ekim ay\u0131 ile birlikte s\u0131cakl\u0131klar d\u00fc\u015f\u00fc\u015f g\u00f6stermeye ba\u015flad\u0131. So\u011fuk havalar\u0131n etkisini hissetmemek isteyen Vanl\u0131lar taraf\u0131ndan elektrikle \u0131s\u0131nmaya ba\u015flan\u0131ld\u0131.<\/strong><\/p>\n<p>Ka\u00e7ak elektrik kullan\u0131m\u0131n yayg\u0131n oldu\u011fu Van&#8217;da, a\u015f\u0131r\u0131 kullan\u0131m trafolar\u0131n patlamas\u0131na sebep oldu. VEDA\u015e \u015eirket M\u00fcd\u00fcr\u00fc Emrullah Okuducu taraf\u0131ndan ise yakla\u015fan k\u0131\u015f mevsimi \u00f6ncesi uyar\u0131larda <img loading=\"lazy\" class=\"alignright size-medium wp-image-80307\" src=\"https:\/\/www.enerjigazetesi.ist\/wp-content\/uploads\/2018\/10\/vanda-kacak-elektrik-kullanimi-artis-gostererek-trafolari-patlatti-300x169.jpg\" alt=\"\" width=\"300\" height=\"169\" srcset=\"https:\/\/www.enerjigazetesi.ist\/wp-content\/uploads\/2018\/10\/vanda-kacak-elektrik-kullanimi-artis-gostererek-trafolari-patlatti-300x169.jpg 300w, https:\/\/www.enerjigazetesi.ist\/wp-content\/uploads\/2018\/10\/vanda-kacak-elektrik-kullanimi-artis-gostererek-trafolari-patlatti-768x432.jpg 768w, https:\/\/www.enerjigazetesi.ist\/wp-content\/uploads\/2018\/10\/vanda-kacak-elektrik-kullanimi-artis-gostererek-trafolari-patlatti-500x281.jpg 500w, https:\/\/www.enerjigazetesi.ist\/wp-content\/uploads\/2018\/10\/vanda-kacak-elektrik-kullanimi-artis-gostererek-trafolari-patlatti-80x45.jpg 80w, https:\/\/www.enerjigazetesi.ist\/wp-content\/uploads\/2018\/10\/vanda-kacak-elektrik-kullanimi-artis-gostererek-trafolari-patlatti.jpg 864w\" sizes=\"(max-width: 300px) 100vw, 300px\" \/>bulunuldu.<\/p>\n<p>Okuducu, &#8220;Yat\u0131r\u0131mlar\u0131m\u0131za en b\u00fcy\u00fck zarar\u0131 ka\u00e7ak elektrik kullanan \u015fah\u0131slar veriyor. Havalar\u0131n so\u011fumaya ba\u015flad\u0131\u011f\u0131 bug\u00fcnlerde \u00f6zellikle ak\u015fam saatlerinde \u015febekede olu\u015fan a\u015f\u0131r\u0131 y\u00fcke ba\u011fl\u0131 trafolar, iletkenler ve kablolar zarar g\u00f6rmektedir. Ka\u00e7ak elektrik kullan\u0131m\u0131na y\u00f6nelen ki\u015filer, kendisiyle ayn\u0131 trafodan enerji alan kom\u015fular\u0131n\u0131n karanl\u0131kta kalmas\u0131na neden olmaktad\u0131r. D\u00fcr\u00fcst vatanda\u015f\u0131m\u0131z\u0131n haklar\u0131n\u0131 korumak ve ya\u015fam kalitesine zarar verilmesini engellemeye y\u00f6nelik abone bazl\u0131 tesisat kontrollerde s\u0131kla\u015ft\u0131rma yapt\u0131k.&#8221; dedi.<\/p>","protected":false},"excerpt":{"rendered":"<p>Sorry, this entry is only available in Turkish. For the sake of viewer convenience, the content is shown below in the alternative language. You may click the link to switch the active language.Van\u2019da ekim ay\u0131 ile birlikte s\u0131cakl\u0131klar d\u00fc\u015f\u00fc\u015f g\u00f6stermeye ba\u015flad\u0131. So\u011fuk havalar\u0131n etkisini hissetmemek isteyen Vanl\u0131lar taraf\u0131ndan elektrikle \u0131s\u0131nmaya ba\u015flan\u0131ld\u0131. Ka\u00e7ak elektrik kullan\u0131m\u0131n yayg\u0131n [&hellip;]<\/p>\n","protected":false},"author":1,"featured_media":80307,"comment_status":"open","ping_status":"open","sticky":false,"template":"","format":"standard","meta":[],"categories":[51,53],"tags":[34979,19638,34980,26353,40059,67,1009,1215,8635,14945,15077,4224,8639],"views":942,"_links":{"self":[{"href":"https:\/\/www.enerjigazetesi.ist\/en\/wp-json\/wp\/v2\/posts\/80306"}],"collection":[{"href":"https:\/\/www.enerjigazetesi.ist\/en\/wp-json\/wp\/v2\/posts"}],"about":[{"href":"https:\/\/www.enerjigazetesi.ist\/en\/wp-json\/wp\/v2\/types\/post"}],"author":[{"embeddable":true,"href":"https:\/\/www.enerjigazetesi.ist\/en\/wp-json\/wp\/v2\/users\/1"}],"replies":[{"embeddable":true,"href":"https:\/\/www.enerjigazetesi.ist\/en\/wp-json\/wp\/v2\/comments?post=80306"}],"version-history":[{"count":1,"href":"https:\/\/www.enerjigazetesi.ist\/en\/wp-json\/wp\/v2\/posts\/80306\/revisions"}],"predecessor-version":[{"id":80308,"href":"https:\/\/www.enerjigazetesi.ist\/en\/wp-json\/wp\/v2\/posts\/80306\/revisions\/80308"}],"wp:featuredmedia":[{"embeddable":true,"href":"https:\/\/www.enerjigazetesi.ist\/en\/wp-json\/wp\/v2\/media\/80307"}],"wp:attachment":[{"href":"https:\/\/www.enerjigazetesi.ist\/en\/wp-json\/wp\/v2\/media?parent=80306"}],"wp:term":[{"taxonomy":"category","embeddable":true,"href":"https:\/\/www.enerjigazetesi.ist\/en\/wp-json\/wp\/v2\/categories?post=80306"},{"taxonomy":"post_tag","embeddable":true,"href":"https:\/\/www.enerjigazetesi.ist\/en\/wp-json\/wp\/v2\/tags?post=80306"}],"curies":[{"name":"wp","href":"https:\/\/api.w.org\/{rel}","templated":true}]}}