{"id":80302,"date":"2018-10-12T13:33:31","date_gmt":"2018-10-12T10:33:31","guid":{"rendered":"https:\/\/www.enerjigazetesi.ist\/?p=80302"},"modified":"2018-10-12T13:33:31","modified_gmt":"2018-10-12T10:33:31","slug":"shell-turkiyede-atama-yapildi","status":"publish","type":"post","link":"https:\/\/www.enerjigazetesi.ist\/en\/shell-turkiyede-atama-yapildi\/","title":{"rendered":"(Turkish) Shell T\u00fcrkiye\u2019de Atama Yap\u0131ld\u0131"},"content":{"rendered":"<p class=\"qtranxs-available-languages-message qtranxs-available-languages-message-en\">Sorry, this entry is only available in <a href=\"https:\/\/www.enerjigazetesi.ist\/tr\/wp-json\/wp\/v2\/posts\/80302\" class=\"qtranxs-available-language-link qtranxs-available-language-link-tr\" title=\"Turkish\">Turkish<\/a>. For the sake of viewer convenience, the content is shown below in the alternative language. You may click the link to switch the active language.<\/p><p><strong>Shell T\u00fcrkiye\u2019nin \u0130nsan Kaynaklar\u0131 Direkt\u00f6rl\u00fc\u011f\u00fc g\u00f6revine, 2011 y\u0131l\u0131ndan beri Shell\u2019de \u0130K alan\u0131nda \u00e7e\u015fitli kademelerde \u00e7al\u0131\u015fan Eda G\u00fczeldemir Demiray atand\u0131.<\/strong><\/p>\n<p><img loading=\"lazy\" class=\"alignleft size-medium wp-image-80304\" src=\"https:\/\/www.enerjigazetesi.ist\/wp-content\/uploads\/2018\/10\/shell-turkiyede-atama-yapildi-289x300.jpg\" alt=\"\" width=\"289\" height=\"300\" srcset=\"https:\/\/www.enerjigazetesi.ist\/wp-content\/uploads\/2018\/10\/shell-turkiyede-atama-yapildi-289x300.jpg 289w, https:\/\/www.enerjigazetesi.ist\/wp-content\/uploads\/2018\/10\/shell-turkiyede-atama-yapildi-768x796.jpg 768w, https:\/\/www.enerjigazetesi.ist\/wp-content\/uploads\/2018\/10\/shell-turkiyede-atama-yapildi-386x400.jpg 386w, https:\/\/www.enerjigazetesi.ist\/wp-content\/uploads\/2018\/10\/shell-turkiyede-atama-yapildi-48x50.jpg 48w, https:\/\/www.enerjigazetesi.ist\/wp-content\/uploads\/2018\/10\/shell-turkiyede-atama-yapildi.jpg 960w\" sizes=\"(max-width: 289px) 100vw, 289px\" \/>T\u00fcrkiye&#8217;de akaryak\u0131t sekt\u00f6r\u00fcne \u00f6nc\u00fcl\u00fck eden ve ilklere imza atan Shell T\u00fcrkiye\u2019nin \u0130nsan Kaynaklar\u0131 Direkt\u00f6rl\u00fc\u011f\u00fc g\u00f6revine Eda G\u00fczeldemir Demiray getirildi.<\/p>\n<p>Shell T\u00fcrkiye ekibine 2011 y\u0131l\u0131nda kat\u0131lan Eda G\u00fczeldemir Demiray, Bo\u011fazi\u00e7i \u00dcniversitesi Ekonomi B\u00f6l\u00fcm\u00fc\u2019nden mezun oldu. Ard\u0131ndan Orta Do\u011fu Teknik \u00dcniversitesi\u2019nde End\u00fcstriyel Y\u00f6netim Psikolojisi \u00fczerine y\u00fcksek lisans yapt\u0131. Eda G\u00fczeldemir Demiray, kariyerine 2008 y\u0131l\u0131nda Nokia Siemens Networks \u015firketinde \u0130nsan Kaynaklar\u0131 Dan\u0131\u015fman\u0131 olarak ba\u015flad\u0131.<\/p>\n<p>Yakla\u015f\u0131k \u00fc\u00e7 y\u0131l bu \u015firkette \u0130nsan Kaynaklar\u0131 Dan\u0131\u015fmanl\u0131\u011f\u0131 ve T\u00fcrkiye ile Kazakistan \u0130nsan Kaynaklar\u0131 M\u00fcd\u00fcrl\u00fc\u011f\u00fc g\u00f6revini y\u00fcr\u00fcten G\u00fczeldemir, 2011 y\u0131l\u0131nda \u0130nsan Kaynaklar\u0131 Dan\u0131\u015fman\u0131, \u0130K Politika ve Servisler Y\u00f6neticisi olarak Shell T\u00fcrkiye ekibine kat\u0131ld\u0131. May\u0131s 2015\u2019te Global \u0130\u015f De\u011ferlendirme g\u00f6revine atanan Demiray, k\u0131sa d\u00f6nemli uluslararas\u0131 g\u00f6revlendirme ile Hollanda\u2019da \u00e7al\u0131\u015ft\u0131, daha sonra T\u00fcrkiye\u2019ye d\u00f6nerek g\u00f6revine devam etti.<\/p>","protected":false},"excerpt":{"rendered":"<p>Sorry, this entry is only available in Turkish. For the sake of viewer convenience, the content is shown below in the alternative language. You may click the link to switch the active language.Shell T\u00fcrkiye\u2019nin \u0130nsan Kaynaklar\u0131 Direkt\u00f6rl\u00fc\u011f\u00fc g\u00f6revine, 2011 y\u0131l\u0131ndan beri Shell\u2019de \u0130K alan\u0131nda \u00e7e\u015fitli kademelerde \u00e7al\u0131\u015fan Eda G\u00fczeldemir Demiray atand\u0131. T\u00fcrkiye&#8217;de akaryak\u0131t sekt\u00f6r\u00fcne \u00f6nc\u00fcl\u00fck [&hellip;]<\/p>\n","protected":false},"author":1,"featured_media":80304,"comment_status":"open","ping_status":"open","sticky":false,"template":"","format":"standard","meta":[],"categories":[53,44],"tags":[40057,67,1009,34935,2388,34936,4018,40058],"views":681,"_links":{"self":[{"href":"https:\/\/www.enerjigazetesi.ist\/en\/wp-json\/wp\/v2\/posts\/80302"}],"collection":[{"href":"https:\/\/www.enerjigazetesi.ist\/en\/wp-json\/wp\/v2\/posts"}],"about":[{"href":"https:\/\/www.enerjigazetesi.ist\/en\/wp-json\/wp\/v2\/types\/post"}],"author":[{"embeddable":true,"href":"https:\/\/www.enerjigazetesi.ist\/en\/wp-json\/wp\/v2\/users\/1"}],"replies":[{"embeddable":true,"href":"https:\/\/www.enerjigazetesi.ist\/en\/wp-json\/wp\/v2\/comments?post=80302"}],"version-history":[{"count":1,"href":"https:\/\/www.enerjigazetesi.ist\/en\/wp-json\/wp\/v2\/posts\/80302\/revisions"}],"predecessor-version":[{"id":80305,"href":"https:\/\/www.enerjigazetesi.ist\/en\/wp-json\/wp\/v2\/posts\/80302\/revisions\/80305"}],"wp:featuredmedia":[{"embeddable":true,"href":"https:\/\/www.enerjigazetesi.ist\/en\/wp-json\/wp\/v2\/media\/80304"}],"wp:attachment":[{"href":"https:\/\/www.enerjigazetesi.ist\/en\/wp-json\/wp\/v2\/media?parent=80302"}],"wp:term":[{"taxonomy":"category","embeddable":true,"href":"https:\/\/www.enerjigazetesi.ist\/en\/wp-json\/wp\/v2\/categories?post=80302"},{"taxonomy":"post_tag","embeddable":true,"href":"https:\/\/www.enerjigazetesi.ist\/en\/wp-json\/wp\/v2\/tags?post=80302"}],"curies":[{"name":"wp","href":"https:\/\/api.w.org\/{rel}","templated":true}]}}