{"id":8027,"date":"2013-03-09T22:54:13","date_gmt":"2013-03-09T19:54:13","guid":{"rendered":"https:\/\/www.enerjigazetesi.ist\/?p=8027"},"modified":"2013-03-09T23:00:23","modified_gmt":"2013-03-09T20:00:23","slug":"sanayi-uretimi-ve-enerji-sektorundeki-balon","status":"publish","type":"post","link":"https:\/\/www.enerjigazetesi.ist\/en\/sanayi-uretimi-ve-enerji-sektorundeki-balon\/","title":{"rendered":"(Turkish) Sanayi \u00dcretimi Ve Enerji Sekt\u00f6r\u00fcndeki Balon&#8230;"},"content":{"rendered":"<p class=\"qtranxs-available-languages-message qtranxs-available-languages-message-en\">Sorry, this entry is only available in <a href=\"https:\/\/www.enerjigazetesi.ist\/tr\/wp-json\/wp\/v2\/posts\/8027\" class=\"qtranxs-available-language-link qtranxs-available-language-link-tr\" title=\"Turkish\">Turkish<\/a>. For the sake of viewer convenience, the content is shown below in the alternative language. You may click the link to switch the active language.<\/p><p><strong>D\u00fcn sanayi \u00fcretim endeksi a\u00e7\u0131kland\u0131. Bir \u00f6nceki ay, y\u00fczde 1,5 d\u00fc\u015fen sanayi endeksindeki geli\u015fmeler merakla bekleniyordu. Beklentiler ise y\u00fczde 1,5 art\u0131\u015f y\u00f6n\u00fcndeydi. Ama beklentilerden daha iyi bir performans g\u00f6steren sanayi \u00fcretim endeksi, 2013 Ocak ay\u0131nda y\u00fczde 2.3 artt\u0131.<\/strong><\/p>\n<p><strong>Daha iyi temsil ediyor<\/strong><\/p>\n<p>Ana sanayi gruplar\u0131n\u0131 ayr\u0131nt\u0131l\u0131 inceledi\u011fimizde ilgin\u00e7 noktalar ortaya \u00e7\u0131k\u0131yor. Takvim etkilerinden ar\u0131nd\u0131r\u0131lm\u0131\u015f serilere odaklanmak her zaman daha anlaml\u0131 sonu\u00e7lar verirken, ekonomideki geli\u015fmeleri ve b\u00fcy\u00fcmeyi daha iyi temsil ediyor.<\/p>\n<p><img loading=\"lazy\" class=\" wp-image-8028 alignleft\" title=\"sanayi-uretim-endeksi-enerji-balon-505x219\" src=\"https:\/\/www.enerjigazetesi.ist\/wp-content\/uploads\/2013\/03\/sanayi-uretim-endeksi-enerji-balon-505x219.jpg\" alt=\"\" width=\"437\" height=\"174\" \/>Bu tabloda g\u00f6r\u00fcld\u00fc\u011f\u00fc \u00fczere, y\u0131ll\u0131k bazda en b\u00fcy\u00fck d\u00fc\u015f\u00fc\u015f eksi y\u00fczde 4 ile enerji sekt\u00f6r\u00fcnde ger\u00e7ekle\u015fmi\u015f. Bu konuya tekrar de\u011finece\u011fim ama tablodaki di\u011fer \u00f6nemli noktalara da dikkat \u00e7ekmek istiyorum.<\/p>\n<p><strong>B\u00fcy\u00fcmeyi etkileyecek<\/strong><\/p>\n<p>Toplam sanayi \u00fcretimi ge\u00e7en y\u0131ldan bu yana sadece y\u00fczde 1.9 b\u00fcy\u00fcyebilmi\u015f.<\/p>\n<p>Bu rakam, 2012 y\u0131l\u0131 genelinde Gayri Safi Yurti\u00e7i Has\u0131la b\u00fcy\u00fcme oran\u0131n\u0131n da \u00e7ok d\u00fc\u015f\u00fck olaca\u011f\u0131n\u0131n sinyalini veriyor. 2012 y\u0131l\u0131 hedefi y\u00fczde 4\u2032t\u00fc.<\/p>\n<p>Hen\u00fcz hizmetler ve tar\u0131m sekt\u00f6rlerindeki b\u00fcy\u00fcmeye ili\u015fkin ayr\u0131nt\u0131l\u0131 bilgiye sahip olmad\u0131\u011f\u0131m\u0131z i\u00e7in, e\u011fer sanayi \u00fcretimindeki trend, benzer \u015fekilde tar\u0131m ve hizmetler sekt\u00f6r\u00fcnde de mevcutsa, GSYIH b\u00fcy\u00fcme oran\u0131n\u0131n 2012 y\u0131l\u0131n\u0131n tamam\u0131nda y\u00fczde 2.5\u2032ten fazla olamayaca\u011f\u0131n\u0131 s\u00f6yleyebiliriz.<\/p>\n<p>Halbuki 2012 y\u0131l\u0131 b\u00fcy\u00fcme rakam\u0131 y\u00fczde 4 olarak hedeflenmi\u015fti.<\/p>\n<p><strong>Nisanda \u015faka yapacak<\/strong><\/p>\n<p>D\u00fcn de Bilim, Sanayi ve Teknoloji Bakan\u0131 Nihat Erg\u00fcn bu b\u00fcy\u00fcme konusunda ne kadar s\u0131k\u0131nt\u0131l\u0131 olduklar\u0131n\u0131 a\u00e7\u0131klad\u0131. Zafer \u00c7a\u011flayan kadar a\u00e7\u0131k olmasa da, Merkez Bankas\u0131\u2019n\u0131n izledi\u011fi politikalar\u0131 benimsemedi\u011fini a\u00e7\u0131k\u00e7a ortaya koydu. Zannedersem, 1 Nisan 2013 g\u00fcn\u00fc b\u00fcy\u00fcme oran\u0131 \u00f6nemli bir \u015faka yapacak ve \u00f6zellikle de Merkez Bankas\u0131 \u00fczerindeki bask\u0131lar\u0131n \u00f6nemli \u00f6l\u00e7\u00fcde artmas\u0131na neden olacak.<\/p>\n<p><strong>Enerji yat\u0131r\u0131m\u0131 \u00e7ok<\/strong><\/p>\n<p>Gelelim enerji sekt\u00f6r\u00fcne\u2026 \u00dcretim d\u00fc\u015fm\u00fc\u015f, demek ki talep d\u00fc\u015fm\u00fc\u015f. Biliyoruz ki, \u015fu an enerji sekt\u00f6r\u00fcne girmeyen b\u00fcy\u00fck grup neredeyse kalmad\u0131. Her yerde yo\u011fun bir enerji yat\u0131r\u0131m\u0131 var. \u00d6n\u00fcn\u00fcze gelen herkesin elinde bir proje veya lisans var. Kap\u0131 kap\u0131 dola\u015farak elindeki lisanslar\u0131 satmak isteyenler \u00e7ok say\u0131da. Bankalar ve yabanc\u0131 finansal kurulu\u015flar T\u00fcrkiye\u2019deki enerji sekt\u00f6r\u00fcne deli paralar veriyorlar. Bu sekt\u00f6r, kredinin oluk oluk akt\u0131\u011f\u0131 sekt\u00f6rlerin ba\u015f\u0131nda geliyor.<\/p>\n<p>Bu gidi\u015fat\u0131 hi\u00e7 be\u011fenmiyorum. \u201cE\u011fer bir sekt\u00f6re deli gibi para ak\u0131yorsa, bankalar kredi veriyorsa demek ki bir i\u015f var. Koca banka herhalde b\u00fct\u00fcn riskleri d\u00fc\u015f\u00fcnm\u00fc\u015ft\u00fcr\u201d \u015feklinde d\u00fc\u015f\u00fcnce yap\u0131s\u0131 hakim. Fakat bankalar\u0131n nas\u0131l b\u00fcy\u00fck yanl\u0131\u015fl\u0131klar yapt\u0131klar\u0131n\u0131 en son k\u00fcresel krizde g\u00f6rd\u00fck. Bu sekt\u00f6rden \u00e7ok k\u00f6t\u00fc kokular al\u0131yorum. Benden s\u00f6ylemesi\u2026<\/p>\n<p>Kaynak: <a href=\"http:\/\/enerjienstitusu.com\/2013\/03\/09\/sanayi-uretimi-ve-enerji-sektorundeki-balon\/\" target=\"_blank\">Enerji Enstit\u00fcs\u00fc<\/a><\/p>","protected":false},"excerpt":{"rendered":"<p>Sorry, this entry is only available in Turkish. For the sake of viewer convenience, the content is shown below in the alternative language. You may click the link to switch the active language.D\u00fcn sanayi \u00fcretim endeksi a\u00e7\u0131kland\u0131. Bir \u00f6nceki ay, y\u00fczde 1,5 d\u00fc\u015fen sanayi endeksindeki geli\u015fmeler merakla bekleniyordu. Beklentiler ise y\u00fczde 1,5 art\u0131\u015f y\u00f6n\u00fcndeydi. Ama [&hellip;]<\/p>\n","protected":false},"author":1,"featured_media":8033,"comment_status":"open","ping_status":"open","sticky":false,"template":"","format":"standard","meta":[],"categories":[53],"tags":[3291,63,67,165,117,3157,3290],"views":596,"_links":{"self":[{"href":"https:\/\/www.enerjigazetesi.ist\/en\/wp-json\/wp\/v2\/posts\/8027"}],"collection":[{"href":"https:\/\/www.enerjigazetesi.ist\/en\/wp-json\/wp\/v2\/posts"}],"about":[{"href":"https:\/\/www.enerjigazetesi.ist\/en\/wp-json\/wp\/v2\/types\/post"}],"author":[{"embeddable":true,"href":"https:\/\/www.enerjigazetesi.ist\/en\/wp-json\/wp\/v2\/users\/1"}],"replies":[{"embeddable":true,"href":"https:\/\/www.enerjigazetesi.ist\/en\/wp-json\/wp\/v2\/comments?post=8027"}],"version-history":[{"count":4,"href":"https:\/\/www.enerjigazetesi.ist\/en\/wp-json\/wp\/v2\/posts\/8027\/revisions"}],"predecessor-version":[{"id":8030,"href":"https:\/\/www.enerjigazetesi.ist\/en\/wp-json\/wp\/v2\/posts\/8027\/revisions\/8030"}],"wp:featuredmedia":[{"embeddable":true,"href":"https:\/\/www.enerjigazetesi.ist\/en\/wp-json\/wp\/v2\/media\/8033"}],"wp:attachment":[{"href":"https:\/\/www.enerjigazetesi.ist\/en\/wp-json\/wp\/v2\/media?parent=8027"}],"wp:term":[{"taxonomy":"category","embeddable":true,"href":"https:\/\/www.enerjigazetesi.ist\/en\/wp-json\/wp\/v2\/categories?post=8027"},{"taxonomy":"post_tag","embeddable":true,"href":"https:\/\/www.enerjigazetesi.ist\/en\/wp-json\/wp\/v2\/tags?post=8027"}],"curies":[{"name":"wp","href":"https:\/\/api.w.org\/{rel}","templated":true}]}}