{"id":80225,"date":"2018-10-11T11:47:49","date_gmt":"2018-10-11T08:47:49","guid":{"rendered":"https:\/\/www.enerjigazetesi.ist\/?p=80225"},"modified":"2018-10-11T12:44:31","modified_gmt":"2018-10-11T09:44:31","slug":"turkiyede-elektrikli-arac-kullanimi-nin-elektrik-tuketimine-etkisi-ve-cozumleri","status":"publish","type":"post","link":"https:\/\/www.enerjigazetesi.ist\/en\/turkiyede-elektrikli-arac-kullanimi-nin-elektrik-tuketimine-etkisi-ve-cozumleri\/","title":{"rendered":"(Turkish) TR&#8217;de Elektrikli Ara\u00e7lar\u0131n Elektrik T\u00fcketimine Etkisi ve \u00c7\u00f6z\u00fcmleri"},"content":{"rendered":"<p class=\"qtranxs-available-languages-message qtranxs-available-languages-message-en\">Sorry, this entry is only available in <a href=\"https:\/\/www.enerjigazetesi.ist\/tr\/wp-json\/wp\/v2\/posts\/80225\" class=\"qtranxs-available-language-link qtranxs-available-language-link-tr\" title=\"Turkish\">Turkish<\/a>. For the sake of viewer convenience, the content is shown below in the alternative language. You may click the link to switch the active language.<\/p><p><strong>\u00d6ZET<\/strong><\/p>\n<p><strong>G\u00fcn\u00fcm\u00fczde elektrik enerjisi hayat\u0131m\u0131z\u0131n vazge\u00e7ilemez bir par\u00e7as\u0131 haline gelmi\u015ftir. Her ge\u00e7en y\u0131l artan elektrik ihtiyac\u0131n\u0131 irdeledi\u011fimizde katlanarak artan bir elektrik talebi oldu\u011fu g\u00f6r\u00fclmektedir. Artan talebi kar\u015f\u0131lamak ve kesintisiz olarak elektrik enerjisi sunmak i\u00e7in s\u00fcrekli gelece\u011fe y\u00f6nelik yat\u0131r\u0131mlar yap\u0131lmakta ve bunun i\u00e7in s\u00fcrekli yeni enerji santralleri kurulmaktad\u0131r.<\/strong><\/p>\n<p>\u00d6n\u00fcm\u00fczdeki g\u00fcnler de beklenen enerji talep art\u0131\u015f\u0131n\u0131n yan\u0131 s\u0131ra elektrikli arabalar\u0131n hayat\u0131m\u0131za girmesi ile \u00f6ng\u00f6r\u00fclene ilave bir enerji talebi olu\u015facakt\u0131r.<\/p>\n<p><img loading=\"lazy\" class=\"alignleft size-medium wp-image-80247\" src=\"https:\/\/www.enerjigazetesi.ist\/wp-content\/uploads\/2018\/10\/turkiyede-elektrikli-arac-kullanimi-nin-elektrik-tuketimine-etkisi-ve-cozumleri-300x170.jpg\" alt=\"\" width=\"300\" height=\"170\" srcset=\"https:\/\/www.enerjigazetesi.ist\/wp-content\/uploads\/2018\/10\/turkiyede-elektrikli-arac-kullanimi-nin-elektrik-tuketimine-etkisi-ve-cozumleri-300x170.jpg 300w, https:\/\/www.enerjigazetesi.ist\/wp-content\/uploads\/2018\/10\/turkiyede-elektrikli-arac-kullanimi-nin-elektrik-tuketimine-etkisi-ve-cozumleri-768x436.jpg 768w, https:\/\/www.enerjigazetesi.ist\/wp-content\/uploads\/2018\/10\/turkiyede-elektrikli-arac-kullanimi-nin-elektrik-tuketimine-etkisi-ve-cozumleri-500x284.jpg 500w, https:\/\/www.enerjigazetesi.ist\/wp-content\/uploads\/2018\/10\/turkiyede-elektrikli-arac-kullanimi-nin-elektrik-tuketimine-etkisi-ve-cozumleri-80x45.jpg 80w, https:\/\/www.enerjigazetesi.ist\/wp-content\/uploads\/2018\/10\/turkiyede-elektrikli-arac-kullanimi-nin-elektrik-tuketimine-etkisi-ve-cozumleri.jpg 999w\" sizes=\"(max-width: 300px) 100vw, 300px\" \/>Bu yaz\u0131yla 2040 y\u0131l\u0131na kadar beklenen enerji talebi irdelenmi\u015ftir. Bu \u00e7al\u0131\u015fmay\u0131 yaparken ge\u00e7mi\u015f y\u0131llardaki t\u00fcketim verilerinden yola \u00e7\u0131karak n\u00fcfus art\u0131\u015f oran\u0131 da g\u00f6z \u00f6n\u00fcnde bulundurulmu\u015ftur. Tahmin edilen enerji talebine, 2040 y\u0131l\u0131nda t\u00fcm akaryak\u0131t t\u00fcketimli otomobillerin, elektrikli motora sahip ara\u00e7lar ile de\u011fi\u015ftirilmesi sonucunda olu\u015facak elektrik enerjisi talep miktar\u0131 da eklendi\u011finde gelecek i\u00e7in elektrik enerjisi talep miktar\u0131 y\u00fcksek oranda artaca\u011f\u0131 \u00f6ng\u00f6r\u00fclmektedir.<\/p>\n<p>Bu gibi durumlar\u0131 inceleyerek ve 2040 y\u0131l\u0131nda elektrikli ara\u00e7lar\u0131n hayat\u0131m\u0131za tamamen girmesi durumunda olu\u015facak senaryo ve olas\u0131 \u00e7\u00f6z\u00fcm y\u00f6ntemleri ile ilgili bilgiler makalemizde detayl\u0131 olarak incelenmi\u015ftir.<\/p>\n<p><strong>1.B\u00d6L\u00dcM-\u00a0\u00a0 T\u00fcrkiye\u2019de Elektrik Enerjisi<\/strong><\/p>\n<p>\u00dclkemizde elektrik enerjisi \u00fcretimine ilk kez 1902 y\u0131l\u0131nda Tarsus\u2019ta ki k\u00fc\u00e7\u00fck bir su t\u00fcrbini ile 2 kW g\u00fc\u00e7 kapasitesine sahip tesiste ba\u015flam\u0131\u015ft\u0131r. \u0130lk b\u00fcy\u00fck \u00fcretim kapasiteli diyebilece\u011fimiz tesis ise 1913 y\u0131l\u0131nda \u0130stanbul\u2019da 15 MW kapasiteli termik santral ile \u00fcretime ba\u015flam\u0131\u015ft\u0131r. \u0130lerleyen s\u00fcre\u00e7te yeni tesislerin de yap\u0131lmas\u0131yla birlikte g\u00fcn\u00fcm\u00fczdeki toplam kurulu \u00fcretim kapasitesi yakla\u015f\u0131k olarak 88.000 MW\u2019d\u0131r.<\/p>\n<p>\u00dclkemiz de her ge\u00e7en g\u00fcn elektrik enerjisi ihtiyac\u0131 artmaktad\u0131r. Artan n\u00fcfus ve ya\u015fam tarz\u0131nda meydana gelen de\u011fi\u015fiklikler sonucunda da ki\u015fi ba\u015f\u0131na d\u00fc\u015fen elektrik enerjisi ihtiyac\u0131ndaki art\u0131\u015f verilerini grafi\u011fe d\u00f6kt\u00fc\u011f\u00fcm\u00fczde parabolik bir art\u0131\u015f g\u00f6r\u00fclmektedir.<\/p>\n<p>Elektrik ihtiyac\u0131n\u0131n kesintisiz olarak sa\u011flanabilmesi amac\u0131 ile saatlik olarak hesaplanan elektrik ihtiyac\u0131 verilerini kullanan EPDK mevcut elektrik ihtiyac\u0131n\u0131 kar\u015f\u0131lamak ve sistemin \u00e7\u00f6kmesini \u00a0engellemek amac\u0131yla elektrik enerjisini gerekti\u011finde yurt d\u0131\u015f\u0131ndan temin etmektedir.\u00a0 \u015eekil 1\u2019de bulunan verileri inceledi\u011fimizde 1970-2015 y\u0131llar\u0131 aras\u0131nda t\u00fcketilen enerji miktarlar\u0131n\u0131 g\u00f6rmekteyiz.<img loading=\"lazy\" class=\"size-medium wp-image-80226 aligncenter\" src=\"https:\/\/www.enerjigazetesi.ist\/wp-content\/uploads\/2018\/10\/\u015fekil1-300x196.png\" alt=\"\" width=\"300\" height=\"196\" srcset=\"https:\/\/www.enerjigazetesi.ist\/wp-content\/uploads\/2018\/10\/\u015fekil1-300x196.png 300w, https:\/\/www.enerjigazetesi.ist\/wp-content\/uploads\/2018\/10\/\u015fekil1-77x50.png 77w, https:\/\/www.enerjigazetesi.ist\/wp-content\/uploads\/2018\/10\/\u015fekil1.png 326w\" sizes=\"(max-width: 300px) 100vw, 300px\" \/><br \/>\n<img loading=\"lazy\" class=\"size-medium wp-image-80227 aligncenter\" src=\"https:\/\/www.enerjigazetesi.ist\/wp-content\/uploads\/2018\/10\/\u015fekil2-259x300.png\" alt=\"\" width=\"259\" height=\"300\" srcset=\"https:\/\/www.enerjigazetesi.ist\/wp-content\/uploads\/2018\/10\/\u015fekil2-259x300.png 259w, https:\/\/www.enerjigazetesi.ist\/wp-content\/uploads\/2018\/10\/\u015fekil2-43x50.png 43w, https:\/\/www.enerjigazetesi.ist\/wp-content\/uploads\/2018\/10\/\u015fekil2.png 268w\" sizes=\"(max-width: 259px) 100vw, 259px\" \/><\/p>\n<p>\u015eekil 2\u2019de g\u00f6r\u00fcld\u00fc\u011f\u00fc gibi kurulu enerjimizin \u00e7o\u011funlu\u011fu fosil yak\u0131tlar ile kar\u015f\u0131lanmaktad\u0131r. Bu fosil yak\u0131tlar\u0131n \u00e7o\u011funlu\u011fu yurt d\u0131\u015f\u0131ndan temin edilmektedir. 1990\u2019l\u0131 y\u0131llar ile birlikte ciddi miktarlarda k\u00f6m\u00fcr ithalat\u0131 yap\u0131lm\u0131\u015ft\u0131r. Bunun sebebi elektrik \u00fcretimi yapmakt\u0131r.<\/p>\n<p style=\"text-align: center;\"><img loading=\"lazy\" class=\"size-medium wp-image-80229 alignnone\" src=\"https:\/\/www.enerjigazetesi.ist\/wp-content\/uploads\/2018\/10\/\u015fekil3-300x192.png\" alt=\"\" width=\"300\" height=\"192\" srcset=\"https:\/\/www.enerjigazetesi.ist\/wp-content\/uploads\/2018\/10\/\u015fekil3-300x192.png 300w, https:\/\/www.enerjigazetesi.ist\/wp-content\/uploads\/2018\/10\/\u015fekil3-78x50.png 78w, https:\/\/www.enerjigazetesi.ist\/wp-content\/uploads\/2018\/10\/\u015fekil3.png 363w\" sizes=\"(max-width: 300px) 100vw, 300px\" \/><\/p>\n<p>Genel olarak bakt\u0131\u011f\u0131m\u0131zda \u015eekil 3\u2019ten anla\u015f\u0131laca\u011f\u0131 gibi g\u00fcnl\u00fck enerjimizin \u00f6nemli bir miktar\u0131n\u0131 ithal kaynaklardan elde etmekteyiz. Elektrik \u00fcretimini \u00fclkemizde yap\u0131yor olmam\u0131za ra\u011fmen, \u00fcretim i\u00e7in kullan\u0131lan kaynaklar ithal olarak kar\u015f\u0131lanmaktad\u0131r.<\/p>\n<p><strong>2.B\u00d6L\u00dcM &#8211;\u00a0 Elektrikli Ara\u00e7lara Ge\u00e7i\u015f<\/strong><\/p>\n<p>Elektrikli ara\u00e7lar i\u00e7ten yanmal\u0131 motorlar ile k\u0131yasland\u0131\u011f\u0131nda \u00e7al\u0131\u015fma prensipleri dolay\u0131s\u0131 ile \u00e7ok daha verimli motorlara sahiptir. Bir senkron motorun verimi yakla\u015f\u0131k %95 olabilirken i\u00e7ten yanmal\u0131 bir motorun verimi ise %35 gibi d\u00fc\u015f\u00fck bir oranda olmaktad\u0131r. Ara\u00e7lar\u0131n dinamik yap\u0131lar\u0131, teknik \u00f6zellik ve donan\u0131mlar\u0131 gibi etkenler de sisteme d\u00e2hil edildi\u011finde km ba\u015f\u0131na d\u00fc\u015fen maliyet analizinde yakla\u015f\u0131k olarak 1\/3 oran\u0131nda elektrik motorlu ara\u00e7lar\u0131n daha az enerji t\u00fcketimine sahip oldu\u011fu g\u00f6r\u00fclmektedir. Ayr\u0131ca elektrikli ara\u00e7lar\u0131n bak\u0131m maliyetlerinin i\u00e7ten yanmal\u0131 motorlara g\u00f6re \u00e7ok daha az olmas\u0131, i\u015fletme maliyetini d\u00fc\u015f\u00fcrmektedir. T\u00fcm bu etkenler g\u00f6z \u00f6n\u00fcne al\u0131nd\u0131\u011f\u0131nda \u00f6n\u00fcm\u00fczdeki y\u0131llarda i\u00e7ten yanmal\u0131 motora sahip ara\u00e7lar\u0131n yerini elektrikli ara\u00e7lara b\u0131rakmas\u0131 beklenmektedir. B\u00fcy\u00fck otomobil \u00fcreticilerinin piyasaya s\u00fcrmeye ba\u015flad\u0131klar\u0131 elektrikli ve hibrit ara\u00e7lar sekt\u00f6r\u00fcn bu y\u00f6ne y\u00f6nlendi\u011fini g\u00f6stermektedir. Elektrikli ara\u00e7lar\u0131n yayg\u0131nla\u015fmas\u0131 ile toplam enerji kullan\u0131m\u0131 d\u00fc\u015fecektir ancak bunlar\u0131n yak\u0131t t\u00fcketimi yerine elektrik t\u00fcketmesi mevcut elektrik t\u00fcketimine ek olarak belirli bir art\u0131\u015fa sebep olacakt\u0131r. Mevcut tahmin analizlerinden elde edilen sonu\u00e7lara elektrikli ara\u00e7lar\u0131n ortalama elektrik t\u00fcketimi eklenildi\u011finde meydana gelen art\u0131\u015f, ara\u00e7lar\u0131n genellikle ak\u015fam ve gece saatlerinde \u015farj edilece\u011fi de d\u00fc\u015f\u00fcn\u00fcld\u00fc\u011f\u00fcnde, puant saatleri \u00fczerinde ciddi bir enerji talep art\u0131\u015f\u0131na sebep olacakt\u0131r. Puant saatlerinde kurulu g\u00fcc\u00fcn yetersiz kalmas\u0131 \u00fclke d\u0131\u015f\u0131ndan elektrik temin edilmesine sebep olacak b\u00f6ylece yurt d\u0131\u015f\u0131na olan ba\u011f\u0131ml\u0131l\u0131\u011f\u0131m\u0131z\u0131n artmas\u0131 s\u00f6z konusu olabilecektir.<\/p>\n<p>\u015eekil 4\u2019de verilen grafikte tahmini veriler ile hesaplanan, gelecekteki t\u00fcketim miktarlar\u0131 elektrikli ara\u00e7lar\u0131n da \u015febekeye olacak etkileri eklenerek haz\u0131rlanm\u0131\u015ft\u0131r.<\/p>\n<p style=\"text-align: center;\"><img loading=\"lazy\" class=\"size-medium wp-image-80228 alignnone\" src=\"https:\/\/www.enerjigazetesi.ist\/wp-content\/uploads\/2018\/10\/\u015fekil4-300x251.png\" alt=\"\" width=\"300\" height=\"251\" srcset=\"https:\/\/www.enerjigazetesi.ist\/wp-content\/uploads\/2018\/10\/\u015fekil4-300x251.png 300w, https:\/\/www.enerjigazetesi.ist\/wp-content\/uploads\/2018\/10\/\u015fekil4-60x50.png 60w, https:\/\/www.enerjigazetesi.ist\/wp-content\/uploads\/2018\/10\/\u015fekil4.png 356w\" sizes=\"(max-width: 300px) 100vw, 300px\" \/><\/p>\n<p>\u015eekil 5\u2019de yer alan gelecekteki olmas\u0131 beklenen ara\u00e7 say\u0131s\u0131 2040 y\u0131l\u0131nda yakla\u015f\u0131k 46.500.000 adet olmaktad\u0131r. Olduk\u00e7a y\u00fcksek olan bu say\u0131 i\u00e7ten yanmal\u0131 motora sahip ara\u00e7lar\u0131n kullan\u0131lmas\u0131 ile y\u00fcksek miktarda petrol t\u00fcketimine sebep olacakt\u0131r.<\/p>\n<p><img loading=\"lazy\" class=\"size-medium wp-image-80230 aligncenter\" src=\"https:\/\/www.enerjigazetesi.ist\/wp-content\/uploads\/2018\/10\/\u015fekil5-300x196.png\" alt=\"\" width=\"300\" height=\"196\" srcset=\"https:\/\/www.enerjigazetesi.ist\/wp-content\/uploads\/2018\/10\/\u015fekil5-300x196.png 300w, https:\/\/www.enerjigazetesi.ist\/wp-content\/uploads\/2018\/10\/\u015fekil5-77x50.png 77w, https:\/\/www.enerjigazetesi.ist\/wp-content\/uploads\/2018\/10\/\u015fekil5.png 311w\" sizes=\"(max-width: 300px) 100vw, 300px\" \/><\/p>\n<p>Elektrikli ara\u00e7lar\u0131n kullan\u0131ma ge\u00e7ilmesi ilerleyen y\u0131llarda beklenen enerji art\u0131\u015f h\u0131z\u0131n\u0131 ivmelendirmektedir. Bunun sebebi elektrik t\u00fcketimi art\u0131\u015f\u0131na etki eden n\u00fcfus ve sanayile\u015fme gibi etkenlerin d\u0131\u015f\u0131nda ula\u015f\u0131m etkeninin de eklenmesidir. Bunu \u015eekil 4\u2019 de a\u00e7\u0131k\u00e7a g\u00f6rebilmekteyiz.<\/p>\n<p>Elektrikli otomobiller hayat\u0131m\u0131zda yer almayacak olsayd\u0131 beklenen enerji art\u0131\u015f miktar\u0131 \u015eekil 6\u2019daki gibi olacakt\u0131. Her iki grafik birbiri ile kar\u015f\u0131la\u015ft\u0131r\u0131l\u0131rsa aras\u0131nda olu\u015fan fark a\u00e7\u0131k\u00e7a g\u00f6r\u00fclebilmektedir.<\/p>\n<p><strong>3.B\u00d6L\u00dcM- 2015\/2040 Planlanan Enerji<\/strong><\/p>\n<p>T\u00fcm geli\u015fmekte olan \u00fclkeler de oldu\u011fu gibi T\u00fcrkiye\u2019de de her ge\u00e7en g\u00fcn elektrik enerjisi ihtiyac\u0131 artmaktad\u0131r. Yap\u0131lan hesaplamalar da %1\u2019lik elektrik enerjisi kullan\u0131m\u0131ndaki art\u0131\u015f\u0131n yakla\u015f\u0131k olarak %0,35 ekonomik b\u00fcy\u00fcmeyi art\u0131rd\u0131\u011f\u0131 g\u00f6r\u00fclmektedir.<\/p>\n<p>\u00dcretilen enerjinin b\u00fcy\u00fck bir k\u0131sm\u0131 sanayilerde kullan\u0131lmaktad\u0131r. Elektrik enerjisi t\u00fcketiminin artmas\u0131 sanayi i\u015flemlerinin artmas\u0131 ve dolay\u0131s\u0131 ile GSY\u0130H art\u0131\u015f\u0131 \u00fczerinde olumlu bir etki g\u00f6stermektedir.<\/p>\n<p>D\u00fcnya geneline bak\u0131ld\u0131\u011f\u0131nda da sanayile\u015fmenin art\u0131\u015f\u0131 ile kullan\u0131lan elektrik enerjisi art\u0131\u015f\u0131n\u0131n ayn\u0131 oranda artt\u0131\u011f\u0131n\u0131n g\u00f6r\u00fclmesi de bunu destekler niteliktedir. Buna \u00f6rnek olarak \u00c7in\u2019de elektrik enerjisi t\u00fcketimini incelersek 2017 y\u0131l\u0131nda toplam %6,6 artan elektrik enerjisi t\u00fcketiminin %5,5\u2019i sanayi de kullan\u0131lan elektrik enerjisi t\u00fcketimi olarak g\u00f6r\u00fclmektedir.<\/p>\n<p>\u00dclkemizde artmakta olan sanayi ve geli\u015fmi\u015flik d\u00fczeyleri de g\u00f6z \u00f6n\u00fcne al\u0131nd\u0131\u011f\u0131nda ge\u00e7mi\u015f veriler ile k\u00fc\u00e7\u00fck kareler y\u00f6ntemi hesaplamas\u0131 sonucunda 2015-2040 y\u0131llar\u0131 aras\u0131ndaki elektrik enerjisi t\u00fcketimi \u015fekil 6\u2019daki gibi \u00f6n g\u00f6r\u00fclmektedir.<\/p>\n<p style=\"text-align: center;\"><img loading=\"lazy\" class=\"size-full wp-image-80231 aligncenter\" src=\"https:\/\/www.enerjigazetesi.ist\/wp-content\/uploads\/2018\/10\/\u015fekil6.png\" alt=\"\" width=\"295\" height=\"224\" srcset=\"https:\/\/www.enerjigazetesi.ist\/wp-content\/uploads\/2018\/10\/\u015fekil6.png 295w, https:\/\/www.enerjigazetesi.ist\/wp-content\/uploads\/2018\/10\/\u015fekil6-66x50.png 66w\" sizes=\"(max-width: 295px) 100vw, 295px\" \/><\/p>\n<p>\u0130lerleyen y\u0131llar i\u00e7in de elektrikli ara\u00e7lar\u0131n piyasada \u00e7o\u011falmas\u0131 s\u00f6z konusu oldu\u011fu i\u00e7in bu ara\u00e7lar\u0131n \u015farj\u0131 i\u00e7in de \u015febeke \u00fczerinde d\u00fc\u015fen y\u00fck miktar\u0131nda art\u0131\u015f meydana gelecektir. Bunu da tahmin verilerine eklersek sonu\u00e7 grafikteki gibi olmaktad\u0131r.<\/p>\n<p style=\"text-align: center;\"><img loading=\"lazy\" class=\"size-medium wp-image-80234 aligncenter\" src=\"https:\/\/www.enerjigazetesi.ist\/wp-content\/uploads\/2018\/10\/\u015fekil7-300x252.png\" alt=\"\" width=\"300\" height=\"252\" srcset=\"https:\/\/www.enerjigazetesi.ist\/wp-content\/uploads\/2018\/10\/\u015fekil7-300x252.png 300w, https:\/\/www.enerjigazetesi.ist\/wp-content\/uploads\/2018\/10\/\u015fekil7-60x50.png 60w, https:\/\/www.enerjigazetesi.ist\/wp-content\/uploads\/2018\/10\/\u015fekil7.png 305w\" sizes=\"(max-width: 300px) 100vw, 300px\" \/><\/p>\n<p>\u015eekil 7\u2019de turuncu ile g\u00f6sterilen \u00e7izgi elektrikli ara\u00e7lar\u0131n kullan\u0131ma ge\u00e7mesiyle beklenen t\u00fcketim art\u0131\u015f\u0131n\u0131, mavi kesikli \u00e7izgi ise normal \u015fartlarda beklenen art\u0131\u015f\u0131 g\u00f6stermektedir.<\/p>\n<p><strong>4.B\u00d6L\u00dcM-\u00a0 T\u00fcrkiye\u2019de Petrol T\u00fcketimi<\/strong><\/p>\n<p>\u00dclkemizde ula\u015f\u0131m i\u00e7in y\u00fcksek miktarda petrol t\u00fcketilmekte ayr\u0131ca artan n\u00fcfus ve ki\u015fi ba\u015f\u0131na d\u00fc\u015fen ara\u00e7 say\u0131s\u0131yla birlikte bu ihtiya\u00e7 katlanarak artmaktad\u0131r. Bunun sonucunda g\u00fcn\u00fcm\u00fczde ortalama g\u00fcnl\u00fck 601.000 varil petrol t\u00fcketilmektedir. Grafiksel olarak gelecek y\u0131llar i\u00e7in t\u00fcketim analizi yap\u0131l\u0131rsa -\u015eekil 8\u2019de de g\u00f6r\u00fclece\u011fi \u00fczere- 500.000.000 ton gibi ciddi miktarlara ula\u015faca\u011f\u0131 \u00f6ng\u00f6r\u00fclmektedir.<\/p>\n<p>T\u00fcm bu petrol talebine kar\u015f\u0131l\u0131k gezegenimizde bulunan mevcut petrol rezervlerindeki azal\u0131\u015f sebebi ile zorunlu olarak yakla\u015f\u0131k 40 y\u0131l i\u00e7inde tamamen elektrikli ara\u00e7lara ge\u00e7ilmesi gerekecektir.<\/p>\n<p style=\"text-align: center;\"><img loading=\"lazy\" class=\"size-medium wp-image-80236 alignnone\" src=\"https:\/\/www.enerjigazetesi.ist\/wp-content\/uploads\/2018\/10\/\u015fekil8-300x209.png\" alt=\"\" width=\"300\" height=\"209\" srcset=\"https:\/\/www.enerjigazetesi.ist\/wp-content\/uploads\/2018\/10\/\u015fekil8-300x209.png 300w, https:\/\/www.enerjigazetesi.ist\/wp-content\/uploads\/2018\/10\/\u015fekil8-72x50.png 72w, https:\/\/www.enerjigazetesi.ist\/wp-content\/uploads\/2018\/10\/\u015fekil8.png 304w\" sizes=\"(max-width: 300px) 100vw, 300px\" \/><\/p>\n<p>Tahmin hesaplamalar\u0131na g\u00f6re yap\u0131lan bu petrol t\u00fcketimi kcal t\u00fcr\u00fcnden hesaplan\u0131p elektrik enerjisi t\u00fcr\u00fcne \u00e7evrildi\u011finde bulunan sonu\u00e7 petrol ile \u00e7al\u0131\u015fan ara\u00e7lar\u0131n elektrik enerjisi ile \u00e7al\u0131\u015fmas\u0131 halinde gereken enerjinin \u00fc\u00e7 kat\u0131 daha fazla \u00e7\u0131kacakt\u0131r. Elektrikli ara\u00e7lara ge\u00e7ilmesi ile de toplam enerji harcanma miktar\u0131 a\u00e7\u0131s\u0131ndan da tasarruf olu\u015faca\u011f\u0131 g\u00f6r\u00fclmektedir.<\/p>\n<p>T\u00fcm bunlar\u0131n yan\u0131nda elektrikli ara\u00e7lar\u0131n do\u011fada b\u0131rakt\u0131klar\u0131 karbon miktar\u0131 da daha az oldu\u011fu i\u00e7in di\u011fer ara\u00e7lara g\u00f6re olduk\u00e7a do\u011fa dostudur.<\/p>\n<p><strong>5.B\u00d6L\u00dcM- ELEKTR\u0130\u011e\u0130N CAR\u0130 A\u00c7I\u011eA ETK\u0130S\u0130<\/strong><\/p>\n<p>End\u00fcstri devrimi ile T\u00fcrkiye\u2019de 1980 y\u0131l\u0131ndan sonra \u00f6nemli bir enerji talebi art\u0131\u015f\u0131 meydana gelmi\u015ftir. \u00dclkelerin enerji t\u00fcketimindeki art\u0131\u015f\u0131 ile ekonomik olarak geli\u015fmi\u015flikleri aras\u0131nda bir ba\u011f oldu\u011fu bilinmektedir ancak enerji t\u00fcketimi sebebi ile olu\u015fan cari a\u00e7\u0131k konusu fazla g\u00fcndeme gelmemektedir.<\/p>\n<p>\u00dclkemizde her y\u0131l artmakta olan enerji t\u00fcketimi maalesef cari a\u00e7\u0131ktaki art\u0131\u015f\u0131 da beraberinde getirmektedir.<\/p>\n<p>\u00dclkemiz yenilenebilir enerji kaynaklar\u0131 a\u00e7\u0131s\u0131ndan y\u00fcksek bir potansiyele sahip olmas\u0131na ra\u011fmen bu potansiyelin %15\u2019inden yararlanmaktad\u0131r. Bu oran da yakla\u015f\u0131k olarak 35.692,4 MW enerjiye denk gelmektedir. \u00dclkemizde bulunan yenilenebilir enerjiden %100\u00a0yararlan\u0131lmas\u0131 durumunda yakla\u015f\u0131k olarak 238.000 MW\u2019l\u0131k enerji ihtiyac\u0131m\u0131z\u0131 kar\u015f\u0131layacakt\u0131r. Bunun sa\u011flanmas\u0131 durumunda elektrik enerjisi \u00fcretmek i\u00e7in herhangi bir hammadde ihtiyac\u0131 olmayaca\u011f\u0131 i\u00e7in \u00fclke d\u0131\u015f\u0131na para \u00e7\u0131k\u0131\u015f\u0131 bir miktar \u00f6nlenmi\u015f olacak ve cari a\u00e7\u0131\u011f\u0131n kapat\u0131lmas\u0131na pozitif bir etki olu\u015fturacakt\u0131r. Ancak bu yeterli bir seviyede de\u011fildir.<img loading=\"lazy\" class=\"size-medium wp-image-80238 aligncenter\" src=\"https:\/\/www.enerjigazetesi.ist\/wp-content\/uploads\/2018\/10\/\u015fekil9-246x300.png\" alt=\"\" width=\"246\" height=\"300\" srcset=\"https:\/\/www.enerjigazetesi.ist\/wp-content\/uploads\/2018\/10\/\u015fekil9-246x300.png 246w, https:\/\/www.enerjigazetesi.ist\/wp-content\/uploads\/2018\/10\/\u015fekil9-41x50.png 41w, https:\/\/www.enerjigazetesi.ist\/wp-content\/uploads\/2018\/10\/\u015fekil9.png 289w\" sizes=\"(max-width: 246px) 100vw, 246px\" \/><\/p>\n<p>\u015eekil 9\u2019da belirtildi\u011fi gibi g\u00fcn\u00fcm\u00fczde \u00fcretilen enerjinin b\u00fcy\u00fck bir k\u0131sm\u0131 ithal kaynaklardan elde edilmektedir. Bu enerjinin b\u00fcy\u00fck bir k\u0131sm\u0131 fosil kaynaklar kullan\u0131larak elde edilmektedir. Enerji ihtiyac\u0131m\u0131z\u0131 tamamen kar\u015f\u0131layabilmek amac\u0131 yerli kaynaklar\u0131n kullan\u0131m\u0131 ile \u00fcretim yapacak santrallere yat\u0131r\u0131m yap\u0131lmal\u0131. Yap\u0131lacak yat\u0131r\u0131mlar yerli kaynak ile \u00fcretim yapmas\u0131n\u0131n yan\u0131 s\u0131ra, verimlilik ve \u00e7evre i\u00e7in de en uygun enerji santrali t\u00fcr\u00fc se\u00e7ilmelidir.<\/p>\n<p style=\"text-align: center;\"><img loading=\"lazy\" class=\"size-medium wp-image-80241 aligncenter\" src=\"https:\/\/www.enerjigazetesi.ist\/wp-content\/uploads\/2018\/10\/\u015fekil10-300x112.png\" alt=\"\" width=\"300\" height=\"112\" srcset=\"https:\/\/www.enerjigazetesi.ist\/wp-content\/uploads\/2018\/10\/\u015fekil10-300x112.png 300w, https:\/\/www.enerjigazetesi.ist\/wp-content\/uploads\/2018\/10\/\u015fekil10-80x30.png 80w, https:\/\/www.enerjigazetesi.ist\/wp-content\/uploads\/2018\/10\/\u015fekil10.png 322w\" sizes=\"(max-width: 300px) 100vw, 300px\" \/><\/p>\n<p>\u015eekil 10\u2019da g\u00f6r\u00fcld\u00fc\u011f\u00fc gibi \u00e7evreye zarar\u0131n\u0131n da di\u011fer kaynaklara g\u00f6re \u00e7ok az olmas\u0131, sadece olas\u0131 bir kaza durumunda y\u00fcksek zarar vermesi a\u00e7\u0131s\u0131ndan bir\u00e7ok geli\u015fmi\u015f \u00fclkede enerji ihtiyac\u0131n\u0131n \u00e7o\u011funlu\u011funu n\u00fckleer santraller ile kar\u015f\u0131lamaktad\u0131r.<\/p>\n<p>\u00dclkemizde her ne kadar yenilenebilir enerji kayna\u011f\u0131 potansiyeli y\u00fcksek olsa da ihtiyac\u0131m\u0131z\u0131 kar\u015f\u0131lamaya yetersiz kalaca\u011f\u0131 i\u00e7in \u00e7evreye zarar\u0131 en az ve verimi y\u00fcksek olan n\u00fckleer santraller tercih edilmeli ve bu do\u011frultuda yat\u0131r\u0131mlar yap\u0131lmal\u0131d\u0131r.<\/p>\n<p>N\u00fckleer enerjinin \u00e7evreci olu\u015funu ise Greenpeace\u2019in yay\u0131nlad\u0131\u011f\u0131 N\u00fckleer Enerji \u0130\u00e7in \u00c7evreciler(Nuclear Energy for Enviromental) adl\u0131 kitab\u0131ndaki bu ifadelerden g\u00f6rebilmekteyiz:<\/p>\n<ul>\n<li>N\u00fckleer enerji etkin olarak fosil yak\u0131tlar\u0131n yerine ge\u00e7ecek ve k\u00fcresel ihtiyac\u0131 kar\u015f\u0131layacak, sera gaz\u0131 sal\u0131n\u0131m\u0131 olmayan yeg\u00e2ne enerji kayna\u011f\u0131d\u0131r. s:23<\/li>\n<li>Ben ki\u015fisel olarak insanlar\u0131n n\u00fckleer silahlar\u0131n barbarl\u0131\u011f\u0131n\u0131 reddederek, n\u00fckleer enerjinin faydalar\u0131n\u0131 kabul edecek kadar ak\u0131ll\u0131 oldu\u011funa inan\u0131yorum. s:47<\/li>\n<li>Bug\u00fcn n\u00fckleer enerjinin \u00e7evresel a\u00e7\u0131dan di\u011fer yayg\u0131n olarak kullan\u0131lan enerji \u015fekilleri ile kar\u015f\u0131la\u015ft\u0131r\u0131ld\u0131\u011f\u0131nda m\u00fckemmel avantajlar\u0131 oldu\u011funu, halen toplumsal bilin\u00e7alt\u0131na derin olarak yerle\u015fmi\u015f \u00f6nyarg\u0131l\u0131 fikirlerin aksine, a\u00e7\u0131klamak i\u00e7in bu kitab\u0131 kesinlikle yazmak zorunda oldu\u011fumu hissettim. s:48<\/li>\n<li>Halk atom bombas\u0131 ile elektrik \u00fcreten n\u00fckleer enerji santralini a\u00e7\u0131k\u00e7a ay\u0131rt edememektedir. s:47<\/li>\n<\/ul>\n<p>\u00dclkemiz enerji a\u00e7\u0131s\u0131ndan d\u0131\u015fa ba\u011f\u0131ml\u0131l\u0131\u011f\u0131n\u0131 azaltmak ve cari a\u00e7\u0131k seviyesini azaltmak i\u00e7in kendi elektri\u011fini tamamen kar\u015f\u0131layabilecek seviyeye gelmelidir.<\/p>\n<p>Madenler a\u00e7\u0131s\u0131ndan zengin olan \u00fclkemizde d\u00fcnya rezervinin b\u00fcy\u00fck bir k\u0131sm\u0131\u00a0\u00fclkemizde yer almaktad\u0131r. Uranyum rezervi \u00e7ok fazla olmamas\u0131na ra\u011fmen toryum a\u00e7\u0131s\u0131ndan \u00a0\u00a0(744.000 RAR Ton (%14)) en fazla rezerve sahip olan \u00fclkelerden biri konumunday\u0131z.<\/p>\n<p>Mevcut toryumu ve uranyumu kullanarak enerji \u00fcretimi yapt\u0131\u011f\u0131m\u0131z zaman \u00fclke ekonomisine ciddi katk\u0131 sa\u011flayaca\u011f\u0131 g\u00f6r\u00fclmektedir. \u00dclkemizde ki\u015fi ba\u015f\u0131na t\u00fcketilen enerji miktar\u0131 geli\u015fmi\u015f \u00fclkelerdeki ki\u015fi ba\u015f\u0131na d\u00fc\u015fen enerji miktar\u0131n\u0131n yakla\u015f\u0131k 1\/3\u2019\u00fc kadard\u0131r. \u00dclkemizdeki ki\u015fi ba\u015f\u0131 t\u00fcketim bu miktarlara ula\u015ft\u0131\u011f\u0131nda \u00fcretimimizi n\u00fckleer enerji santralleri ile yapmam\u0131z d\u0131\u015f \u00fclkelere ba\u011f\u0131ms\u0131zl\u0131\u011f\u0131m\u0131z\u0131 azaltacakt\u0131r.<\/p>\n<p>Bunun yan\u0131 s\u0131ra elektrikli otomobillere ge\u00e7ilmesi ile azalacak olan petrol ihtiyac\u0131 da cari a\u00e7\u0131\u011f\u0131n belirli bir seviyede azalt\u0131lmas\u0131n\u0131 sa\u011flayacakken kendi elektri\u011fimizi yeterli miktarda kar\u015f\u0131layabilmemiz durumunda ise etkin bir \u015fekilde d\u0131\u015fa ba\u011f\u0131ml\u0131l\u0131\u011f\u0131m\u0131z, cari a\u00e7\u0131k seviyemiz d\u00fc\u015fecek b\u00f6ylece ekonomimizin g\u00fc\u00e7lenmesi sa\u011flanacakt\u0131r. Olumsuz durumlar\u0131 \u00f6nlemek i\u00e7in yap\u0131labilecek \u00f6neri bir sonraki b\u00f6l\u00fcmde detayl\u0131 olarak anlat\u0131lm\u0131\u015ft\u0131r.<\/p>\n<p><strong>6.B\u00d6L\u00dcM -ELEKTR\u0130KL\u0130 ARA\u00c7LARIN KULLANILMASI \u0130LE ARTAN TALEBE Y\u00d6NEL\u0130K OLASI \u00c7\u00d6Z\u00dcM Y\u00d6NTEM\u0130<\/strong><\/p>\n<p>\u00dclkemizde elektrik ihtiyac\u0131 \u00e7o\u011funlukla kar\u015f\u0131lanabilir duruma gelmi\u015ftir ancak puant saatlerinde \u00fcretilen elektrik enerjisi t\u00fcketileni kar\u015f\u0131lamaya yetersiz olabilmektedir.<\/p>\n<p>Elektrikli ara\u00e7lar\u0131n art\u0131\u015f\u0131 ile sisteme eklenecek olan y\u00fck miktar\u0131n\u0131 dengede tutmak i\u00e7in \u015farj zamanlar\u0131n\u0131n puant saatleri d\u0131\u015f\u0131nda tutulmas\u0131 enerji ihtiyac\u0131m\u0131z\u0131 d\u0131\u015far\u0131ya ba\u011f\u0131ml\u0131 olmaktan kurtaracakt\u0131r. Ancak bu ara\u00e7lar\u0131n daha \u00e7ok g\u00fcnd\u00fcz\u00a0saatlerinde kullan\u0131lacak olmas\u0131 bunu m\u00fcmk\u00fcn k\u0131lmayacakt\u0131r.<\/p>\n<p>\u015eebekeden \u015farj i\u00e7in \u00e7ekilecek enerjiyi puant saatleri d\u0131\u015f\u0131nda tutmak i\u00e7in \u015fu \u015fekilde bir y\u00f6ntem izlenebilir;<\/p>\n<p>Yap\u0131lacak olan ara\u00e7 \u015farj istasyonlar\u0131 kendileri i\u00e7in yeterli bir miktardaki bataryay\u0131 puant saatleri d\u0131\u015f\u0131nda \u015farj ederek g\u00fcnd\u00fcz \u015farj edilecek ara\u00e7lar\u0131 da bu birimden \u015farj etmek sureti ile (powerbank mant\u0131\u011f\u0131) \u00fclke ekonomisine b\u00fcy\u00fck katk\u0131 sa\u011flayabilirler.<\/p>\n<p>Bir benzin istasyonunda g\u00fcnl\u00fck ortalama 8 ton akaryak\u0131t sat\u0131ld\u0131\u011f\u0131 d\u00fc\u015f\u00fcn\u00fcl\u00fcrse, gerekli enerji d\u00f6n\u00fc\u015f\u00fcmleri yap\u0131ld\u0131\u011f\u0131nda \u015farj i\u00e7in yakla\u015f\u0131k olarak 25565 kWh elektrik enerjisi ihtiyac\u0131 ortaya \u00e7\u0131kacakt\u0131r. Bunun yar\u0131s\u0131n\u0131n puant saatlerinde harcanaca\u011f\u0131 d\u00fc\u015f\u00fcn\u00fcl\u00fcrse 12782 kWh puant saatlerinde t\u00fcketilmesi beklenen enerji olmaktad\u0131r. Bu de\u011ferlere uygun bir depolama \u00fcnitesi kullan\u0131m\u0131 ile i\u015fletme maliyeti d\u00fc\u015f\u00fcr\u00fclebilir. Bu \u015fekildeki bir sistem sayesinde \u015febeke \u00fczerindeki y\u00fck miktar\u0131 da artmayaca\u011f\u0131 i\u00e7in cari a\u00e7\u0131\u011f\u0131n azalt\u0131lmas\u0131na olduk\u00e7a etkili olacakt\u0131r.<\/p>\n<p>Bu \u015fekildeki olas\u0131 bir \u00e7\u00f6z\u00fcm y\u00f6ntemi puant saatlerinde talebi kar\u015f\u0131lamak i\u00e7in olas\u0131 yurt d\u0131\u015f\u0131 ba\u011f\u0131ms\u0131zl\u0131\u011f\u0131n\u0131n \u00f6n\u00fcne ge\u00e7erek kendi enerjimizi kendimizin kullanabilmesine olanak sa\u011flayacakt\u0131r. Bu sistem kullan\u0131l\u0131rken \u015farj istasyonlar\u0131n\u0131n kendi bataryalar\u0131n\u0131 da puant saatleri d\u0131\u015f\u0131nda \u015farj etmeleri kendileri i\u00e7in d\u00fc\u015f\u00fck maliyet ile ticaret yapmalar\u0131n\u0131 sa\u011flayaca\u011f\u0131 gibi t\u00fcketiciye de daha ekonomik bir imk\u00e2n sunulmas\u0131 s\u00f6z konusu olacakt\u0131r.<\/p>\n<p>\u015eekil 10\u2019da bir g\u00fcnl\u00fck enerji t\u00fcketimini saatlik olarak g\u00f6rmekteyiz. Burada g\u00f6r\u00fcld\u00fc\u011f\u00fc \u00fczere elektrik t\u00fcketimi genellikle ak\u015fam saatleri artmaktad\u0131r. Puant saatleri ise her ay de\u011fi\u015febilmekle birlikte genellikle saat 17.00-23.00 aral\u0131\u011f\u0131nda olmaktad\u0131r. Bunun sebebi insanlar\u0131n ya\u015fam tarzlar\u0131, i\u015ften \u00e7\u0131k\u0131\u015f\u00a0saatleri gibi nedenlere ba\u011fl\u0131 de\u011fi\u015fmektedir. Bu saatlerde enerji ihtiyac\u0131n\u0131 tam olarak kar\u015f\u0131lamak zor bir hal ald\u0131\u011f\u0131 i\u00e7in \u00fccret olarak fazla bir fiyattan sat\u0131lmaktad\u0131r. Bu da o saatlerde enerji t\u00fcketiminin artmas\u0131n\u0131n ki\u015filere fazladan maliyet olarak yans\u0131mas\u0131 anlam\u0131na gelmektedir.<\/p>\n<p>Yukar\u0131da belirtildi\u011fi gibi ara\u00e7lar\u0131n en \u00e7ok \u015farj edilmesi m\u00fcmk\u00fcn olan bu saatler d\u0131\u015f\u0131nda \u015farj edilmesi bu sorunlar\u0131 \u00f6nleyebilecek nitelikte oldu\u011funu g\u00f6stermektedir.<\/p>\n<p><strong>Ertu\u011frul KOYUNCU <\/strong>&#8211; Elektrik \u2013 Elektronik M\u00fchendisi<\/p>\n<p><strong>Umur ORU\u00c7\u00d6Z <\/strong>&#8211;\u00a0D\u00fczce \u00dcniversitesi M\u00fchendislik Fak\u00fcltesi &#8211;\u00a0Elektrik Elektronik M\u00fchendisli\u011fi \u00d6\u011fr.<\/p>\n<p style=\"text-align: center;\"><img loading=\"lazy\" class=\"size-medium wp-image-80243 aligncenter\" src=\"https:\/\/www.enerjigazetesi.ist\/wp-content\/uploads\/2018\/10\/\u015fekil11-300x192.png\" alt=\"\" width=\"300\" height=\"192\" srcset=\"https:\/\/www.enerjigazetesi.ist\/wp-content\/uploads\/2018\/10\/\u015fekil11-300x192.png 300w, https:\/\/www.enerjigazetesi.ist\/wp-content\/uploads\/2018\/10\/\u015fekil11-78x50.png 78w, https:\/\/www.enerjigazetesi.ist\/wp-content\/uploads\/2018\/10\/\u015fekil11.png 357w\" sizes=\"(max-width: 300px) 100vw, 300px\" \/><\/p>\n<p><strong>Kaynak\u00e7a<\/strong><\/p>\n<p>1-N\u00dcKLEER ENERJ\u0130 VE S\u0130NOP RAPORU, T.C. KUZEY ANADOLU KALKINMA AJANSI<\/p>\n<p>2-T\u00dcRK\u0130YE\u2019DE ELEKTR\u0130K ENERJ\u0130S\u0130, ERDAL TANAS KARAG\u00d6L-MEHMET RIDA T\u00dcR<\/p>\n<p>3-T\u00dcRK\u0130YE\u2019DE ELEKTR\u0130K ENERJ\u0130S\u0130 KURULU G\u00dcC\u00dc, TE\u0130A\u015e<\/p>\n<p>4-ENERJ\u0130 \u00dcRET\u0130M SANTRALLER\u0130 MAL\u0130YET ANAL\u0130Z\u0130, KAD\u0130R KAYA-ERDEM KO\u00c7<\/p>\n<p>5-T\u00dcRK\u0130YE\u2019N\u0130N ENERJ\u0130 \u0130HT\u0130YACINA YEN\u0130 \u00c7\u00d6Z\u00dcM:TORYUM, ekolist.net<\/p>\n<p>6-YEN\u0130 ENERJ\u0130 KAYNAKLARI, ZEHRA YUMURTACI<\/p>\n<p>7-URANYUM VE TORYUM, www.enerji.gov.tr<\/p>\n<p>8-T\u00dcRK\u0130YE YEN\u0130LENEB\u0130L\u0130R ENERJ\u0130 POTANS\u0130YEL\u0130, www.yenienerji.info<\/p>\n<p>9-T\u00dcRK\u0130YE ENERJ\u0130 POTANS\u0130YEL\u0130 VE YATIRIM-\u00dcRET\u0130M MAL\u0130YET ANAL\u0130Z\u0130, ERDEM KO\u00c7-MAHMUT CAN \u015eENEL<\/p>\n<p>10-ENERJ\u0130 VE TAB\u0130\u0130 KAYNAKLAR BAKANLI\u011eI-K\u00d6M\u00dcR, www.energi.gov.tr<\/p>\n<p>11-T\u00dcRK\u0130YE\u2019DE NE KADAR K\u00d6M\u00dcR \u00dcRET\u0130L\u0130YOR, \u0130THAL ED\u0130L\u0130YOR, NERELERDE KULLANILIYOR?, www.iklimhaber.org<\/p>\n<p>12-T\u00dcRK\u0130YE ELEKTR\u0130K \u00dcRET\u0130M\u0130N\u0130N TAR\u0130H\u00c7ES\u0130, www.emo.org.tr<\/p>\n<p>13-T\u00dcRK\u0130YE ELEKTR\u0130K ENERJ\u0130S\u0130 \u0130STAT\u0130ST\u0130KLER\u0130, www.emo.org.tr<\/p>\n<p>14-T\u00dcRK\u0130YE\u2019DE ENERJ\u0130 T\u00dcKET\u0130M\u0130, EKONOM\u0130K B\u00dcY\u00dcME VE CAR\u0130 A\u00c7IK \u0130L\u0130\u015eK\u0130S\u0130, R\u00dcSTEM YANAR-G\u00dcLDEM KER\u0130MO\u011eLU<\/p>\n<p>15-T\u00dcRK\u0130YE\u2019DE ENERJ\u0130 T\u00dcKET\u0130M\u0130 VE CAR\u0130 A\u00c7I\u011eIN EKONOM\u0130K B\u00dcY\u00dcME \u00dcZER\u0130NE<\/p>\n<p>ETK\u0130S\u0130, RAB\u0130A EFEO\u011eLU-CEREN PEHL\u0130VAN<\/p>\n<p>16-T\u00fcrkiye&#8217;de ka\u00e7 tane elektrikli ara\u00e7 sat\u0131ld\u0131? \u2013 otomobil.haber7.com<\/p>\n<p>17-YAKITLARIN ISIL DE\u011eERLER\u0130, www.kar-el.com.tr<\/p>\n<p>18-T\u00dcRK\u0130YE PETROL REZERVLER\u0130, PETROL \u00dcRET\u0130M\u0130 VE T\u00dcKET\u0130M\u0130, www.ekodialog.com<\/p>\n<p>19-T\u00dcRK\u0130YE AKARYAKIT T\u00dcKET\u0130M\u0130, www.enerjiatlasi.com<\/p>\n<p>20-T\u00dcRK\u0130YE N\u00dcFUSU, www.nufusu.com<\/p>","protected":false},"excerpt":{"rendered":"<p>Sorry, this entry is only available in Turkish. For the sake of viewer convenience, the content is shown below in the alternative language. You may click the link to switch the active language.\u00d6ZET G\u00fcn\u00fcm\u00fczde elektrik enerjisi hayat\u0131m\u0131z\u0131n vazge\u00e7ilemez bir par\u00e7as\u0131 haline gelmi\u015ftir. Her ge\u00e7en y\u0131l artan elektrik ihtiyac\u0131n\u0131 irdeledi\u011fimizde katlanarak artan bir elektrik talebi oldu\u011fu [&hellip;]<\/p>\n","protected":false},"author":6,"featured_media":80247,"comment_status":"open","ping_status":"open","sticky":false,"template":"","format":"standard","meta":[],"categories":[51,53,157],"tags":[32885,34979,19638,26353,215,1270,67,1009,40029,40027,40028,40030],"views":2849,"_links":{"self":[{"href":"https:\/\/www.enerjigazetesi.ist\/en\/wp-json\/wp\/v2\/posts\/80225"}],"collection":[{"href":"https:\/\/www.enerjigazetesi.ist\/en\/wp-json\/wp\/v2\/posts"}],"about":[{"href":"https:\/\/www.enerjigazetesi.ist\/en\/wp-json\/wp\/v2\/types\/post"}],"author":[{"embeddable":true,"href":"https:\/\/www.enerjigazetesi.ist\/en\/wp-json\/wp\/v2\/users\/6"}],"replies":[{"embeddable":true,"href":"https:\/\/www.enerjigazetesi.ist\/en\/wp-json\/wp\/v2\/comments?post=80225"}],"version-history":[{"count":7,"href":"https:\/\/www.enerjigazetesi.ist\/en\/wp-json\/wp\/v2\/posts\/80225\/revisions"}],"predecessor-version":[{"id":80253,"href":"https:\/\/www.enerjigazetesi.ist\/en\/wp-json\/wp\/v2\/posts\/80225\/revisions\/80253"}],"wp:featuredmedia":[{"embeddable":true,"href":"https:\/\/www.enerjigazetesi.ist\/en\/wp-json\/wp\/v2\/media\/80247"}],"wp:attachment":[{"href":"https:\/\/www.enerjigazetesi.ist\/en\/wp-json\/wp\/v2\/media?parent=80225"}],"wp:term":[{"taxonomy":"category","embeddable":true,"href":"https:\/\/www.enerjigazetesi.ist\/en\/wp-json\/wp\/v2\/categories?post=80225"},{"taxonomy":"post_tag","embeddable":true,"href":"https:\/\/www.enerjigazetesi.ist\/en\/wp-json\/wp\/v2\/tags?post=80225"}],"curies":[{"name":"wp","href":"https:\/\/api.w.org\/{rel}","templated":true}]}}