{"id":8021,"date":"2013-03-09T22:47:04","date_gmt":"2013-03-09T19:47:04","guid":{"rendered":"https:\/\/www.enerjigazetesi.ist\/?p=8021"},"modified":"2013-03-09T22:49:31","modified_gmt":"2013-03-09T19:49:31","slug":"enerji-hanim-denizlide","status":"publish","type":"post","link":"https:\/\/www.enerjigazetesi.ist\/en\/enerji-hanim-denizlide\/","title":{"rendered":"(Turkish) &#8221;Enerji Han\u0131m&#8221; Denizli&#8217;de!"},"content":{"rendered":"<p class=\"qtranxs-available-languages-message qtranxs-available-languages-message-en\">Sorry, this entry is only available in <a href=\"https:\/\/www.enerjigazetesi.ist\/tr\/wp-json\/wp\/v2\/posts\/8021\" class=\"qtranxs-available-language-link qtranxs-available-language-link-tr\" title=\"Turkish\">Turkish<\/a>. For the sake of viewer convenience, the content is shown below in the alternative language. You may click the link to switch the active language.<\/p><p><\/p>\n<h2>Enerji Verimlili\u011fi (ENVER) Derne\u011fi Genel Ba\u015fkan\u0131 \u0130brahim \u00c7a\u011flar, enerji verimlili\u011findeki birinci hedeflerinin kad\u0131nlar oldu\u011funu belirterek, kad\u0131nlar\u0131 evin ekonomisti olarak de\u011ferlendirdiklerini s\u00f6yledi.<\/h2>\n<p>Enerji Verimlili\u011fi (ENVER) Derne\u011fi Genel Ba\u015fkan\u0131 \u0130brahim \u00c7a\u011flar, enerji verimlili\u011findeki birinci hedeflerinin kad\u0131nlar oldu\u011funu belirterek, kad\u0131nlar\u0131 evin ekonomisti olarak de\u011ferlendirdiklerini s\u00f6yledi.<\/p>\n<p>\u00c7a\u011flar, Enerji ve Tabii Kaynaklar Bakanl\u0131\u011f\u0131, Aile ve Sosyal Politikalar Bakanl\u0131\u011f\u0131 ve Enerji Verimlili\u011fi Derne\u011fi i\u015fbirli\u011fi ile ger\u00e7ekle\u015ftirilen &#8220;Enerji Han\u0131m&#8221; e\u011fitim projesinin a\u00e7\u0131l\u0131\u015f\u0131nda yapt\u0131\u011f\u0131 konu\u015fmada, T\u00fcrkiye&#8217;nin enerji t\u00fcketiminin her ge\u00e7en g\u00fcn artt\u0131\u011f\u0131n\u0131, bu noktada enerji verimlili\u011finin \u00f6nemli oldu\u011funu belirtti.<\/p>\n<p>Daha az enerji kullanarak ayn\u0131 miktardaki i\u015fi yapabilmenin \u00f6nemine dikkat \u00e7eken \u00c7a\u011flar, \u015f\u00f6yle konu\u015ftu:<\/p>\n<p><img loading=\"lazy\" class=\"alignright size-medium wp-image-8022\" title=\"ibrahim-caglar-enverder\" src=\"https:\/\/www.enerjigazetesi.ist\/wp-content\/uploads\/2013\/03\/ibrahim-caglar-enverder-300x200.jpg\" alt=\"\" width=\"300\" height=\"200\" srcset=\"https:\/\/www.enerjigazetesi.ist\/wp-content\/uploads\/2013\/03\/ibrahim-caglar-enverder-300x200.jpg 300w, https:\/\/www.enerjigazetesi.ist\/wp-content\/uploads\/2013\/03\/ibrahim-caglar-enverder-75x50.jpg 75w, https:\/\/www.enerjigazetesi.ist\/wp-content\/uploads\/2013\/03\/ibrahim-caglar-enverder.jpg 360w\" sizes=\"(max-width: 300px) 100vw, 300px\" \/>&#8220;Enerji verimlili\u011findeki birinci hedef, kad\u0131nlar\u0131m\u0131z. \u00c7\u00fcnk\u00fc kad\u0131nlar\u0131m\u0131z\u0131, evin ekonomisti olarak de\u011ferlendiriyoruz. Bu kampanya kapsam\u0131nda \u00f6nce bir anket \u00e7al\u0131\u015fmas\u0131 yapt\u0131k. Enerji verimlili\u011fi konusunda 20 ilde, 2 bin 929 kad\u0131na ula\u015ft\u0131k. Evlerde kullan\u0131lan elektrikli ev aletlerinin bilin\u00e7li kullan\u0131l\u0131p kullan\u0131lmad\u0131\u011f\u0131n\u0131 sorduk. Sonras\u0131nda Ankara&#8217;da 5 fakl\u0131 il\u00e7ede 5 farkl\u0131 haneye birer \u00f6l\u00e7\u00fcm cihaz\u0131 takt\u0131k. Her hanedeki elektrikli ev aletlerine enerji monit\u00f6r\u00fc yerle\u015ftirerek, evde t\u00fcketilen toplam enerji miktar\u0131 ile aletlerin anl\u0131k t\u00fcketimlerini veri bankas\u0131na y\u00fckledik. Sonu\u00e7ta hanelerin Enerji Han\u0131m projesindeki bilin\u00e7lendirme \u00e7al\u0131\u015fmalar\u0131ndan \u00f6nceki ve sonraki t\u00fcketim al\u0131\u015fkanl\u0131klar\u0131n\u0131 detayl\u0131 olarak raporlad\u0131k. \u00c7\u0131kan sonu\u00e7 neticesinde ocak ay\u0131ndan ba\u015flayarak Enerji Han\u0131m e\u011fitim projemizi ba\u015flatma karar\u0131 ald\u0131k. Haziran ay\u0131na kadar 20 ilde bu e\u011fitimleri vermeyi programlad\u0131k.&#8221;<\/p>\n<p>\u0130lkini Kayseri&#8217;de yapt\u0131klar\u0131 bu e\u011fitim programlar\u0131n\u0131n ikincisini Denizli&#8217;de ger\u00e7ekle\u015ftirdiklerini dile getiren \u00c7a\u011flar, projede arzu edilen neticenin al\u0131nmas\u0131 durumunda y\u0131ll\u0131k 4 milyar dolarl\u0131k tasarruf sa\u011flanm\u0131\u015f olaca\u011f\u0131n\u0131 anlatt\u0131.<\/p>\n<p>&#8220;Enerji Han\u0131m&#8221; karakteri olarak tiyatro ve sinema oyuncusu S\u00fceda \u00c7il ise programa kat\u0131lan kad\u0131nlara, evlerde enerjinin nas\u0131l daha verimli kullan\u0131labilece\u011fi konular\u0131nda bilgi verdi.<\/p>\n<p>EGS Park Kongre ve K\u00fclt\u00fcr Merkezi&#8217;nde ger\u00e7ekle\u015ftirilen programa Denizli Valisi Abd\u00fclkadir Demir, AK Parti Denizli Milletvekilleri Nihat Zeybekci, Mehmet Y\u00fcksel ve Bilal U\u00e7ar, ENVER Derne\u011fi y\u00f6netim kurulu \u00fcyeleri, sivil toplum \u00f6rg\u00fct\u00fc temsilcileri, aileler, \u00f6\u011fretmenler ve \u00f6\u011frenciler kat\u0131ld\u0131.<\/p>\n<p>Toplant\u0131n\u0131n sonunda, enerji verimlili\u011fi konusunda okullar aras\u0131nda yap\u0131lan resim, kompozisyon ve proje yar\u0131\u015fmas\u0131nda dereceye giren \u00f6\u011frencilere \u00f6d\u00fclleri verildi. Ayr\u0131ca, projeye kat\u0131lanlar aras\u0131nda yap\u0131lan \u00e7ekili\u015fle buzdolab\u0131, \u00e7ama\u015f\u0131r makinesi gibi elektrikli ev aletleri verildi.<\/p>\n<p>Kaynak: <a href=\"http:\/\/www.haberler.com\/enerji-hanim-denizli-de-4409386-haberi\/\" target=\"_blank\">Haberler<\/a><\/p>","protected":false},"excerpt":{"rendered":"<p>Sorry, this entry is only available in Turkish. For the sake of viewer convenience, the content is shown below in the alternative language. You may click the link to switch the active language. Enerji Verimlili\u011fi (ENVER) Derne\u011fi Genel Ba\u015fkan\u0131 \u0130brahim \u00c7a\u011flar, enerji verimlili\u011findeki birinci hedeflerinin kad\u0131nlar oldu\u011funu belirterek, kad\u0131nlar\u0131 evin ekonomisti olarak de\u011ferlendirdiklerini s\u00f6yledi. Enerji [&hellip;]<\/p>\n","protected":false},"author":1,"featured_media":8022,"comment_status":"open","ping_status":"open","sticky":false,"template":"","format":"standard","meta":[],"categories":[53,52],"tags":[67,1530,103,148,12,1525,1526,2825,133],"views":1232,"_links":{"self":[{"href":"https:\/\/www.enerjigazetesi.ist\/en\/wp-json\/wp\/v2\/posts\/8021"}],"collection":[{"href":"https:\/\/www.enerjigazetesi.ist\/en\/wp-json\/wp\/v2\/posts"}],"about":[{"href":"https:\/\/www.enerjigazetesi.ist\/en\/wp-json\/wp\/v2\/types\/post"}],"author":[{"embeddable":true,"href":"https:\/\/www.enerjigazetesi.ist\/en\/wp-json\/wp\/v2\/users\/1"}],"replies":[{"embeddable":true,"href":"https:\/\/www.enerjigazetesi.ist\/en\/wp-json\/wp\/v2\/comments?post=8021"}],"version-history":[{"count":4,"href":"https:\/\/www.enerjigazetesi.ist\/en\/wp-json\/wp\/v2\/posts\/8021\/revisions"}],"predecessor-version":[{"id":8024,"href":"https:\/\/www.enerjigazetesi.ist\/en\/wp-json\/wp\/v2\/posts\/8021\/revisions\/8024"}],"wp:featuredmedia":[{"embeddable":true,"href":"https:\/\/www.enerjigazetesi.ist\/en\/wp-json\/wp\/v2\/media\/8022"}],"wp:attachment":[{"href":"https:\/\/www.enerjigazetesi.ist\/en\/wp-json\/wp\/v2\/media?parent=8021"}],"wp:term":[{"taxonomy":"category","embeddable":true,"href":"https:\/\/www.enerjigazetesi.ist\/en\/wp-json\/wp\/v2\/categories?post=8021"},{"taxonomy":"post_tag","embeddable":true,"href":"https:\/\/www.enerjigazetesi.ist\/en\/wp-json\/wp\/v2\/tags?post=8021"}],"curies":[{"name":"wp","href":"https:\/\/api.w.org\/{rel}","templated":true}]}}