{"id":80179,"date":"2018-10-10T11:24:24","date_gmt":"2018-10-10T08:24:24","guid":{"rendered":"https:\/\/www.enerjigazetesi.ist\/?p=80179"},"modified":"2018-10-10T11:24:24","modified_gmt":"2018-10-10T08:24:24","slug":"turkiyenin-ilk-elektrikli-itfaiye-araci-2020-yilinda-gorucuye-cikiyor","status":"publish","type":"post","link":"https:\/\/www.enerjigazetesi.ist\/en\/turkiyenin-ilk-elektrikli-itfaiye-araci-2020-yilinda-gorucuye-cikiyor\/","title":{"rendered":"(Turkish) T\u00fcrkiye&#8217;nin \u0130lk Elektrikli \u0130tfaiye Arac\u0131 2020 Y\u0131l\u0131nda G\u00f6r\u00fcc\u00fcye \u00c7\u0131k\u0131yor&#8230;"},"content":{"rendered":"<p class=\"qtranxs-available-languages-message qtranxs-available-languages-message-en\">Sorry, this entry is only available in <a href=\"https:\/\/www.enerjigazetesi.ist\/tr\/wp-json\/wp\/v2\/posts\/80179\" class=\"qtranxs-available-language-link qtranxs-available-language-link-tr\" title=\"Turkish\">Turkish<\/a>. For the sake of viewer convenience, the content is shown below in the alternative language. You may click the link to switch the active language.<\/p><p><\/p>\n<div id=\"wrapper\">\n<div id=\"main\">\n<section id=\"haber4\"><\/section>\n<section id=\"haber5\">\n<div class=\"container\">\n<p><strong>Havaalanlar\u0131ndan rafinerilere kadar \u00e7ok farkl\u0131 alanlarda hizmet verecek \u00f6zelliklere sahip itfaiye ara\u00e7lar\u0131n\u0131 \u00fcretimi yaparak 40 \u00fclkeye satan Volkan \u0130tfaiye&#8217;nin Y\u00f6netim Kurulu Ba\u015fkan\u0131 \u0130sa Tecim, bug\u00fcnlerde \u00fclkenin ilk elektrikli itfaiye arac\u0131n\u0131 geli\u015ftirmenin heyecan\u0131n\u0131 ya\u015f\u0131yor.<\/strong><\/p>\n<div id=\"wrapper\">\n<div id=\"main\">\n<section id=\"haber4\"><\/section>\n<section id=\"haber5\">\n<div class=\"container\">\n<p><img loading=\"lazy\" class=\"alignleft size-medium wp-image-80180\" src=\"https:\/\/www.enerjigazetesi.ist\/wp-content\/uploads\/2018\/10\/turkiyenin-ilk-elektrikli-itfaiye-araci-2020-yilinda-gorucuye-cikiyor-300x168.jpg\" alt=\"\" width=\"300\" height=\"168\" srcset=\"https:\/\/www.enerjigazetesi.ist\/wp-content\/uploads\/2018\/10\/turkiyenin-ilk-elektrikli-itfaiye-araci-2020-yilinda-gorucuye-cikiyor-300x168.jpg 300w, https:\/\/www.enerjigazetesi.ist\/wp-content\/uploads\/2018\/10\/turkiyenin-ilk-elektrikli-itfaiye-araci-2020-yilinda-gorucuye-cikiyor-500x280.jpg 500w, https:\/\/www.enerjigazetesi.ist\/wp-content\/uploads\/2018\/10\/turkiyenin-ilk-elektrikli-itfaiye-araci-2020-yilinda-gorucuye-cikiyor-80x45.jpg 80w, https:\/\/www.enerjigazetesi.ist\/wp-content\/uploads\/2018\/10\/turkiyenin-ilk-elektrikli-itfaiye-araci-2020-yilinda-gorucuye-cikiyor.jpg 640w\" sizes=\"(max-width: 300px) 100vw, 300px\" \/>D\u00fcnyan\u0131n \u00f6nde gelen \u00fcreticileri aras\u0131nda yer alan Volkan \u0130tfaiye, ilk yerli elektrikli itfaiye arac\u0131n\u0131 g\u00f6r\u00fcc\u00fcye \u00e7\u0131karma haz\u0131rl\u0131klar\u0131na devam etmektedir.<\/p>\n<div id=\"wrapper\">\n<div id=\"main\">\n<section id=\"haber4\"><\/section>\n<section id=\"haber5\">\n<div class=\"container\">\n<p>En son havaalanlar\u0131 i\u00e7in yerli \u015fasiyle 8&#215;8 \u00e7ift motorlu itfaiye arac\u0131 geli\u015ftiren firma, T\u00fcrkiye&#8217;nin yan\u0131 s\u0131ra Endonezya ve Arnavutluk&#8217;daki havaalanlar\u0131na sat\u0131\u015f yapt\u0131. Firma, Hindistan, Malezya, Fas ve Tayland&#8217;daki havaalanlar\u0131 i\u00e7in ise sat\u0131\u015f g\u00f6r\u00fc\u015fmelerini de s\u00fcrd\u00fcrmektedir.<\/p>\n<p>\u015eirketin \u0130zmir&#8217;in Torbal\u0131 il\u00e7esindeki fabrikas\u0131nda bir yandan \u0130stanbul Yeni Havaalan\u0131 i\u00e7in u\u00e7ak s\u00f6nd\u00fcrme ara\u00e7lar\u0131 yeti\u015ftirilmeye \u00e7al\u0131\u015f\u0131l\u0131rken di\u011fer taraftan ise tamamen yerli elektrikli itfaiye arac\u0131yla ilgili Ar-Ge \u00e7al\u0131\u015fmalar\u0131 da s\u00fcrmektedir.<\/p>\n<\/div>\n<\/section>\n<\/div>\n<\/div>\n<\/div>\n<\/section>\n<\/div>\n<\/div>\n<\/div>\n<\/section>\n<\/div>\n<\/div>\n<p><\/p>","protected":false},"excerpt":{"rendered":"<p>Sorry, this entry is only available in Turkish. For the sake of viewer convenience, the content is shown below in the alternative language. You may click the link to switch the active language. Havaalanlar\u0131ndan rafinerilere kadar \u00e7ok farkl\u0131 alanlarda hizmet verecek \u00f6zelliklere sahip itfaiye ara\u00e7lar\u0131n\u0131 \u00fcretimi yaparak 40 \u00fclkeye satan Volkan \u0130tfaiye&#8217;nin Y\u00f6netim Kurulu Ba\u015fkan\u0131 [&hellip;]<\/p>\n","protected":false},"author":1,"featured_media":80180,"comment_status":"open","ping_status":"open","sticky":false,"template":"","format":"standard","meta":[],"categories":[51,53,157],"tags":[215,39998,1270,67,1009,39999],"views":939,"_links":{"self":[{"href":"https:\/\/www.enerjigazetesi.ist\/en\/wp-json\/wp\/v2\/posts\/80179"}],"collection":[{"href":"https:\/\/www.enerjigazetesi.ist\/en\/wp-json\/wp\/v2\/posts"}],"about":[{"href":"https:\/\/www.enerjigazetesi.ist\/en\/wp-json\/wp\/v2\/types\/post"}],"author":[{"embeddable":true,"href":"https:\/\/www.enerjigazetesi.ist\/en\/wp-json\/wp\/v2\/users\/1"}],"replies":[{"embeddable":true,"href":"https:\/\/www.enerjigazetesi.ist\/en\/wp-json\/wp\/v2\/comments?post=80179"}],"version-history":[{"count":1,"href":"https:\/\/www.enerjigazetesi.ist\/en\/wp-json\/wp\/v2\/posts\/80179\/revisions"}],"predecessor-version":[{"id":80181,"href":"https:\/\/www.enerjigazetesi.ist\/en\/wp-json\/wp\/v2\/posts\/80179\/revisions\/80181"}],"wp:featuredmedia":[{"embeddable":true,"href":"https:\/\/www.enerjigazetesi.ist\/en\/wp-json\/wp\/v2\/media\/80180"}],"wp:attachment":[{"href":"https:\/\/www.enerjigazetesi.ist\/en\/wp-json\/wp\/v2\/media?parent=80179"}],"wp:term":[{"taxonomy":"category","embeddable":true,"href":"https:\/\/www.enerjigazetesi.ist\/en\/wp-json\/wp\/v2\/categories?post=80179"},{"taxonomy":"post_tag","embeddable":true,"href":"https:\/\/www.enerjigazetesi.ist\/en\/wp-json\/wp\/v2\/tags?post=80179"}],"curies":[{"name":"wp","href":"https:\/\/api.w.org\/{rel}","templated":true}]}}