{"id":80170,"date":"2018-10-10T10:30:40","date_gmt":"2018-10-10T07:30:40","guid":{"rendered":"https:\/\/www.enerjigazetesi.ist\/?p=80170"},"modified":"2018-10-10T10:30:40","modified_gmt":"2018-10-10T07:30:40","slug":"tusiad-turkiye-enerji-zirvesinde-ozel-bir-oturum-duzenledi","status":"publish","type":"post","link":"https:\/\/www.enerjigazetesi.ist\/en\/tusiad-turkiye-enerji-zirvesinde-ozel-bir-oturum-duzenledi\/","title":{"rendered":"(Turkish) T\u00dcS\u0130AD T\u00fcrkiye Enerji Zirvesi\u2019nde \u00f6zel bir oturum d\u00fczenledi!"},"content":{"rendered":"<p class=\"qtranxs-available-languages-message qtranxs-available-languages-message-en\">Sorry, this entry is only available in <a href=\"https:\/\/www.enerjigazetesi.ist\/tr\/wp-json\/wp\/v2\/posts\/80170\" class=\"qtranxs-available-language-link qtranxs-available-language-link-tr\" title=\"Turkish\">Turkish<\/a>. For the sake of viewer convenience, the content is shown below in the alternative language. You may click the link to switch the active language.<\/p><p><strong>T\u00fcrk sanayici ve \u0130\u015f \u0130nsanlar\u0131 Derne\u011fi (T\u00dcS\u0130AD), T\u00fcrkiye Enerji Zirvesi\u2019nde, &#8220;S\u00fcrd\u00fcr\u00fclebilir Gelecek i\u00e7in S\u00fcrd\u00fcr\u00fclebilir Enerji&#8221; ba\u015fl\u0131kl\u0131 oturum d\u00fczenledi.<img loading=\"lazy\" class=\"alignright size-medium wp-image-80171\" src=\"https:\/\/www.enerjigazetesi.ist\/wp-content\/uploads\/2018\/10\/t\u00fcsiad-300x169.jpg\" alt=\"\" width=\"300\" height=\"169\" srcset=\"https:\/\/www.enerjigazetesi.ist\/wp-content\/uploads\/2018\/10\/t\u00fcsiad-300x169.jpg 300w, https:\/\/www.enerjigazetesi.ist\/wp-content\/uploads\/2018\/10\/t\u00fcsiad-500x281.jpg 500w, https:\/\/www.enerjigazetesi.ist\/wp-content\/uploads\/2018\/10\/t\u00fcsiad-80x45.jpg 80w, https:\/\/www.enerjigazetesi.ist\/wp-content\/uploads\/2018\/10\/t\u00fcsiad.jpg 590w\" sizes=\"(max-width: 300px) 100vw, 300px\" \/><\/strong><br \/>\nEnerji sekt\u00f6r\u00fcn\u00fcn payda\u015flar\u0131n\u0131n, sekt\u00f6re y\u00f6nelik g\u00fcncel geli\u015fmeleri ve i\u015f modellerini de\u011ferlendirdi\u011fi T\u00fcrkiye Enerji Zirvesi\u2019nin dokuzuncusu 8-10 Ekim tarihlerinde Antalya\u2019da d\u00fczenlendi. &#8220;S\u00fcrd\u00fcr\u00fclebilir Gelecek i\u00e7in S\u00fcrd\u00fcr\u00fclebilir Enerji&#8221; ba\u015fl\u0131kl\u0131 T\u00dcS\u0130AD oturumunda elektrik ve do\u011fal gaz sekt\u00f6rlerine ili\u015fkin mevcut durum ele al\u0131nd\u0131.<\/p>\n<p>T\u00dcS\u0130AD Enerji \u00c7al\u0131\u015fma Grubu Ba\u015fkan\u0131 K\u0131van\u00e7 Zaimler\u2019in moderasyonunu \u00fcstlendi\u011fi oturum, T\u00dcS\u0130AD Enerji \u00c7al\u0131\u015fma Grubu Ba\u015fkan Yard\u0131mc\u0131s\u0131 Ark\u0131n Akbay ve T\u00dcS\u0130AD Enerji \u00c7al\u0131\u015fma Grubu \u00dcyeleri Mehmet Acarla, Elif D\u00fc\u015fmez Tek ve Ahmet Tohma&#8217;n\u0131n kat\u0131l\u0131mlar\u0131yla ger\u00e7ekle\u015ftirildi.<\/p>\n<p>T\u00dcS\u0130AD Enerji \u00c7al\u0131\u015fma Grubu Ba\u015fkan\u0131 K\u0131van\u00e7 Zaimler oturumda \u201c\u00d6ng\u00f6r\u00fclebilirli\u011fi daha da g\u00fc\u00e7lendirilmi\u015f ve s\u00fcrd\u00fcr\u00fclebilir enerji piyasalar\u0131n\u0131n hem sekt\u00f6r\u00fcn bug\u00fcn\u00fcn\u00fcn ve mevcut zorluklar\u0131n\u0131n y\u00f6netilmesi, hem de gelecekteki potansiyelin ekonomimize ve t\u00fcm payda\u015flara en y\u00fcksek seviyede de\u011fer katacak \u015fekilde de\u011ferlendirilebilmesi a\u00e7\u0131s\u0131ndan \u00f6nemli oldu\u011funu\u201d belirtti.<\/p>\n<p>Cansu K\u00f6stel &#8211; Enerji Sistemleri M\u00fchendisi &#8211; cansu.kostel@gmail.com<\/p>","protected":false},"excerpt":{"rendered":"<p>Sorry, this entry is only available in Turkish. For the sake of viewer convenience, the content is shown below in the alternative language. You may click the link to switch the active language.T\u00fcrk sanayici ve \u0130\u015f \u0130nsanlar\u0131 Derne\u011fi (T\u00dcS\u0130AD), T\u00fcrkiye Enerji Zirvesi\u2019nde, &#8220;S\u00fcrd\u00fcr\u00fclebilir Gelecek i\u00e7in S\u00fcrd\u00fcr\u00fclebilir Enerji&#8221; ba\u015fl\u0131kl\u0131 oturum d\u00fczenledi. Enerji sekt\u00f6r\u00fcn\u00fcn payda\u015flar\u0131n\u0131n, sekt\u00f6re y\u00f6nelik [&hellip;]<\/p>\n","protected":false},"author":6,"featured_media":80171,"comment_status":"open","ping_status":"open","sticky":false,"template":"","format":"standard","meta":[],"categories":[53],"tags":[39996,5291,68,67,1009,21689,39995,426,1481],"views":845,"_links":{"self":[{"href":"https:\/\/www.enerjigazetesi.ist\/en\/wp-json\/wp\/v2\/posts\/80170"}],"collection":[{"href":"https:\/\/www.enerjigazetesi.ist\/en\/wp-json\/wp\/v2\/posts"}],"about":[{"href":"https:\/\/www.enerjigazetesi.ist\/en\/wp-json\/wp\/v2\/types\/post"}],"author":[{"embeddable":true,"href":"https:\/\/www.enerjigazetesi.ist\/en\/wp-json\/wp\/v2\/users\/6"}],"replies":[{"embeddable":true,"href":"https:\/\/www.enerjigazetesi.ist\/en\/wp-json\/wp\/v2\/comments?post=80170"}],"version-history":[{"count":1,"href":"https:\/\/www.enerjigazetesi.ist\/en\/wp-json\/wp\/v2\/posts\/80170\/revisions"}],"predecessor-version":[{"id":80172,"href":"https:\/\/www.enerjigazetesi.ist\/en\/wp-json\/wp\/v2\/posts\/80170\/revisions\/80172"}],"wp:featuredmedia":[{"embeddable":true,"href":"https:\/\/www.enerjigazetesi.ist\/en\/wp-json\/wp\/v2\/media\/80171"}],"wp:attachment":[{"href":"https:\/\/www.enerjigazetesi.ist\/en\/wp-json\/wp\/v2\/media?parent=80170"}],"wp:term":[{"taxonomy":"category","embeddable":true,"href":"https:\/\/www.enerjigazetesi.ist\/en\/wp-json\/wp\/v2\/categories?post=80170"},{"taxonomy":"post_tag","embeddable":true,"href":"https:\/\/www.enerjigazetesi.ist\/en\/wp-json\/wp\/v2\/tags?post=80170"}],"curies":[{"name":"wp","href":"https:\/\/api.w.org\/{rel}","templated":true}]}}