{"id":80152,"date":"2018-10-09T16:18:43","date_gmt":"2018-10-09T13:18:43","guid":{"rendered":"https:\/\/www.enerjigazetesi.ist\/?p=80152"},"modified":"2018-10-09T16:18:43","modified_gmt":"2018-10-09T13:18:43","slug":"katardan-petrol-aciklamasi-yapildi","status":"publish","type":"post","link":"https:\/\/www.enerjigazetesi.ist\/en\/katardan-petrol-aciklamasi-yapildi\/","title":{"rendered":"(Turkish) Katar\u2019dan Petrol A\u00e7\u0131klamas\u0131 Yap\u0131ld\u0131"},"content":{"rendered":"<p class=\"qtranxs-available-languages-message qtranxs-available-languages-message-en\">Sorry, this entry is only available in <a href=\"https:\/\/www.enerjigazetesi.ist\/tr\/wp-json\/wp\/v2\/posts\/80152\" class=\"qtranxs-available-language-link qtranxs-available-language-link-tr\" title=\"Turkish\">Turkish<\/a>. For the sake of viewer convenience, the content is shown below in the alternative language. You may click the link to switch the active language.<\/p><p><strong>Katar Enerji ve Sanayi Bakan\u0131 Muhammed bin Salih Al Sade, petrol fiyatlar\u0131ndaki y\u00fckseli\u015fin psikolojik etkenler ve jeopolitik de\u011fi\u015fkenlerden kaynakland\u0131\u011f\u0131n\u0131 belirterek, &#8220;Piyasalarda arz-talep dengesi var&#8221; dedi.<\/strong><\/p>\n<p>Muhammed bin Salih Al Sade, Katar resmi haber ajans\u0131 QNA&#8217;ya petrol fiyatlar\u0131ndaki y\u00fckseli\u015fe ili\u015fkin <img loading=\"lazy\" class=\"alignright size-medium wp-image-80153\" src=\"https:\/\/www.enerjigazetesi.ist\/wp-content\/uploads\/2018\/10\/katardan-petrol-aciklamasi-yapildi-300x169.jpg\" alt=\"\" width=\"300\" height=\"169\" srcset=\"https:\/\/www.enerjigazetesi.ist\/wp-content\/uploads\/2018\/10\/katardan-petrol-aciklamasi-yapildi-300x169.jpg 300w, https:\/\/www.enerjigazetesi.ist\/wp-content\/uploads\/2018\/10\/katardan-petrol-aciklamasi-yapildi-500x281.jpg 500w, https:\/\/www.enerjigazetesi.ist\/wp-content\/uploads\/2018\/10\/katardan-petrol-aciklamasi-yapildi-80x45.jpg 80w, https:\/\/www.enerjigazetesi.ist\/wp-content\/uploads\/2018\/10\/katardan-petrol-aciklamasi-yapildi.jpg 558w\" sizes=\"(max-width: 300px) 100vw, 300px\" \/>a\u00e7\u0131klamalarda bulundu.<\/p>\n<p>Piyasalarda \u015fu anda arz ve talep dengesinin oldu\u011funu belirten Sade, \u201cPetrol fiyatlar\u0131ndaki mevcut y\u00fckseli\u015f psikolojik etkenler ve jeopolitik de\u011fi\u015fkenlerden kaynaklan\u0131yor\u201d ifadelerini kulland\u0131.<\/p>\n<p>Sade, petrol \u00fcretiminin azalt\u0131lmas\u0131na ili\u015fkin anla\u015fmay\u0131 imzalayan Petrol \u0130hra\u00e7 Eden \u00dclkeler \u00d6rg\u00fct\u00fc (OPEC) \u00fcyeleri ve ba\u011f\u0131ms\u0131z petrol \u00fcreticilerinin, arz-talep dengesini sa\u011flamak i\u00e7in geli\u015fmeleri takip etti\u011fini belirtti.<\/p>\n<p>Petrol piyasas\u0131n\u0131n bir\u00e7ok geli\u015fmeye sahne oldu\u011funu kaydeden Sade ayr\u0131ca \u201cPetrol tedariki, petrole olan ihtiyac\u0131n artmas\u0131 ile jeopolitik geli\u015fmeler var. T\u00fcm bu geli\u015fmeler Kas\u0131m ay\u0131ndaki OPEC toplant\u0131s\u0131nda g\u00f6z \u00f6n\u00fcne al\u0131nacak. Petrol \u00fcretiminin art\u0131r\u0131lmas\u0131 veya azalt\u0131lmas\u0131na piyasadaki yeni de\u011fi\u015fkenler \u00fczerinden, OPEC&#8217;in yapt\u0131\u011f\u0131 \u00e7al\u0131\u015fma baz al\u0131narak karar verilecektir.\u201d<\/p>\n<p>Cansu K\u00f6stel \u2013 Enerji Sistemleri M\u00fchendisi \u2013 cansu.kostel@gmail.com<\/p>","protected":false},"excerpt":{"rendered":"<p>Sorry, this entry is only available in Turkish. For the sake of viewer convenience, the content is shown below in the alternative language. You may click the link to switch the active language.Katar Enerji ve Sanayi Bakan\u0131 Muhammed bin Salih Al Sade, petrol fiyatlar\u0131ndaki y\u00fckseli\u015fin psikolojik etkenler ve jeopolitik de\u011fi\u015fkenlerden kaynakland\u0131\u011f\u0131n\u0131 belirterek, &#8220;Piyasalarda arz-talep dengesi [&hellip;]<\/p>\n","protected":false},"author":1,"featured_media":80153,"comment_status":"open","ping_status":"open","sticky":false,"template":"","format":"standard","meta":[],"categories":[53,44],"tags":[67,1009,34047,1377,34935,347,2388,6790,34936,1369,39993],"views":711,"_links":{"self":[{"href":"https:\/\/www.enerjigazetesi.ist\/en\/wp-json\/wp\/v2\/posts\/80152"}],"collection":[{"href":"https:\/\/www.enerjigazetesi.ist\/en\/wp-json\/wp\/v2\/posts"}],"about":[{"href":"https:\/\/www.enerjigazetesi.ist\/en\/wp-json\/wp\/v2\/types\/post"}],"author":[{"embeddable":true,"href":"https:\/\/www.enerjigazetesi.ist\/en\/wp-json\/wp\/v2\/users\/1"}],"replies":[{"embeddable":true,"href":"https:\/\/www.enerjigazetesi.ist\/en\/wp-json\/wp\/v2\/comments?post=80152"}],"version-history":[{"count":2,"href":"https:\/\/www.enerjigazetesi.ist\/en\/wp-json\/wp\/v2\/posts\/80152\/revisions"}],"predecessor-version":[{"id":80155,"href":"https:\/\/www.enerjigazetesi.ist\/en\/wp-json\/wp\/v2\/posts\/80152\/revisions\/80155"}],"wp:featuredmedia":[{"embeddable":true,"href":"https:\/\/www.enerjigazetesi.ist\/en\/wp-json\/wp\/v2\/media\/80153"}],"wp:attachment":[{"href":"https:\/\/www.enerjigazetesi.ist\/en\/wp-json\/wp\/v2\/media?parent=80152"}],"wp:term":[{"taxonomy":"category","embeddable":true,"href":"https:\/\/www.enerjigazetesi.ist\/en\/wp-json\/wp\/v2\/categories?post=80152"},{"taxonomy":"post_tag","embeddable":true,"href":"https:\/\/www.enerjigazetesi.ist\/en\/wp-json\/wp\/v2\/tags?post=80152"}],"curies":[{"name":"wp","href":"https:\/\/api.w.org\/{rel}","templated":true}]}}