{"id":80087,"date":"2020-05-14T13:30:39","date_gmt":"2020-05-14T10:30:39","guid":{"rendered":"https:\/\/www.enerjigazetesi.ist\/?p=80087"},"modified":"2020-05-14T13:30:39","modified_gmt":"2020-05-14T10:30:39","slug":"enerji-sektorune-yonelik-yapilan-her-reklam-calismasi-marka-kimligine-yapilan-uzun-vadeli-bir-tanitimdir","status":"publish","type":"post","link":"https:\/\/www.enerjigazetesi.ist\/en\/enerji-sektorune-yonelik-yapilan-her-reklam-calismasi-marka-kimligine-yapilan-uzun-vadeli-bir-tanitimdir\/","title":{"rendered":"(Turkish) Her Tan\u0131t\u0131m \u00c7al\u0131\u015fmas\u0131 Marka Kimli\u011fine Yap\u0131lan Uzun Vadeli Bir Yat\u0131r\u0131md\u0131r!"},"content":{"rendered":"<p class=\"qtranxs-available-languages-message qtranxs-available-languages-message-en\">Sorry, this entry is only available in <a href=\"https:\/\/www.enerjigazetesi.ist\/tr\/wp-json\/wp\/v2\/posts\/80087\" class=\"qtranxs-available-language-link qtranxs-available-language-link-tr\" title=\"Turkish\">Turkish<\/a>. For the sake of viewer convenience, the content is shown below in the alternative language. You may click the link to switch the active language.<\/p><p><\/p>\n<h1>Enerji Sekt\u00f6r\u00fcne Y\u00f6nelik Yap\u0131lan Her Tan\u0131t\u0131m \u00c7al\u0131\u015fmas\u0131 Marka Kimli\u011fine Yap\u0131lan Uzun Vadeli Bir Yat\u0131r\u0131md\u0131r!<\/h1>\n<h2><strong>Dijitalle\u015fen d\u00fcnya ekonomisinde her sekt\u00f6rde oldu\u011fu gibi enerji sekt\u00f6r\u00fcnde de rekabet\u00e7i piyasa ko\u015fullar\u0131 kar\u015f\u0131s\u0131nda firmalar belirlenen y\u0131ll\u0131k b\u00fct\u00e7eler kapsam\u0131nda geleneksel reklam \u00e7al\u0131\u015fmalar\u0131 ve haber yay\u0131nlar\u0131 ile marka bilinirli\u011fini art\u0131rarak sekt\u00f6r\u00fcndeki pastadaki pay\u0131n\u0131 b\u00fcy\u00fct\u00fcp sat\u0131\u015flar\u0131n\u0131 artt\u0131rmaya \u00e7al\u0131\u015fmaktad\u0131rlar.<\/strong><\/h2>\n<p>Markalar ayr\u0131ca <strong>hizmet ve \u00fcr\u00fcnlerinin sat\u0131\u015f\u0131na<\/strong> y\u00f6nelik <strong>sosyal sorunlar\u0131n \u00e7\u00f6z\u00fcmlerine sosyal sorumluluk projeleriyle de <\/strong>sekt\u00f6re\u00a0katk\u0131da bulunarak, hem\u00a0<strong>marka prestijini<\/strong> g\u00fc\u00e7lendirirler hem de t\u00fcketicilerin <strong>marka sadakatini<\/strong> art\u0131r\u0131rlar. B\u00f6ylelikle t\u00fcketicilere sadece <strong>fiziksel \u00fcr\u00fcnler<\/strong>\u00a0 ve <strong><img loading=\"lazy\" class=\"alignright size-medium wp-image-80088\" src=\"https:\/\/www.enerjigazetesi.ist\/wp-content\/uploads\/2018\/10\/enerji-sektorune-yonelik-yapilan-her-reklam-calismasi-marka-kimligine-yapilan-uzun-vadeli-bir-tanitimdir-300x154.jpg\" alt=\"\" width=\"300\" height=\"154\" srcset=\"https:\/\/www.enerjigazetesi.ist\/wp-content\/uploads\/2018\/10\/enerji-sektorune-yonelik-yapilan-her-reklam-calismasi-marka-kimligine-yapilan-uzun-vadeli-bir-tanitimdir-300x154.jpg 300w, https:\/\/www.enerjigazetesi.ist\/wp-content\/uploads\/2018\/10\/enerji-sektorune-yonelik-yapilan-her-reklam-calismasi-marka-kimligine-yapilan-uzun-vadeli-bir-tanitimdir-500x257.jpg 500w, https:\/\/www.enerjigazetesi.ist\/wp-content\/uploads\/2018\/10\/enerji-sektorune-yonelik-yapilan-her-reklam-calismasi-marka-kimligine-yapilan-uzun-vadeli-bir-tanitimdir-80x41.jpg 80w, https:\/\/www.enerjigazetesi.ist\/wp-content\/uploads\/2018\/10\/enerji-sektorune-yonelik-yapilan-her-reklam-calismasi-marka-kimligine-yapilan-uzun-vadeli-bir-tanitimdir.jpg 682w\" sizes=\"(max-width: 300px) 100vw, 300px\" \/>hizmetler<\/strong> sunulmay\u0131p; ayn\u0131 zamanda <strong>duygusal etkenler<\/strong> de g\u00f6z \u00f6n\u00fcne al\u0131narak \u00e7e\u015fitlilik yaratabilmektedir. B\u00f6ylece <em>fark\u0131ndal\u0131k sa\u011flanarak<\/em> <strong>m\u00fc\u015fteri<\/strong> ve <strong>firma<\/strong> aras\u0131nda\u00a0<strong>duygusal bir ba\u011f<\/strong>\u00a0kurulur.<\/p>\n<p><strong>Enerji Gazetesi olarak;<\/strong><em> <span style=\"text-decoration: underline;\">7 y\u0131l\u0131 a\u015fk\u0131n<\/span> s\u00fcredir<\/em> enerji sekt\u00f6r\u00fc payda\u015flar\u0131na y\u00f6nelik<strong> enerji sistemleri m\u00fchendisli\u011fi<\/strong> \u00e7al\u0131\u015fma grubumuz ,\u015fe\u00a0<strong>amaca ve hizmete odakl\u0131 pazarlama stratejisiyle <\/strong><em>enerji sekt\u00f6r\u00fcne odakl\u0131<\/em> tan\u0131t\u0131m \u00e7al\u0131\u015fmalar\u0131n\u0131n<strong> yan\u0131 s\u0131ra sosyal sorumluluk projelerinin <\/strong>desteklenmesi konusunda da<strong>\u00a0sekt\u00f6rdeki firmalara haber b\u00fclteni \u00fcyeli\u011fi ile \u00fccretsiz tan\u0131t\u0131m deste\u011fi sunmaktad\u0131r.<\/strong><\/p>\n<p><strong>Tan\u0131t\u0131m \u00c7al\u0131\u015fmalar\u0131n\u0131n as\u0131l amac\u0131;<\/strong> hedef t\u00fcketicilere <strong>bir \u00fcr\u00fcn veya bir hizmeti<\/strong> duyurusunun yap\u0131larak \u00fcr\u00fcne, markaya ve i\u015fletmeye kar\u015f\u0131 <strong>t\u00fcketicilerde olumlu bir e\u011filim<\/strong> olu\u015fturmas\u0131n\u0131 sa\u011flamas\u0131d\u0131r. Bu e\u011filimi olu\u015fturmak i\u00e7in\u00a0<strong>ekonomik durgunluk d\u00f6nemlerinde<\/strong> ancak <strong>istikrarl\u0131 ve uzun vadeli\u00a0banner reklam yay\u0131n\u0131, haber ve tan\u0131t\u0131m<\/strong> \u00e7al\u0131\u015fmalar\u0131yla etkili sonu\u00e7lar alabilmektedir.<\/p>\n<h2><strong>Unutmayal\u0131m ki Her Tan\u0131t\u0131m \u00c7al\u0131\u015fmas\u0131 Marka Kimli\u011fine Yap\u0131lan Uzun Vadeli Bir Yat\u0131r\u0131md\u0131r&#8230;<\/strong><\/h2>\n<p><strong>Reklam ve Tan\u0131t\u0131m \u00c7al\u0131\u015fmalar\u0131 Detayl\u0131 Bilgi \u0130\u00e7in:<\/strong>\u00a0<a href=\"https:\/\/www.enerjigazetesi.ist\/reklam\/\" target=\"_blank\" rel=\"noopener\">https:\/\/www.enerjigazetesi.ist\/reklam\/ <\/a>adresini ziyaret edebilir,<strong> ileti\u015fim formu<\/strong>muzu doldurabilir. <strong>Gsm destek Whatsapp hatt\u0131ndan<\/strong> bizlere ula\u015fabilir (\u00a0<a href=\"https:\/\/www.enerjigazetesi.ist\/iletisim\/\" target=\"_blank\" rel=\"noopener\">https:\/\/www.enerjigazetesi.ist\/iletisim\/<\/a> )<\/p>\n<p>T\u00fcm Sekt\u00f6r Payda\u015flar\u0131na <strong>Enerjisi Y\u00fcksek, Keyifli ve Ba\u015far\u0131 Dolu Bir \u00c7al\u0131\u015fma G\u00fcn\u00fc<\/strong> Dileklerimizle&#8230;<\/p>","protected":false},"excerpt":{"rendered":"<p>Sorry, this entry is only available in Turkish. For the sake of viewer convenience, the content is shown below in the alternative language. You may click the link to switch the active language. Enerji Sekt\u00f6r\u00fcne Y\u00f6nelik Yap\u0131lan Her Tan\u0131t\u0131m \u00c7al\u0131\u015fmas\u0131 Marka Kimli\u011fine Yap\u0131lan Uzun Vadeli Bir Yat\u0131r\u0131md\u0131r! Dijitalle\u015fen d\u00fcnya ekonomisinde her sekt\u00f6rde oldu\u011fu gibi enerji [&hellip;]<\/p>\n","protected":false},"author":1,"featured_media":80088,"comment_status":"open","ping_status":"open","sticky":false,"template":"","format":"standard","meta":[],"categories":[22893,46,51,53,52,49,47,48,24649,45,43,44,4,50,25033],"tags":[71936,39973,67,39968,39972,39969,1009,39967,39966,39249,71938,39970,39250,39971,15411,71937],"views":1509,"_links":{"self":[{"href":"https:\/\/www.enerjigazetesi.ist\/en\/wp-json\/wp\/v2\/posts\/80087"}],"collection":[{"href":"https:\/\/www.enerjigazetesi.ist\/en\/wp-json\/wp\/v2\/posts"}],"about":[{"href":"https:\/\/www.enerjigazetesi.ist\/en\/wp-json\/wp\/v2\/types\/post"}],"author":[{"embeddable":true,"href":"https:\/\/www.enerjigazetesi.ist\/en\/wp-json\/wp\/v2\/users\/1"}],"replies":[{"embeddable":true,"href":"https:\/\/www.enerjigazetesi.ist\/en\/wp-json\/wp\/v2\/comments?post=80087"}],"version-history":[{"count":4,"href":"https:\/\/www.enerjigazetesi.ist\/en\/wp-json\/wp\/v2\/posts\/80087\/revisions"}],"predecessor-version":[{"id":80092,"href":"https:\/\/www.enerjigazetesi.ist\/en\/wp-json\/wp\/v2\/posts\/80087\/revisions\/80092"}],"wp:featuredmedia":[{"embeddable":true,"href":"https:\/\/www.enerjigazetesi.ist\/en\/wp-json\/wp\/v2\/media\/80088"}],"wp:attachment":[{"href":"https:\/\/www.enerjigazetesi.ist\/en\/wp-json\/wp\/v2\/media?parent=80087"}],"wp:term":[{"taxonomy":"category","embeddable":true,"href":"https:\/\/www.enerjigazetesi.ist\/en\/wp-json\/wp\/v2\/categories?post=80087"},{"taxonomy":"post_tag","embeddable":true,"href":"https:\/\/www.enerjigazetesi.ist\/en\/wp-json\/wp\/v2\/tags?post=80087"}],"curies":[{"name":"wp","href":"https:\/\/api.w.org\/{rel}","templated":true}]}}