{"id":8002,"date":"2013-03-09T15:49:24","date_gmt":"2013-03-09T12:49:24","guid":{"rendered":"https:\/\/www.enerjigazetesi.ist\/?p=8002"},"modified":"2013-03-09T15:49:46","modified_gmt":"2013-03-09T12:49:46","slug":"enerji-verimliligini-arttirdi","status":"publish","type":"post","link":"https:\/\/www.enerjigazetesi.ist\/en\/enerji-verimliligini-arttirdi\/","title":{"rendered":"(Turkish) Enerji Verimlili\u011fini %19 Artt\u0131rd\u0131&#8230;"},"content":{"rendered":"<p class=\"qtranxs-available-languages-message qtranxs-available-languages-message-en\">Sorry, this entry is only available in <a href=\"https:\/\/www.enerjigazetesi.ist\/tr\/wp-json\/wp\/v2\/posts\/8002\" class=\"qtranxs-available-language-link qtranxs-available-language-link-tr\" title=\"Turkish\">Turkish<\/a>. For the sake of viewer convenience, the content is shown below in the alternative language. You may click the link to switch the active language.<\/p><p><strong>D\u00fcnyan\u0131n lider kimya \u015firketi BASF, 2002 y\u0131l\u0131yla kar\u015f\u0131la\u015ft\u0131r\u0131ld\u0131\u011f\u0131nda 2012 y\u0131l\u0131nda sat\u0131lan \u00fcr\u00fcn\u00fcn metrik tonu ba\u015f\u0131na sera gaz\u0131 emisyonlar\u0131n\u0131 %31.7 oran\u0131nda azalt\u0131rken, enerji verimlili\u011fini ise %19.3 artt\u0131rd\u0131. \u0130\u015f kazalar\u0131 da ayn\u0131 d\u00f6nemde %48 oran\u0131nda azalma g\u00f6sterdi. \u00c7evre, sa\u011fl\u0131k ve g\u00fcvenlik konusunda elde edilen ilerleme, BASF&#8217;nin <a href=\"http:\/\/www.basf.com\/group\/news-and-media-relations\/facts_publications\" target=\"_blank\">http:\/\/www.basf.com\/group\/news-and-media-relations\/facts_publications<\/a> adresinde yay\u0131nlanan enteg<img loading=\"lazy\" class=\"alignright size-medium wp-image-8003\" title=\"enerji-verimliligi-19-arttirildi-4405163_2871_o\" src=\"https:\/\/www.enerjigazetesi.ist\/wp-content\/uploads\/2013\/03\/enerji-verimliligi-19-arttirildi-4405163_2871_o-300x197.jpg\" alt=\"\" width=\"300\" height=\"197\" srcset=\"https:\/\/www.enerjigazetesi.ist\/wp-content\/uploads\/2013\/03\/enerji-verimliligi-19-arttirildi-4405163_2871_o-300x197.jpg 300w, https:\/\/www.enerjigazetesi.ist\/wp-content\/uploads\/2013\/03\/enerji-verimliligi-19-arttirildi-4405163_2871_o-75x50.jpg 75w, https:\/\/www.enerjigazetesi.ist\/wp-content\/uploads\/2013\/03\/enerji-verimliligi-19-arttirildi-4405163_2871_o.jpg 500w\" sizes=\"(max-width: 300px) 100vw, 300px\" \/>re raporu i\u00e7erisinde belgelendi.<\/strong><\/p>\n<p>\u00b7 Sat\u0131lan \u00fcr\u00fcn\u00fcn metrik tonu ba\u015f\u0131na sera gaz\u0131 emisyonlar\u0131 %32 azalt\u0131ld\u0131.<\/p>\n<p>\u00b7 Enerji verimlili\u011fi %19 artt\u0131r\u0131ld\u0131.<\/p>\n<p>\u00b7 \u0130\u015f kazalar\u0131 yar\u0131 yar\u0131ya azalt\u0131ld\u0131.<\/p>\n<p>2020 y\u0131l\u0131 i\u00e7in kendisine d\u00fcnya genelini kapsayan yeni hedefler belirleyen BASF, temel al\u0131nan 2002 y\u0131l\u0131yla kar\u015f\u0131la\u015ft\u0131r\u0131ld\u0131\u011f\u0131nda sat\u0131lan \u00fcr\u00fcn\u00fcn metrik tonu ba\u015f\u0131na sera gaz\u0131 emisyonlar\u0131n\u0131 %40 azaltmay\u0131, enerji verimlili\u011fini ise %35 oran\u0131nda artt\u0131rmay\u0131 hedefliyor (petrol ve gaz hari\u00e7). BASF&#8217;nin Yeterlilik Merkezi \u00c7evre, Sa\u011fl\u0131k ve G\u00fcvenlik Ba\u015fkan\u0131 ve \u0130klim Koruma Yetkilisi Dr. Ulrich von Deessen, elde edilen sonu\u00e7lara ili\u015fkin olarak, &#8220;Kimyasal tesislerimiz Avrupa geneliyle kar\u015f\u0131la\u015ft\u0131r\u0131ld\u0131\u011f\u0131nda zaten ortalaman\u0131n \u00fczerinde bir verimlilikle faaliyet g\u00f6sterdi\u011fi i\u00e7in, bu hedeflerin son derece y\u00fcksek hedefler oldu\u011funu s\u00f6yleyebiliriz. Bir b\u00fct\u00fcn olarak, iklim korumas\u0131 konusunda ba\u015far\u0131l\u0131 bir \u015fekilde ilerledi\u011fimiz g\u00f6r\u00fcl\u00fcyor&#8221; dedi.<\/p>\n<p>2012 y\u0131l\u0131nda, emisyonlardaki azalma ve enerji verimlili\u011findeki art\u0131\u015f 2011 y\u0131l\u0131na oranla daha d\u00fc\u015f\u00fck ger\u00e7ekle\u015fti. 2011 y\u0131l\u0131nda, 2002 y\u0131l\u0131yla kar\u015f\u0131la\u015ft\u0131r\u0131ld\u0131\u011f\u0131nda sat\u0131lan \u00fcr\u00fcn\u00fcn metrik tonu ba\u015f\u0131na %34.6 daha az sera gaz\u0131 yayan BASF, enerji verimlili\u011fini ise %25.7 oran\u0131nda iyile\u015ftirildi. 2011 ve 2012 y\u0131llar\u0131 kar\u015f\u0131la\u015ft\u0131r\u0131ld\u0131\u011f\u0131nda g\u00f6r\u00fclen de\u011fi\u015fikliklerin, d\u00fcnya genelinde azalan fabrika kapasitesi kullan\u0131m\u0131 ve bak\u0131m \u00e7al\u0131\u015fmalar\u0131ndan kaynakland\u0131\u011f\u0131 belirtildi.<\/p>\n<p>BASF, t\u00fcm petrol \u00fcretim tesislerinde, ham petrol \u00fcretimiyle ili\u015fkili gazlar\u0131n rutin operasyonlarda s\u00fcrekli olarak yak\u0131lmas\u0131n\u0131 durdurdu. BASF, sadece bu giri\u015fimiyle y\u0131lda yakla\u015f\u0131k 2 milyon metrik ton civar\u0131nda sera gaz\u0131 emisyonunu \u00f6nl\u00fcyor.<\/p>\n<p>Kaynak: <a href=\"http:\/\/www.haberler.com\/enerji-verimliligi-19-arttirildi-4405163-haberi\/\" target=\"_blank\">Haberler<\/a><\/p>","protected":false},"excerpt":{"rendered":"<p>Sorry, this entry is only available in Turkish. For the sake of viewer convenience, the content is shown below in the alternative language. You may click the link to switch the active language.D\u00fcnyan\u0131n lider kimya \u015firketi BASF, 2002 y\u0131l\u0131yla kar\u015f\u0131la\u015ft\u0131r\u0131ld\u0131\u011f\u0131nda 2012 y\u0131l\u0131nda sat\u0131lan \u00fcr\u00fcn\u00fcn metrik tonu ba\u015f\u0131na sera gaz\u0131 emisyonlar\u0131n\u0131 %31.7 oran\u0131nda azalt\u0131rken, enerji verimlili\u011fini [&hellip;]<\/p>\n","protected":false},"author":1,"featured_media":8003,"comment_status":"open","ping_status":"open","sticky":false,"template":"","format":"standard","meta":[],"categories":[53,52],"tags":[3263,2530,3268,67,12,3266,3264,3267,3269,3265,442,133],"views":576,"_links":{"self":[{"href":"https:\/\/www.enerjigazetesi.ist\/en\/wp-json\/wp\/v2\/posts\/8002"}],"collection":[{"href":"https:\/\/www.enerjigazetesi.ist\/en\/wp-json\/wp\/v2\/posts"}],"about":[{"href":"https:\/\/www.enerjigazetesi.ist\/en\/wp-json\/wp\/v2\/types\/post"}],"author":[{"embeddable":true,"href":"https:\/\/www.enerjigazetesi.ist\/en\/wp-json\/wp\/v2\/users\/1"}],"replies":[{"embeddable":true,"href":"https:\/\/www.enerjigazetesi.ist\/en\/wp-json\/wp\/v2\/comments?post=8002"}],"version-history":[{"count":2,"href":"https:\/\/www.enerjigazetesi.ist\/en\/wp-json\/wp\/v2\/posts\/8002\/revisions"}],"predecessor-version":[{"id":8005,"href":"https:\/\/www.enerjigazetesi.ist\/en\/wp-json\/wp\/v2\/posts\/8002\/revisions\/8005"}],"wp:featuredmedia":[{"embeddable":true,"href":"https:\/\/www.enerjigazetesi.ist\/en\/wp-json\/wp\/v2\/media\/8003"}],"wp:attachment":[{"href":"https:\/\/www.enerjigazetesi.ist\/en\/wp-json\/wp\/v2\/media?parent=8002"}],"wp:term":[{"taxonomy":"category","embeddable":true,"href":"https:\/\/www.enerjigazetesi.ist\/en\/wp-json\/wp\/v2\/categories?post=8002"},{"taxonomy":"post_tag","embeddable":true,"href":"https:\/\/www.enerjigazetesi.ist\/en\/wp-json\/wp\/v2\/tags?post=8002"}],"curies":[{"name":"wp","href":"https:\/\/api.w.org\/{rel}","templated":true}]}}