{"id":80000,"date":"2018-10-07T23:32:02","date_gmt":"2018-10-07T20:32:02","guid":{"rendered":"https:\/\/www.enerjigazetesi.ist\/?p=80000"},"modified":"2018-10-07T23:32:02","modified_gmt":"2018-10-07T20:32:02","slug":"akilli-sebekeler-zor-zamanlarda-guclerini-ortaya-cikariyor","status":"publish","type":"post","link":"https:\/\/www.enerjigazetesi.ist\/en\/akilli-sebekeler-zor-zamanlarda-guclerini-ortaya-cikariyor\/","title":{"rendered":"(Turkish) Ak\u0131ll\u0131 \u015eebekeler, Zor Zamanlarda G\u00fc\u00e7lerini Ortaya \u00c7\u0131kar\u0131yor"},"content":{"rendered":"<p class=\"qtranxs-available-languages-message qtranxs-available-languages-message-en\">Sorry, this entry is only available in <a href=\"https:\/\/www.enerjigazetesi.ist\/tr\/wp-json\/wp\/v2\/posts\/80000\" class=\"qtranxs-available-language-link qtranxs-available-language-link-tr\" title=\"Turkish\">Turkish<\/a>. For the sake of viewer convenience, the content is shown below in the alternative language. You may click the link to switch the active language.<\/p><p><strong>Mikro \u015febekeler, a\u011f\u0131r hava kaynakl\u0131 kesintiler s\u0131ras\u0131nda i\u015fletmelerin normal \u015fekilde \u00e7al\u0131\u015fmas\u0131n\u0131 sa\u011flar. Mikro \u015febekeler, ana elektrik \u015febekesinden paralel veya ba\u011f\u0131ms\u0131z olarak \u00e7al\u0131\u015fan birka\u00e7 g\u00fc\u00e7 kayna\u011f\u0131ndan olu\u015fturulan mini ba\u011f\u0131ms\u0131z g\u00fc\u00e7 \u015febekeleridir. G\u00fcn\u00fcm\u00fczde, mikro \u015febekeler taraf\u0131ndan \u00fcretilen k\u00fcresel enerjinin pay\u0131 h\u0131zla artmaktad\u0131r.<\/strong><\/p>\n<p>Tahminlere g\u00f6re 2026 y\u0131l\u0131na kadar, mikro \u015febekeler taraf\u0131ndan sa\u011flanan yeni g\u00fcc\u00fcn yeni merkezi kapasiteye oran\u0131 \u00fc\u00e7te birinden fazla. Bu noktada, donan\u0131m, sistem kontrolleri ve mevcut \u015febeke altyap\u0131s\u0131 <img loading=\"lazy\" class=\"alignleft size-medium wp-image-80001\" src=\"https:\/\/www.enerjigazetesi.ist\/wp-content\/uploads\/2018\/10\/akilli-sebekeler-zor-zamanlarda-guclerini-ortaya-cikariyor-300x132.jpeg\" alt=\"\" width=\"300\" height=\"132\" srcset=\"https:\/\/www.enerjigazetesi.ist\/wp-content\/uploads\/2018\/10\/akilli-sebekeler-zor-zamanlarda-guclerini-ortaya-cikariyor-300x132.jpeg 300w, https:\/\/www.enerjigazetesi.ist\/wp-content\/uploads\/2018\/10\/akilli-sebekeler-zor-zamanlarda-guclerini-ortaya-cikariyor-768x338.jpeg 768w, https:\/\/www.enerjigazetesi.ist\/wp-content\/uploads\/2018\/10\/akilli-sebekeler-zor-zamanlarda-guclerini-ortaya-cikariyor-1024x451.jpeg 1024w, https:\/\/www.enerjigazetesi.ist\/wp-content\/uploads\/2018\/10\/akilli-sebekeler-zor-zamanlarda-guclerini-ortaya-cikariyor-500x220.jpeg 500w, https:\/\/www.enerjigazetesi.ist\/wp-content\/uploads\/2018\/10\/akilli-sebekeler-zor-zamanlarda-guclerini-ortaya-cikariyor-80x35.jpeg 80w, https:\/\/www.enerjigazetesi.ist\/wp-content\/uploads\/2018\/10\/akilli-sebekeler-zor-zamanlarda-guclerini-ortaya-cikariyor.jpeg 1200w\" sizes=\"(max-width: 300px) 100vw, 300px\" \/>ile entegrasyon i\u00e7in k\u00fcresel pazar 26 milyar $ de\u011ferinde olacak. G\u00fc\u00e7 \u015febekesinin a\u011f\u0131r hava \u015fartlar\u0131 kar\u015f\u0131s\u0131nda dayan\u0131kl\u0131 olmas\u0131, ABD\u2019nin mikro \u015febekeleri tercih etmesinde \u00f6nemli rol oynad\u0131.<\/p>\n<p>Elektrik kesintilerinin nedenlerini ve etkilerini ara\u015ft\u0131ran Eaton Blackout Tracker\u2019a g\u00f6re, California ge\u00e7ti\u011fimiz 9 y\u0131l boyunca en fazla say\u0131da elektrik kesintisi ya\u015farken, di\u011fer ABD devletleri de ondan geri kalm\u0131yor. Navigant Ara\u015ft\u0131rma\u2019daki mikro \u015febekelerin y\u00f6neticisi Peter Asmus, \u201cABD\u2019de, son zamanlarda, \u00f6zellikle Do\u011fu Sahili boyunca, Texas, Florida ve Porto Riko\u2019da mikro \u015febekelerin kullan\u0131m\u0131ndaki art\u0131\u015f, a\u011f\u0131r hava \u015fartlar\u0131na ve ilgili elektrik kesintilerine ba\u011fl\u0131\u201d diyor.<\/p>\n<p>Bununla birlikte, mikro \u015febekeler geli\u015fen d\u00fcnyada en b\u00fcy\u00fck etkiyi olu\u015fturuyor. Asya Pasifik, k\u00fcresel mikro \u015febeke g\u00fc\u00e7 kapasitesinin en b\u00fcy\u00fck pay\u0131na, yani yerel pazar\u0131n % 41\u2019ine sahip. B\u00f6lgeyi, Kuzey Amerika (% 31), Orta Do\u011fu ve Afrika (% 14) ve Avrupa (% 8) izlemekte.<\/p>\n<p>G\u00fcne\u015f, r\u00fczgar, do\u011falgaz, dizel ve batarya dahil olmak \u00fczere bir\u00e7ok g\u00fc\u00e7 kayna\u011f\u0131n\u0131n bir araya getirilmesinin yan\u0131 s\u0131ra, yeni \u015febekenin temel inovasyonu, hepsinin birlikte \u00e7al\u0131\u015fmas\u0131n\u0131 sa\u011flayan algoritmad\u0131r. Bu, b\u00fcy\u00fck merkezi bir \u015febekenin s\u00fcresiz ve ba\u011f\u0131ms\u0131z olarak kendini s\u00fcrd\u00fcrebilmesi i\u00e7in alternatif enerji yerel \u015febekesi arac\u0131l\u0131\u011f\u0131yla sabit bir g\u00fc\u00e7 kayna\u011f\u0131 sa\u011flayacakt\u0131r. Uluslararas\u0131 Enerji Ajans\u0131\u2019na g\u00f6re, 2030\u2019a kadar enerjiye evrensel eri\u015fim, yeni g\u00fc\u00e7 ba\u011flant\u0131lar\u0131n\u0131n % 35\u2019inin mikro \u015febekeler taraf\u0131ndan sa\u011flanmas\u0131n\u0131 gerektirecek.<\/p>\n<p>Stone Edge \u00c7iftli\u011fi\u2019nde mikro \u015febeke y\u00f6neticisi olan Craig Wooster, ge\u00e7ti\u011fimiz y\u0131ldan bir ders \u00e7\u0131karacak olursak, Stone Edge \u00c7iftli\u011fi\u2019nin etraf\u0131ndaki orman yang\u0131nlar\u0131n\u0131n \u00f6n\u00fcne ge\u00e7ilmesi, \u015febekenin yerel kontrol sistemindeki dayan\u0131kl\u0131l\u0131\u011f\u0131n\u0131 g\u00f6steriyor, dedi. \u201cAyr\u0131ca bu durum, \u015febekenin baz\u0131 b\u00f6l\u00fcmlerinin ar\u0131zalanmas\u0131 durumunda bile g\u00fcc\u00fcn\u00fc koruyabilece\u011fi anlam\u0131na geliyor\u201d diye de ekledi.<\/p>\n<p>Kaynak:\u00a0Smart Grids Show Their Power in Adversity\u201d, Financial Times<\/p>","protected":false},"excerpt":{"rendered":"<p>Sorry, this entry is only available in Turkish. For the sake of viewer convenience, the content is shown below in the alternative language. You may click the link to switch the active language.Mikro \u015febekeler, a\u011f\u0131r hava kaynakl\u0131 kesintiler s\u0131ras\u0131nda i\u015fletmelerin normal \u015fekilde \u00e7al\u0131\u015fmas\u0131n\u0131 sa\u011flar. Mikro \u015febekeler, ana elektrik \u015febekesinden paralel veya ba\u011f\u0131ms\u0131z olarak \u00e7al\u0131\u015fan birka\u00e7 [&hellip;]<\/p>\n","protected":false},"author":1,"featured_media":80001,"comment_status":"open","ping_status":"open","sticky":false,"template":"","format":"standard","meta":[],"categories":[51,53],"tags":[1603,39924,34979,19638,26353,67,1009,6114,39922,39923,5873,1022],"views":971,"_links":{"self":[{"href":"https:\/\/www.enerjigazetesi.ist\/en\/wp-json\/wp\/v2\/posts\/80000"}],"collection":[{"href":"https:\/\/www.enerjigazetesi.ist\/en\/wp-json\/wp\/v2\/posts"}],"about":[{"href":"https:\/\/www.enerjigazetesi.ist\/en\/wp-json\/wp\/v2\/types\/post"}],"author":[{"embeddable":true,"href":"https:\/\/www.enerjigazetesi.ist\/en\/wp-json\/wp\/v2\/users\/1"}],"replies":[{"embeddable":true,"href":"https:\/\/www.enerjigazetesi.ist\/en\/wp-json\/wp\/v2\/comments?post=80000"}],"version-history":[{"count":1,"href":"https:\/\/www.enerjigazetesi.ist\/en\/wp-json\/wp\/v2\/posts\/80000\/revisions"}],"predecessor-version":[{"id":80002,"href":"https:\/\/www.enerjigazetesi.ist\/en\/wp-json\/wp\/v2\/posts\/80000\/revisions\/80002"}],"wp:featuredmedia":[{"embeddable":true,"href":"https:\/\/www.enerjigazetesi.ist\/en\/wp-json\/wp\/v2\/media\/80001"}],"wp:attachment":[{"href":"https:\/\/www.enerjigazetesi.ist\/en\/wp-json\/wp\/v2\/media?parent=80000"}],"wp:term":[{"taxonomy":"category","embeddable":true,"href":"https:\/\/www.enerjigazetesi.ist\/en\/wp-json\/wp\/v2\/categories?post=80000"},{"taxonomy":"post_tag","embeddable":true,"href":"https:\/\/www.enerjigazetesi.ist\/en\/wp-json\/wp\/v2\/tags?post=80000"}],"curies":[{"name":"wp","href":"https:\/\/api.w.org\/{rel}","templated":true}]}}